{"id":744198,"date":"2026-09-02T15:36:14","date_gmt":"2026-09-02T15:36:14","guid":{"rendered":"https:\/\/www.europesays.com\/es\/744198\/"},"modified":"2026-09-02T15:36:14","modified_gmt":"2026-09-02T15:36:14","slug":"fenadismer-denuncia-que-la-rebaja-fiscal-del-diesel-no-se-traslada-integramente-a-los-precios","status":"publish","type":"post","link":"https:\/\/www.europesays.com\/es\/744198\/","title":{"rendered":"Fenadismer denuncia que la rebaja fiscal del di\u00e9sel no se traslada \u00edntegramente a los precios"},"content":{"rendered":"<p><img decoding=\"async\" class=\"v-ath__i\" loading=\"lazy\" src=\"https:\/\/www.europesays.com\/es\/wp-content\/uploads\/2026\/09\/1788363374_690_autor-5497-foto-3.jpeg\" alt=\"Agencia Europa Press\"\/><\/p>\n<p>02\/09\/2026 a las 14:56h.<\/p>\n<p class=\"v-d-p\" style=\"\">La Federaci\u00f3n Nacional de Asociaciones de Transporte de Espa\u00f1a (Fenadismer), ha denunciado que \u00abla rebaja fiscal aplicada al di\u00e9sel desde el 1 de septiembre no  &#8230; se est\u00e1 trasladando \u00edntegramente al precio final en las estaciones de servicio\u00bb, por lo que ha pedido a la Comisi\u00f3n Nacional de los Mercados y la Competencia (CNMC) que audite las cerca de 12.000 gasolineras existentes en Espa\u00f1a. El secretario general de Fenadismer, Juan Jos\u00e9 Gil, ha se\u00f1alado en declaraciones a Europa Press Televisi\u00f3n que, seg\u00fan los datos oficiales del Ministerio para la Transici\u00f3n Ecol\u00f3gica, \u00abla reducci\u00f3n fiscal deber\u00eda haberse traducido en una bajada de aproximadamente 12 c\u00e9ntimos\u00bb por litro, teniendo en cuenta los 10 c\u00e9ntimos correspondientes al impuesto de hidrocarburos y su efecto proporcional sobre el IVA.<\/p>\n","protected":false},"excerpt":{"rendered":"02\/09\/2026 a las 14:56h. La Federaci\u00f3n Nacional de Asociaciones de Transporte de Espa\u00f1a (Fenadismer), ha denunciado que \u00abla&hellip;\n","protected":false},"author":2,"featured_media":744199,"comment_status":"","ping_status":"","sticky":false,"template":"","format":"standard","meta":{"footnotes":""},"categories":[80],"tags":[82,6775,128302,95,94,25,24,132024,6987,132025,8038,26862,23,13200],"class_list":["post-744198","post","type-post","status-publish","format-standard","has-post-thumbnail","category-economia","tag-business","tag-denuncia","tag-disel","tag-economia","tag-economy","tag-es","tag-espana","tag-fenadismer","tag-fiscal","tag-ntegramente","tag-precios","tag-rebaja","tag-spain","tag-traslada"],"share_on_mastodon":{"url":"https:\/\/pubeurope.com\/@es\/117202190504012349","error":""},"_links":{"self":[{"href":"https:\/\/www.europesays.com\/es\/wp-json\/wp\/v2\/posts\/744198","targetHints":{"allow":["GET"]}}],"collection":[{"href":"https:\/\/www.europesays.com\/es\/wp-json\/wp\/v2\/posts"}],"about":[{"href":"https:\/\/www.europesays.com\/es\/wp-json\/wp\/v2\/types\/post"}],"author":[{"embeddable":true,"href":"https:\/\/www.europesays.com\/es\/wp-json\/wp\/v2\/users\/2"}],"replies":[{"embeddable":true,"href":"https:\/\/www.europesays.com\/es\/wp-json\/wp\/v2\/comments?post=744198"}],"version-history":[{"count":0,"href":"https:\/\/www.europesays.com\/es\/wp-json\/wp\/v2\/posts\/744198\/revisions"}],"wp:featuredmedia":[{"embeddable":true,"href":"https:\/\/www.europesays.com\/es\/wp-json\/wp\/v2\/media\/744199"}],"wp:attachment":[{"href":"https:\/\/www.europesays.com\/es\/wp-json\/wp\/v2\/media?parent=744198"}],"wp:term":[{"taxonomy":"category","embeddable":true,"href":"https:\/\/www.europesays.com\/es\/wp-json\/wp\/v2\/categories?post=744198"},{"taxonomy":"post_tag","embeddable":true,"href":"https:\/\/www.europesays.com\/es\/wp-json\/wp\/v2\/tags?post=744198"}],"curies":[{"name":"wp","href":"https:\/\/api.w.org\/{rel}","templated":true}]}}