{"id":744206,"date":"2026-09-02T15:45:13","date_gmt":"2026-09-02T15:45:13","guid":{"rendered":"https:\/\/www.europesays.com\/es\/744206\/"},"modified":"2026-09-02T15:45:13","modified_gmt":"2026-09-02T15:45:13","slug":"pogacar-abandona-barcelona-tras-obtener-el-alta-hospitalaria","status":"publish","type":"post","link":"https:\/\/www.europesays.com\/es\/744206\/","title":{"rendered":"Pogacar abandona Barcelona tras obtener el alta hospitalaria"},"content":{"rendered":"<p class=\"ft-text\"><strong>Tadej Pogacar<\/strong> acaba de obtener el alta hospitalaria y ya puede proseguir la rehabilitaci\u00f3n desde su casa de M\u00f3naco. Seg\u00fan ha podido saber este diario de fuentes solventes el astro esloveno ya ha dejado el <strong>Hospital Universitario Dexeus<\/strong> donde ingres\u00f3 el domingo de madrugada desde un centro hospitalario de la ciudad valenciana de Gandia.<\/p>\n<p class=\"ft-text\">La principal preocupaci\u00f3n m\u00e9dica es evitar una infecci\u00f3n en las heridas, pero los m\u00e9dicos, en la revisi\u00f3n efectuada la ma\u00f1ana de este mi\u00e9rcoles han visto que todo estaba en orden por lo que se la ha permitido la <strong>salida del hospital<\/strong>.<\/p>\n<p>Masajista de confianza<\/p>\n<p class=\"ft-text\">Entre los diferentes compa\u00f1eros con los que habl\u00f3 el martes, al d\u00eda siguiente de la intervenci\u00f3n quir\u00fargica, estuvo el mexicano <strong>Isaac del Toro<\/strong> con el que mantiene una profunda amistad.<\/p>\n<p class=\"ft-text\">Desde el primer momento ha estado acompa\u00f1ado por su masajista de confianza, <strong>Ziga Jerman<\/strong>, que tambi\u00e9n viaja con <strong>Pogacar<\/strong> hasta la residencia del corredor en el barrio de Montecarlo, en M\u00f3naco. El viernes, seg\u00fan ha adelantado \u2018La Gazzetta dello Sport\u2019, tiene prevista una reuni\u00f3n con su m\u00e1nager personal, <strong>Alex Carera<\/strong>, para acabar determinar los escenarios una vez efectuada la operaci\u00f3n y si hay alguna posibilidad de competir esta temporada.<\/p>\n<p class=\"ft-helper-fontSize-body-M\" isamp=\"false\">Fuente: <a href=\"https:\/\/www.elperiodico.com\/es\/deportes\/20260902\/pogacar-abandona-barcelona-obtener-alta-medica-133877715?utm_source=sport&amp;utm_medium=epi&amp;utm_campaign=audiencia_via\" target=\"_blank\" class=\"ft-link ft-link--decoration\" rel=\"nofollow noopener\">El Peri\u00f3dico<\/a><\/p>\n","protected":false},"excerpt":{"rendered":"Tadej Pogacar acaba de obtener el alta hospitalaria y ya puede proseguir la rehabilitaci\u00f3n desde su casa de&hellip;\n","protected":false},"author":2,"featured_media":744207,"comment_status":"","ping_status":"","sticky":false,"template":"","format":"standard","meta":{"footnotes":""},"categories":[273],"tags":[2302,5593,210,313,312,168,25,24,7789,11119,10469,549,23,167,463],"class_list":["post-744206","post","type-post","status-publish","format-standard","has-post-thumbnail","category-ciclismo","tag-abandona","tag-alta","tag-barcelona","tag-ciclismo","tag-cycling","tag-deportes","tag-es","tag-espana","tag-la-vuelta","tag-medica","tag-obtener","tag-pogacar","tag-spain","tag-sports","tag-tadej-pogacar"],"share_on_mastodon":{"url":"https:\/\/pubeurope.com\/@es\/117202224948194067","error":""},"_links":{"self":[{"href":"https:\/\/www.europesays.com\/es\/wp-json\/wp\/v2\/posts\/744206","targetHints":{"allow":["GET"]}}],"collection":[{"href":"https:\/\/www.europesays.com\/es\/wp-json\/wp\/v2\/posts"}],"about":[{"href":"https:\/\/www.europesays.com\/es\/wp-json\/wp\/v2\/types\/post"}],"author":[{"embeddable":true,"href":"https:\/\/www.europesays.com\/es\/wp-json\/wp\/v2\/users\/2"}],"replies":[{"embeddable":true,"href":"https:\/\/www.europesays.com\/es\/wp-json\/wp\/v2\/comments?post=744206"}],"version-history":[{"count":0,"href":"https:\/\/www.europesays.com\/es\/wp-json\/wp\/v2\/posts\/744206\/revisions"}],"wp:featuredmedia":[{"embeddable":true,"href":"https:\/\/www.europesays.com\/es\/wp-json\/wp\/v2\/media\/744207"}],"wp:attachment":[{"href":"https:\/\/www.europesays.com\/es\/wp-json\/wp\/v2\/media?parent=744206"}],"wp:term":[{"taxonomy":"category","embeddable":true,"href":"https:\/\/www.europesays.com\/es\/wp-json\/wp\/v2\/categories?post=744206"},{"taxonomy":"post_tag","embeddable":true,"href":"https:\/\/www.europesays.com\/es\/wp-json\/wp\/v2\/tags?post=744206"}],"curies":[{"name":"wp","href":"https:\/\/api.w.org\/{rel}","templated":true}]}}