{"id":744208,"date":"2026-09-02T15:47:22","date_gmt":"2026-09-02T15:47:22","guid":{"rendered":"https:\/\/www.europesays.com\/es\/744208\/"},"modified":"2026-09-02T15:47:22","modified_gmt":"2026-09-02T15:47:22","slug":"aragon-tv-retransmitira-10-partidos-del-casademont-zaragoza-en-la-acb","status":"publish","type":"post","link":"https:\/\/www.europesays.com\/es\/744208\/","title":{"rendered":"Arag\u00f3n TV retransmitir\u00e1 10 partidos del Casademont Zaragoza en la ACB"},"content":{"rendered":"<p class=\"ft-text ft-helper-closenews\">Gran noticia para los amantes del baloncesto de la comunidad. <strong>Arag\u00f3n TV, <\/strong>tras su apuesta por el baloncesto femenino, ha conseguido tambi\u00e9n los derechos para retransmitir la Liga Endesa. L<strong>a plataforma ha alcanzado un acuerdo con la ACB y dar\u00e1 hasta 10 partidos en abierto del Casademont Zaragoza.<\/strong><\/p>\n<p class=\"ft-text\">As\u00ed, lastelevisiones auton\u00f3micas de Galicia, Arag\u00f3n y Pa\u00eds Vasco volver\u00e1n a retransmitir acb once a\u00f1os despu\u00e9s y se unen a TV3\/3Cat en Catalu\u00f1a para configurar una cita habitual en abierto los domingos por la ma\u00f1ana. <strong>Las retransmisiones en Arag\u00f3n TV y Arag\u00f3n Play comenzar\u00e1n en la primera jornada con La Laguna Tenerife \u2013 Casademont Zaragoza (27 de septiembre, 13.00h).<\/strong><\/p>\n<p class=\"ft-text\">Actualmente, la ACB se pueden ver al completo en DAZN, con todos los partidos en directo y a la carta desde cualquier dispositivo por solo 5,99\u20ac al mes (Plan Baloncesto).<strong> Adem\u00e1s, tambi\u00e9n est\u00e1n disponibles a trav\u00e9s de DAZN en Movistar Plus<\/strong>+, con dos partidos en la oferta para todos sus clientes y el resto para el paquete deportes o baloncesto, as\u00ed como en Orange TV y Vodafone TV. Esta difusi\u00f3n se complementa con las retransmisiones en abierto de un partido por jornada en TV3\/3Cat y TVG, y de 10 partidos por temporada en Arag\u00f3n TV y EITB.<\/p>\n<p data-close=\"closedContent\" class=\"subscribeHideForDisplay\">Suscr\u00edbete para seguir leyendo<\/p>\n","protected":false},"excerpt":{"rendered":"Gran noticia para los amantes del baloncesto de la comunidad. Arag\u00f3n TV, tras su apuesta por el baloncesto&hellip;\n","protected":false},"author":2,"featured_media":744209,"comment_status":"","ping_status":"","sticky":false,"template":"","format":"standard","meta":{"footnotes":""},"categories":[269],"tags":[5287,4499,299,298,168,25,24,6758,40455,23,167,214],"class_list":["post-744208","post","type-post","status-publish","format-standard","has-post-thumbnail","category-baloncesto","tag-5287","tag-aragon","tag-baloncesto","tag-basketball","tag-deportes","tag-es","tag-espana","tag-partidos","tag-retransmitira","tag-spain","tag-sports","tag-tv"],"share_on_mastodon":{"url":"https:\/\/pubeurope.com\/@es\/117202232890073784","error":""},"_links":{"self":[{"href":"https:\/\/www.europesays.com\/es\/wp-json\/wp\/v2\/posts\/744208","targetHints":{"allow":["GET"]}}],"collection":[{"href":"https:\/\/www.europesays.com\/es\/wp-json\/wp\/v2\/posts"}],"about":[{"href":"https:\/\/www.europesays.com\/es\/wp-json\/wp\/v2\/types\/post"}],"author":[{"embeddable":true,"href":"https:\/\/www.europesays.com\/es\/wp-json\/wp\/v2\/users\/2"}],"replies":[{"embeddable":true,"href":"https:\/\/www.europesays.com\/es\/wp-json\/wp\/v2\/comments?post=744208"}],"version-history":[{"count":0,"href":"https:\/\/www.europesays.com\/es\/wp-json\/wp\/v2\/posts\/744208\/revisions"}],"wp:featuredmedia":[{"embeddable":true,"href":"https:\/\/www.europesays.com\/es\/wp-json\/wp\/v2\/media\/744209"}],"wp:attachment":[{"href":"https:\/\/www.europesays.com\/es\/wp-json\/wp\/v2\/media?parent=744208"}],"wp:term":[{"taxonomy":"category","embeddable":true,"href":"https:\/\/www.europesays.com\/es\/wp-json\/wp\/v2\/categories?post=744208"},{"taxonomy":"post_tag","embeddable":true,"href":"https:\/\/www.europesays.com\/es\/wp-json\/wp\/v2\/tags?post=744208"}],"curies":[{"name":"wp","href":"https:\/\/api.w.org\/{rel}","templated":true}]}}