{"id":744218,"date":"2026-09-02T15:54:17","date_gmt":"2026-09-02T15:54:17","guid":{"rendered":"https:\/\/www.europesays.com\/es\/744218\/"},"modified":"2026-09-02T15:54:17","modified_gmt":"2026-09-02T15:54:17","slug":"danny-boyle-regresa-al-thriller-corporativo-con-el-trailer-de-ink-la-pelicula-sobre-el-renacer-de-the-sun","status":"publish","type":"post","link":"https:\/\/www.europesays.com\/es\/744218\/","title":{"rendered":"Danny Boyle regresa al thriller corporativo con el tr\u00e1iler de Ink, la pel\u00edcula sobre el renacer de The Sun"},"content":{"rendered":"<p class=\"c-paragraph\">El <b>Festival de Cine de Venecia<\/b> est\u00e1 a punto de albergar la premiere mundial de <b>Ink<\/b>, el regreso de <a href=\"https:\/\/www.hobbyconsolas.com\/hobbycine\/netflix-sera-hogar-para-nueva-pelicula-danny-boyle-alejada-saga-28-anos-despues-transformo-nuestro-mundo_7016231_0.html\" title=\"Netflix ser\u00e1 el hogar para la nueva pel\u00edcula de Danny Boyle alejada de la saga 28 a\u00f1os despu\u00e9s: \u201cTransform\u00f3 nuestro mundo\u201d\" rel=\"nofollow noopener\" target=\"_blank\">Danny Boyle<\/a> a la direcci\u00f3n de thrillers. El director de pel\u00edculas como <a href=\"https:\/\/www.hobbyconsolas.com\/reviews\/critica-steve-jobs-nuevo-trabajo-danny-boyle-con-michael-fassbender-134022\" rel=\"nofollow noopener\" target=\"_blank\">Steve Jobs<\/a>, <b>Trainspotting <\/b>o\u00a0<b>Slumdog Millionaire<\/b> nos propone un viajecito a los a\u00f1os 60 con Ink.<\/p>\n<p class=\"c-paragraph\">La pel\u00edcula se basa en la obra de <b>James Graham<\/b>, quien se hace cargo del guion cinematogr\u00e1fico, que narra c\u00f3mo <b>Rupert Murdoch<\/b> salv\u00f3 el peri\u00f3dico <b>The Sun<\/b> tras su compra, cambiando radicalmente su l\u00ednea editorial.<\/p>\n<p>Movistar Plus por 9,99\u20ac con f\u00fatbol, series y cine<\/p>\n<p><img decoding=\"async\" loading=\"lazy\" alt=\"Movistar Plus+\" width=\"640\" height=\"533\" src=\"https:\/\/www.europesays.com\/es\/wp-content\/uploads\/2026\/09\/1788364457_993_690349e592402.jpeg\"\/><\/p>\n<p class=\"c-passport__description\">Seas de la operadora que seas, puedes ver series, pel\u00edculas y f\u00fatbol en Movistar Plus por 9,99\u20ac al mes y sin permanencia.<\/p>\n<p class=\"c-paragraph\">La jugada sali\u00f3 bien y The Sun se convirti\u00f3 en la base de un pr\u00f3spero imperio medi\u00e1tico en el Reino Unido, pero estuvo salpicado de controversias casi desde su renacimiento.<\/p>\n<p class=\"c-paragraph\">El elenco de Ink est\u00e1 encabezado por\u00a0<b>Guy Pearce<\/b> (<a href=\"https:\/\/www.hobbyconsolas.com\/reviews\/critica-brutalist-obra-magna-grabada-hormigon-vocacion-perdurar-1436967\" rel=\"nofollow noopener\" target=\"_blank\">The Brutalist<\/a>) como Murdoch,\u00a0<b>Jack O&#8217;Connell<\/b> (<a href=\"https:\/\/www.hobbyconsolas.com\/reviews\/critica-pecadores-ryan-coogler-rueda-abierto-amanecer-1455086\" rel=\"nofollow noopener\" target=\"_blank\">Los pecadores<\/a>) como\u00a0Larry Lamb y su majestad <b>Claire Foy<\/b> (<a href=\"https:\/\/www.hobbyconsolas.com\/reviews\/critica-crown-6-parte-2-temporada-final-joya-corona-netflix-1349241\" rel=\"nofollow noopener\" target=\"_blank\">The Crown<\/a>) como\u00a0Joyce Hopkirk. <b>Les acompa\u00f1an\u00a0Christopher Fulford, Blake Harrison, Patrick Kennedy, Angus Imrie, Brian Gleeson, Lucy Russell, Peter Ferdinando y Louis Landau<\/b>.<\/p>\n<p>Una historia real con el irreverente toque de Danny Boyle<\/p>\n<p class=\"c-paragraph\">Aunque faltan meses para la llegada de la pel\u00edcula a los cines, la proyecci\u00f3n de Ink en el Festival Internacional de Cine de Venecia ha motivado que ya tengamos tr\u00e1iler oficial de la pel\u00edcula de Danny Boyle. Puedes verlo a continuaci\u00f3n, junto con la sinopsis de la cinta:<\/p>\n<p class=\"c-paragraph\">\u00abA finales de la d\u00e9cada de 1960, en Gran Breta\u00f1a, el magnate de los medios de comunicaci\u00f3n Rupert Murdoch adquiere el peri\u00f3dico The Sun, que atravesaba dificultades, y se propone cambiar su rumbo editorial y noticioso por completo.<\/p>\n<p class=\"c-paragraph\">Junto al director Larry Lamb, Murdoch reinventa el peri\u00f3dico como un tabloide atrevido y provocador, cambiando el panorama del periodismo brit\u00e1nico y sentando las bases de un imperio medi\u00e1tico\u00bb.<\/p>\n<p class=\"c-paragraph\">El tr\u00e1iler ya anticipa ese toque fren\u00e9tico que Boyle disfruta de aportar a sus trabajos, haciendo que los momentos m\u00e1s oscuros de esta historia adopten un enfoque muy diferente.<\/p>\n<p class=\"c-paragraph\"><b>Ink <\/b>se estrena mundialmente en Venecia, pero su debut en salas ser\u00e1 en diciembre en los Estados Unidos (de forma limitada). En Espa\u00f1a tendremos que esperar hasta el <b>8 de enero de 2027<\/b> para ver la nueva pel\u00edcula de <b>Danny Boyle<\/b>.<\/p>\n","protected":false},"excerpt":{"rendered":"El Festival de Cine de Venecia est\u00e1 a punto de albergar la premiere mundial de Ink, el regreso&hellip;\n","protected":false},"author":2,"featured_media":744219,"comment_status":"","ping_status":"","sticky":false,"template":"","format":"standard","meta":{"footnotes":""},"categories":[169],"tags":[132027,177,46400,67093,146,147,25,24,176,175,2902,23,6668],"class_list":["post-744218","post","type-post","status-publish","format-standard","has-post-thumbnail","category-cine","tag-boyle","tag-cine","tag-corporativo","tag-danny","tag-entertainment","tag-entretenimiento","tag-es","tag-espana","tag-film","tag-movies","tag-regresa","tag-spain","tag-thriller"],"share_on_mastodon":{"url":"https:\/\/pubeurope.com\/@es\/117202261300730480","error":""},"_links":{"self":[{"href":"https:\/\/www.europesays.com\/es\/wp-json\/wp\/v2\/posts\/744218","targetHints":{"allow":["GET"]}}],"collection":[{"href":"https:\/\/www.europesays.com\/es\/wp-json\/wp\/v2\/posts"}],"about":[{"href":"https:\/\/www.europesays.com\/es\/wp-json\/wp\/v2\/types\/post"}],"author":[{"embeddable":true,"href":"https:\/\/www.europesays.com\/es\/wp-json\/wp\/v2\/users\/2"}],"replies":[{"embeddable":true,"href":"https:\/\/www.europesays.com\/es\/wp-json\/wp\/v2\/comments?post=744218"}],"version-history":[{"count":0,"href":"https:\/\/www.europesays.com\/es\/wp-json\/wp\/v2\/posts\/744218\/revisions"}],"wp:featuredmedia":[{"embeddable":true,"href":"https:\/\/www.europesays.com\/es\/wp-json\/wp\/v2\/media\/744219"}],"wp:attachment":[{"href":"https:\/\/www.europesays.com\/es\/wp-json\/wp\/v2\/media?parent=744218"}],"wp:term":[{"taxonomy":"category","embeddable":true,"href":"https:\/\/www.europesays.com\/es\/wp-json\/wp\/v2\/categories?post=744218"},{"taxonomy":"post_tag","embeddable":true,"href":"https:\/\/www.europesays.com\/es\/wp-json\/wp\/v2\/tags?post=744218"}],"curies":[{"name":"wp","href":"https:\/\/api.w.org\/{rel}","templated":true}]}}