{"id":744226,"date":"2026-09-02T15:58:12","date_gmt":"2026-09-02T15:58:12","guid":{"rendered":"https:\/\/www.europesays.com\/es\/744226\/"},"modified":"2026-09-02T15:58:12","modified_gmt":"2026-09-02T15:58:12","slug":"luna-engastada-de-diamantes-y-otros-fenomenos-astronomicos-que-llegan-en-septiembre","status":"publish","type":"post","link":"https:\/\/www.europesays.com\/es\/744226\/","title":{"rendered":"Luna engastada de diamantes y otros fen\u00f3menos astron\u00f3micos que llegan en septiembre"},"content":{"rendered":"<p class=\"c-paragraph\">Los <b>amantes de la astronom\u00eda<\/b> han podido vivir en Espa\u00f1a\u00a0un agosto marcado por grandes acontecimientos como fueron el eclipse solar total, las perseidas y <a href=\"https:\/\/www.20minutos.es\/actualidad\/eclipse-lunar-imagenes_7030280_1.html\" title=\"El eclipse lunar, en im\u00e1genes\" rel=\"nofollow noopener\" target=\"_blank\">m\u00e1s recientemente un eclipse lunar parcial<\/a>. Sin embargo, <b>con la llegada de septiembre, la cita con el cielo sigue siendo obligatoria<\/b>. En el mes en el que se despide el verano para dar la bienvenida a un nuevo oto\u00f1o, tambi\u00e9n suceder\u00e1n varios acontecimientos y fen\u00f3menos. Una <b>lluvia de meteoros no tan conocida, la llegada de la Luna de la Cosecha e incluso la &#8216;Luna de diamantes&#8217;<\/b>, una conjunci\u00f3n en la que el sat\u00e9lite lunar est\u00e1 cerca de las Pl\u00e9yades y que tendr\u00e1n lugar el pr\u00f3ximo 3 de septiembre.<\/p>\n<p>Luna engastada de diamantes<\/p>\n<p class=\"c-paragraph\">El primer acontecimiento astron\u00f3mico se produce en estos primeros d\u00edas de septiembre. Ser\u00e1 concretamente <b>en la noche del 3 de septiembre<\/b>, cuando <b>la Luna pase cerca de las Pl\u00e9yades<\/b>, conocidas tambi\u00e9n como la Siete Hermanas. Estas son <b>un c\u00famulo de estrellas situadas en la constelaci\u00f3n de Tauro que brillan con fuerza<\/b>. Esta intensidad de luz hace que <a href=\"https:\/\/www.20minutos.es\/ciencia\/los-eclipses-luna-son-excepcionales-por-un-desajuste-cinco-grados_7028479_0.html\" title=\"Los eclipses de Luna son excepcionales por un &quot;desajuste&quot; de cinco grados\" rel=\"nofollow noopener\" target=\"_blank\">al coincidir con la Luna<\/a>, creen<b> una escena en la que parece que el sat\u00e9lite est\u00e1 rodeado de diamantes<\/b>. Por ello se dice que es una luna engastada de diamantes, que por cierto, tambi\u00e9n se volver\u00e1 a repetir el 20 de septiembre.<\/p>\n<p>Llegan las \u00e9psilon Perseidas de septiembre<\/p>\n<p class=\"c-paragraph\"><a href=\"https:\/\/www.20minutos.es\/ciencia\/espectacular-momento-lluvia-meteoritos-viajo-albacete-madrid_6232991_0.html\" title=\"El espectacular momento en el que una lluvia de meteoritos &#039;viaj\u00f3&#039; de Albacete a Madrid\" rel=\"nofollow noopener\" target=\"_blank\">No todo son las Perseidas de agosto<\/a>, en septiembre esta lluvia de meteoros vuelve a ser protagonista, pero en su forma menos conocida. Se trata de <b>las \u00e9psilon Perseidas<\/b> con una actividad que se produce entre el 5 y el 21 de septiembre. Sin embargo, <b>su pico m\u00e1ximo se producir\u00e1 en la noche del 9 de septiembre<\/b> y en este 2026, las condiciones para observarlas son las mejores. Dado que el pr\u00f3ximo 11 de septiembre la Luna estar\u00e1 en su fase nueva, el cielo nocturno estar\u00e1 m\u00e1s oscuro, por lo que habr\u00e1 mejor visibilidad.<\/p>\n<p>Venus brillar\u00e1 como nunca este mes<\/p>\n<p class=\"c-paragraph\">Para los amantes de los planetas, <b>Venus ser\u00e1 indudablemente el protagonista del mes<\/b>. Aparecer\u00e1 en el cielo como un punto brillante con cada puesta de sol del mes, pero su <b>pico m\u00e1ximo de brillo se producir\u00e1 el 22 de septiembre.<\/b> El planeta alcanzar\u00e1 su brillo m\u00e1ximo y ser\u00e1 visible sin ning\u00fan tipo de instrumento.\u00a0<\/p>\n<p>Luna de la Cosecha: la luna llena de septiembre<\/p>\n<p class=\"c-paragraph\">Durante el mes de septiembre, ya para los \u00faltimos d\u00edas, <b>el 26 de septiembre<\/b>, y <a href=\"https:\/\/www.20minutos.es\/ciencia\/otono-no-cambia-hojas-revela-verdadero-color-razon-cientifica-nunca-solo-verdes_6371545_0.html\" title=\"El oto\u00f1o no cambia las hojas, revela su verdadero color: la raz\u00f3n cient\u00edfica por la que nunca han sido solo verdes\" rel=\"nofollow noopener\" target=\"_blank\">con el equinoccio de oto\u00f1o<\/a> ya cumplido, el sat\u00e9lite lunar entrar\u00e1 en su fase llena. <b>Llega as\u00ed la denominada Luna de la Cosecha<\/b> o Luna llena de septiembre. Esta fase llega, adem\u00e1s, con la particularidad de estar en una posici\u00f3n cercana a Saturno, por la que el planeta se podr\u00e1 ver como un punto intenso de luz.<\/p>\n<p class=\"c-paragraph\">Esta Luna recibi\u00f3 el t\u00e9rmino de cosecha debido a que <b>coincid\u00eda en la \u00e9poca en la que los agricultores del hemisferio norte recog\u00edan los cultivos del verano<\/b>. Adem\u00e1s, debido a su fase llena, el reflejo de la luz solar permit\u00eda a estos trabajadores del campo a tener algo m\u00e1s de luz para la recolecta.<\/p>\n","protected":false},"excerpt":{"rendered":"Los amantes de la astronom\u00eda han podido vivir en Espa\u00f1a\u00a0un agosto marcado por grandes acontecimientos como fueron el&hellip;\n","protected":false},"author":2,"featured_media":744227,"comment_status":"","ping_status":"","sticky":false,"template":"","format":"standard","meta":{"footnotes":""},"categories":[81],"tags":[647,49664,119,123,124,25,24,14999,1935,132028,117,121,122,3215,1971,23,118,120],"class_list":["post-744226","post","type-post","status-publish","format-standard","has-post-thumbnail","category-ciencia-y-tecnologia","tag-astronomia","tag-aurora-boreal","tag-ciencia","tag-ciencia-y-tecnologia","tag-cienciaytecnologia","tag-es","tag-espana","tag-fenomenos-astronomicos","tag-luna","tag-pleyades","tag-science","tag-science-and-technology","tag-scienceandtechnology","tag-seo20","tag-septiembre","tag-spain","tag-technology","tag-tecnologia"],"share_on_mastodon":{"url":"https:\/\/pubeurope.com\/@es\/117202276016773720","error":""},"_links":{"self":[{"href":"https:\/\/www.europesays.com\/es\/wp-json\/wp\/v2\/posts\/744226","targetHints":{"allow":["GET"]}}],"collection":[{"href":"https:\/\/www.europesays.com\/es\/wp-json\/wp\/v2\/posts"}],"about":[{"href":"https:\/\/www.europesays.com\/es\/wp-json\/wp\/v2\/types\/post"}],"author":[{"embeddable":true,"href":"https:\/\/www.europesays.com\/es\/wp-json\/wp\/v2\/users\/2"}],"replies":[{"embeddable":true,"href":"https:\/\/www.europesays.com\/es\/wp-json\/wp\/v2\/comments?post=744226"}],"version-history":[{"count":0,"href":"https:\/\/www.europesays.com\/es\/wp-json\/wp\/v2\/posts\/744226\/revisions"}],"wp:featuredmedia":[{"embeddable":true,"href":"https:\/\/www.europesays.com\/es\/wp-json\/wp\/v2\/media\/744227"}],"wp:attachment":[{"href":"https:\/\/www.europesays.com\/es\/wp-json\/wp\/v2\/media?parent=744226"}],"wp:term":[{"taxonomy":"category","embeddable":true,"href":"https:\/\/www.europesays.com\/es\/wp-json\/wp\/v2\/categories?post=744226"},{"taxonomy":"post_tag","embeddable":true,"href":"https:\/\/www.europesays.com\/es\/wp-json\/wp\/v2\/tags?post=744226"}],"curies":[{"name":"wp","href":"https:\/\/api.w.org\/{rel}","templated":true}]}}