{"id":744228,"date":"2026-09-02T15:59:13","date_gmt":"2026-09-02T15:59:13","guid":{"rendered":"https:\/\/www.europesays.com\/es\/744228\/"},"modified":"2026-09-02T15:59:13","modified_gmt":"2026-09-02T15:59:13","slug":"uber-recorta-en-un-10-su-plantilla-despedira-a-3-300-trabajadores-de-todo-el-mundo","status":"publish","type":"post","link":"https:\/\/www.europesays.com\/es\/744228\/","title":{"rendered":"Uber recorta en un 10% su plantilla: despedir\u00e1 a 3.300 trabajadores de todo el mundo"},"content":{"rendered":"<p>\n        <a href=\"https:\/\/www.noticiasdenavarra.com\/tags\/uber\/\" title=\"Uber Technologies,\" rel=\"nofollow noopener\" target=\"_blank\" class=\"link copy\">Uber Technologies,<\/a> la plataforma de servicios de movilidad y reparto, ha anunciado que reducir\u00e1 el 10% de su plantilla a nivel mundial, lo que se traduce en unos <strong>3.300 puestos de trabajo, como parte de su plan para simplificar la estructura de la compa\u00f1\u00eda,<\/strong> eliminando niveles jer\u00e1rquicos y disminuyendo la configuraci\u00f3n de sus equipos.\n<\/p>\n<p class=\"article-body__text \">\n        La compa\u00f1\u00eda ya ha informado a todas las personas que se ver\u00e1n afectadas por los recortes de empleo<strong>, excepto a los pa\u00edses donde deben seguir los procedimientos locales correspondientes.<\/strong>\n<\/p>\n<p>  <strong>Recortes<\/strong><\/p>\n<p class=\"article-body__text \">\n        \u00abEn los \u00faltimos cinco a\u00f1os,<strong> Uber ha crecido exponencialmente, triplicando pr\u00e1cticamente nuestros ingresos. <\/strong>Hemos desarrollado nuevos productos, incursionado en nuevos sectores, llegado a m\u00e1s consumidores y apoyado a m\u00e1s personas que generan ingresos, <strong>convirti\u00e9ndonos en una empresa mucho m\u00e1s grande y s\u00f3lida\u00bb,<\/strong> ha indicado el consejero delegado de Uber, Dara Khosrowshahi.\n<\/p>\n<p>            <a href=\"https:\/\/www.noticiasdenavarra.com\/union-europea\/2026\/08\/21\/paises-bajos-sanciona-uber-multa-11458860.html\" title=\"Pa\u00edses Bajos sanciona a Uber con una multa de 825 millones por suspender de forma automatizada a conductores\" class=\"new__media\" rel=\"nofollow noopener\" target=\"_blank\"><\/p>\n<p>                <img alt=\"Pa\u00edses Bajos sanciona a Uber con una multa de 825 millones por suspender de forma automatizada a conductores\" data-src=\"https:\/\/www.europesays.com\/es\/wp-content\/uploads\/2026\/09\/76999af7-6de0-4ee8-8071-dec1f1498e59_16-9-aspect-ratio_default_0.jpg\" class=\"lozad\"\/><\/p>\n<p>        <\/a><\/p>\n<p>        <a href=\"https:\/\/www.noticiasdenavarra.com\/union-europea\/2026\/08\/21\/paises-bajos-sanciona-uber-multa-11458860.html\" title=\"Pa\u00edses Bajos sanciona a Uber con una multa de 825 millones por suspender de forma automatizada a conductores\" class=\"new__headline\" rel=\"nofollow noopener\" target=\"_blank\"><br \/>\n            Pa\u00edses Bajos sanciona a Uber con una multa de 825 millones por suspender de forma automatizada a conductores<br \/>\n        <\/a><\/p>\n<p class=\"article-body__text \">\n        Precisamente, Khosrowshahi ha argumentado que el crecimiento ha supuesto un aumento de la complejidad<strong>, \u00abcon m\u00e1s niveles jer\u00e1rquicos, mayor coordinaci\u00f3n, una propiedad m\u00e1s fragmentada y, en algunos casos, estructuras que ten\u00edan sentido cuando las empresas eran m\u00e1s peque\u00f1as, pero que ya no nos resultan \u00fatiles en nuestra escala actual\u00bb.<\/strong>\n<\/p>\n<p class=\"article-body__text \">\n        De esta manera, Uber ha disminuido en un 20% el n\u00famero de empleados que se encuentran a siete o m\u00e1s niveles del CEO y el n\u00famero de microequipos en casi un 50%. \u00ab<strong>El resultado es un organigrama m\u00e1s simple orientado a la creaci\u00f3n en lugar de la gesti\u00f3n\u00bb<\/strong>, ha aseverado el directivo de Uber.\n<\/p>\n<p class=\"article-body__text \">\n        En junio, Uber anunci\u00f3 el despido del 23% de su equipo de personal, dentro del que se encuentran la<strong>s divisiones de Recursos Humanos, instalaciones o cultura corporativa, como parte de la estrategia de la nueva presidenta de la compa\u00f1\u00eda, <\/strong>Jill Hazelbaker.\n<\/p>\n<p class=\"article-body__text \">\n        La llegada hace menos de un mes de Hazelbaker al cargo de presidenta ha iniciado una nueva estrategia para simplificar equipos. De hecho,<strong> entre las tareas de la ejecutiva se encuentra la organizaci\u00f3n de personas y lugares<\/strong>, tras la salida del respectivo responsable de este \u00e1rea este a\u00f1o.<\/p>\n","protected":false},"excerpt":{"rendered":"Uber Technologies, la plataforma de servicios de movilidad y reparto, ha anunciado que reducir\u00e1 el 10% de su&hellip;\n","protected":false},"author":2,"featured_media":744229,"comment_status":"","ping_status":"","sticky":false,"template":"","format":"standard","meta":{"footnotes":""},"categories":[80],"tags":[5287,82,9158,95,94,25,24,1429,19533,23,18611],"class_list":["post-744228","post","type-post","status-publish","format-standard","has-post-thumbnail","category-economia","tag-5287","tag-business","tag-despedira","tag-economia","tag-economy","tag-es","tag-espana","tag-plantilla","tag-recorta","tag-spain","tag-uber"],"share_on_mastodon":{"url":"https:\/\/pubeurope.com\/@es\/117202280038301083","error":""},"_links":{"self":[{"href":"https:\/\/www.europesays.com\/es\/wp-json\/wp\/v2\/posts\/744228","targetHints":{"allow":["GET"]}}],"collection":[{"href":"https:\/\/www.europesays.com\/es\/wp-json\/wp\/v2\/posts"}],"about":[{"href":"https:\/\/www.europesays.com\/es\/wp-json\/wp\/v2\/types\/post"}],"author":[{"embeddable":true,"href":"https:\/\/www.europesays.com\/es\/wp-json\/wp\/v2\/users\/2"}],"replies":[{"embeddable":true,"href":"https:\/\/www.europesays.com\/es\/wp-json\/wp\/v2\/comments?post=744228"}],"version-history":[{"count":0,"href":"https:\/\/www.europesays.com\/es\/wp-json\/wp\/v2\/posts\/744228\/revisions"}],"wp:featuredmedia":[{"embeddable":true,"href":"https:\/\/www.europesays.com\/es\/wp-json\/wp\/v2\/media\/744229"}],"wp:attachment":[{"href":"https:\/\/www.europesays.com\/es\/wp-json\/wp\/v2\/media?parent=744228"}],"wp:term":[{"taxonomy":"category","embeddable":true,"href":"https:\/\/www.europesays.com\/es\/wp-json\/wp\/v2\/categories?post=744228"},{"taxonomy":"post_tag","embeddable":true,"href":"https:\/\/www.europesays.com\/es\/wp-json\/wp\/v2\/tags?post=744228"}],"curies":[{"name":"wp","href":"https:\/\/api.w.org\/{rel}","templated":true}]}}