{"id":744230,"date":"2026-09-02T16:00:23","date_gmt":"2026-09-02T16:00:23","guid":{"rendered":"https:\/\/www.europesays.com\/es\/744230\/"},"modified":"2026-09-02T16:00:23","modified_gmt":"2026-09-02T16:00:23","slug":"netanyahu-entra-en-gaza-y-dice-que-israel-no-se-retirara","status":"publish","type":"post","link":"https:\/\/www.europesays.com\/es\/744230\/","title":{"rendered":"Netanyahu entra en Gaza y dice que Israel no se retirar\u00e1"},"content":{"rendered":"<p>El primer ministro israel\u00ed, <strong>Benjam\u00edn Netanyahu<\/strong>, ha entrado este mi\u00e9rcoles en la Franja de Gaza para visitar a las tropas y lanzar un mensaje que apunta tanto a Ham\u00e1s como a los mediadores internacionales: la presencia militar israel\u00ed no es, de momento, negociable.<\/p>\n<p>\u201cControlamos el terreno. No nos retiramos. Nos mantenemos en esta l\u00ednea. Controlamos el 60% de la Franja\u201d, ha afirmado desde una posici\u00f3n militar pr\u00f3xima a la denominada <strong>L\u00ednea Amarilla<\/strong>, con los escombros de edificios gazat\u00edes a su espalda. \u201cA\u00fan nos queda mucho por hacer\u201d, ha a\u00f1adido en un v\u00eddeo difundido por su oficina.<\/p>\n<p>Netanyahu ha se\u00f1alado las localidades israel\u00edes de <strong>Ashkelon, Sderot y Netivot,<\/strong> situadas al otro lado de la frontera, para presentar el dominio territorial dentro de Gaza como una barrera frente a un nuevo ataque. Acompa\u00f1ado por el jefe del Estado Mayor, <strong>Eyal Zamir<\/strong>, y otros mandos militares, el primer ministro ha participado posteriormente en una evaluaci\u00f3n de seguridad.<\/p>\n<p>El mandatario ha vinculado cualquier retirada al desarme de Ham\u00e1s y a la desmilitarizaci\u00f3n completa del enclave. \u201cEstamos haciendo todo lo necesario para alcanzar nuestro objetivo: el desarme de Ham\u00e1s y la desmilitarizaci\u00f3n de Gaza\u201d, ha asegurado. Seg\u00fan Netanyahu, Israel ya ha conseguido \u201cen gran medida\u201d que la Franja deje de representar una amenaza, aunque \u201ca\u00fan queda trabajo por completar\u201d.<\/p>\n<p>Israel ocupa cada vez m\u00e1s territorio de Gaza<\/p>\n<p>La <strong>L\u00ednea Amarilla<\/strong> no es una frontera internacional, sino una demarcaci\u00f3n militar trazada por Israel dentro de Gaza. La primera fase del acuerdo alcanzado en octubre de 2025 oblig\u00f3 a las fuerzas israel\u00edes a replegarse hasta esa l\u00ednea, que dejaba aproximadamente un <strong>53% del enclave bajo su control<\/strong>, adem\u00e1s de establecer el cese de las hostilidades a gran escala, la liberaci\u00f3n de los rehenes y el aumento de la ayuda humanitaria.<\/p>\n<p>Sin embargo, el Ej\u00e9rcito israel\u00ed ha ido ampliando desde entonces la zona bajo su dominio. En junio, testigos consultados por Reuters denunciaron que<strong> los bloques que marcan la demarcaci\u00f3n hab\u00edan sido desplazados hacia \u00e1reas residenciales<\/strong> de Jan Yunis, Rafah y el este de Ciudad de Gaza. La agencia constat\u00f3 entonces que<strong> las tropas controlaban ya m\u00e1s del 60% del territorio y que hab\u00edan ordenado evacuar y demolido edificios <\/strong>en varias de las nuevas zonas ocupadas. <\/p>\n<p>El propio Netanyahu hab\u00eda anticipado esa expansi\u00f3n a finales de mayo, durante una conferencia en el <strong>Valle del Jord\u00e1n<\/strong>. All\u00ed anunci\u00f3 que <strong>hab\u00eda ordenado al Ej\u00e9rcito elevar del 60% al 70%<\/strong> la superficie de Gaza bajo control israel\u00ed. <\/p>\n<p>Cuando entre los asistentes se alzaron voces que reclamaban ocupar toda la Franja, el primer ministro no rechaz\u00f3 la idea, sino que pidi\u00f3 avanzar por etapas: \u201cAhora mismo estamos en el 60%. <strong>Hag\u00e1moslo paso a paso: primero, el 70%\u201d<\/strong>. Despu\u00e9s asegur\u00f3 que Israel estaba acorralando a Ham\u00e1s \u201cdesde todos los \u00e1ngulos\u201d y que m\u00e1s adelante se ocupar\u00eda \u201cde lo que quede\u201d.<\/p>\n<p>Una hoja de ruta que no se cierra<\/p>\n<p>El alcance jur\u00eddico y pol\u00edtico es m\u00e1s complejo que una ruptura expl\u00edcita del acuerdo. El plan impulsado por el presidente estadounidense, <strong>Donald Trump<\/strong>, prev\u00e9 una retirada israel\u00ed de Gaza ligada a objetivos verificables de desmilitarizaci\u00f3n, pero Israel, Ham\u00e1s y la Junta de Paz discrepan sobre el orden de los pasos.<\/p>\n<p><strong>La hoja de ruta presentada en julio contemplaba que Ham\u00e1s entregara progresivamente sus armas<\/strong> y permitiera destruir sus t\u00faneles, mientras Israel se retiraba por sectores y una fuerza internacional asum\u00eda el control de las zonas desmilitarizadas. Ham\u00e1s acept\u00f3 ese marco &#8211; aunque evita hablar de \u201cdesarme\u201d y sostiene que las armas quedar\u00edan almacenadas bajo una administraci\u00f3n palestina respaldada por Estados Unidos -, pero Netanyahu rechaz\u00f3 formalmente el documento y exigi\u00f3 que la organizaci\u00f3n deponga primero todas sus armas.<\/p>\n<p>El enviado de la Junta de Paz, <strong>Nickolay Mladenov<\/strong>, aclar\u00f3 despu\u00e9s que Israel no tendr\u00eda que abandonar inmediatamente sus posiciones, pero s\u00ed retirarse \u201csector por sector\u201d a medida que se verificara la inutilizaci\u00f3n de las armas. Tambi\u00e9n pidi\u00f3 al Ej\u00e9rcito que no avanzara m\u00e1s all\u00e1 de la L\u00ednea Amarilla acordada.<\/p>\n<p>Por ello, la declaraci\u00f3n de Netanyahu no supone por s\u00ed sola el abandono formal de la tregua, cuya aplicaci\u00f3n sigue negoci\u00e1ndose, pero s\u00ed fija una posici\u00f3n m\u00e1s r\u00edgida que la retirada gradual planteada por los mediadores: <strong>Israel conservar\u00e1 todo el territorio que controla hasta considerar completamente desarmado a Ham\u00e1s<\/strong>.<\/p>\n<p>Una incursi\u00f3n en Ciudad de Gaza en plena tregua<\/p>\n<p>Netanyahu ha aprovechado la visita para destacar la operaci\u00f3n desarrollada el martes en Ciudad de Gaza, fuera de las zonas bajo control permanente israel\u00ed. Las fuerzas especiales del<strong> Shin Bet <\/strong>y el Ej\u00e9rcito capturaron all\u00ed a <strong>Moin al Arabeed<\/strong>, a quien Israel identifica como<strong> jefe del aparato de seguridad interna de Ham\u00e1s.<\/strong><\/p>\n<p>El Gobierno israel\u00ed lo acusa de haber participado en la ocultaci\u00f3n y el traslado de rehenes capturados durante los ataques del 7 de octubre de 2023, de proteger a dirigentes de Ham\u00e1s y de tratar de reconstruir las capacidades militares y administrativas del grupo. Estas acusaciones no han podido ser verificadas de manera independiente.<\/p>\n<p>El Ministerio del Interior gazat\u00ed confirm\u00f3 que <strong>Al Arabeed<\/strong> hab\u00eda resultado herido y capturado, aunque no precis\u00f3 el cargo que ocupaba. Tambi\u00e9n asegur\u00f3 que su esposa muri\u00f3 y varios de sus hijos resultaron heridos durante la operaci\u00f3n.<\/p>\n<p>Algunos medios israel\u00edes y \u00e1rabes atribuyeron inicialmente un papel relevante a uno de los grupos armados palestinos contrarios a Ham\u00e1s y respaldados por Israel. Sin embargo, el comunicado conjunto del Ej\u00e9rcito y el Shin Bet present\u00f3 la captura como una operaci\u00f3n de las fuerzas especiales israel\u00edes. La participaci\u00f3n exacta de esas milicias no ha podido confirmarse.<\/p>\n<p>La aviaci\u00f3n israel\u00ed lanz\u00f3 al menos una docena de ataques en los alrededores para proteger la retirada de los agentes, seg\u00fan testigos. Los bombardeos causaron al menos <strong>cuatro muertos, entre ellos dos menores<\/strong>, de acuerdo con los servicios sanitarios gazat\u00edes. Otras dos personas murieron ese mismo d\u00eda en ataques israel\u00edes en el centro y el norte de la Franja. <\/p>\n<p>Ham\u00e1s ha denunciado que la incursi\u00f3n constituye una <strong>nueva violaci\u00f3n del alto el fuego<\/strong> y ha pedido a los mediadores y a la Junta de Paz que presionen a Israel. El Ej\u00e9rcito israel\u00ed sostiene, por el contrario, que sus operaciones est\u00e1n dirigidas contra los intentos de Ham\u00e1s de reorganizarse.<\/p>\n<p>La tregua de octubre de 2025 fren\u00f3 las grandes operaciones militares, pero no ha terminado con los ataques. <strong>M\u00e1s de 1.300 palestinos han muerto por fuego israel\u00ed desde su entrada en vigor<\/strong>, seg\u00fan las autoridades sanitarias de Gaza, mientras que Israel cifra en cuatro los soldados muertos en acciones de grupos armados durante ese mismo periodo.<\/p>\n<p>Un grupo de hombres transporta con urgencia un cuerpo envuelto en tela blanca sobre una camilla naranja en una calle polvorienta\u00a0Ramzi Abu Amer \/ Zuma Press \/ Europa Press \/ ContactoPhoto Ramzi Abu Amer \/ Zuma Press \/ Europa Press \/ ContactoPhoto<\/p>\n<p>Un mensaje militar con las elecciones de fondo<\/p>\n<p>El m\u00e1ximo responsable de la Junta de Paz advirti\u00f3 la semana pasada de que el incumplimiento de la hoja de ruta por cualquiera de las partes amenaza con provocar el \u201ccolapso\u201d del alto el fuego y devolver a Gaza a una guerra abierta. Mladenov sostuvo que no existe una alternativa mejor al actual proceso y calific\u00f3 de \u201cdevastador\u201d un eventual regreso a las hostilidades a gran escala. <\/p>\n<p><strong>La falta de avances mantiene paralizada la reconstrucci\u00f3n de un territorio devastado<\/strong> por m\u00e1s de dos a\u00f1os de ofensiva. Casi toda la poblaci\u00f3n gazat\u00ed \u2014m\u00e1s de dos millones de personas\u2014 permanece concentrada en una estrecha franja costera, en gran parte en tiendas de campa\u00f1a o edificios da\u00f1ados, mientras Israel controla y mantiene pr\u00e1cticamente despoblada la mayor parte del resto del enclave.<\/p>\n<p>La visita tiene tambi\u00e9n una evidente dimensi\u00f3n pol\u00edtica interna. Israel celebrar\u00e1 elecciones el pr\u00f3ximo <strong>27 de octubre<\/strong> y Netanyahu afronta una campa\u00f1a complicada, presionado en un extremo por sus socios ultranacionalistas, que rechazan cualquier retirada de Gaza, y en el otro por la Administraci\u00f3n Trump, que necesita avances en el plan de paz.<\/p>\n<p><strong>A menos de dos meses de las urnas<\/strong>, Netanyahu presenta el control territorial como una conquista de seguridad que no est\u00e1 dispuesto a ceder. Su mensaje endurece, adem\u00e1s, el principal desacuerdo que mantiene bloqueada la tregua: el plan internacional intenta que el desarme de Ham\u00e1s y la retirada israel\u00ed avancen de manera gradual y verificable; el primer ministro israel\u00ed exige que el primero se complete antes de iniciar la segunda.<\/p>\n","protected":false},"excerpt":{"rendered":"El primer ministro israel\u00ed, Benjam\u00edn Netanyahu, ha entrado este mi\u00e9rcoles en la Franja de Gaza para visitar a&hellip;\n","protected":false},"author":2,"featured_media":744231,"comment_status":"","ping_status":"","sticky":false,"template":"","format":"standard","meta":{"footnotes":""},"categories":[42],"tags":[17,18,13,14,11,61,62,63,64,19,20,9,10,15,16,12,21,22,65,66,67],"class_list":["post-744230","post","type-post","status-publish","format-standard","has-post-thumbnail","category-internacional","tag-breaking-news","tag-breakingnews","tag-featured-news","tag-featurednews","tag-headlines","tag-internacional","tag-international","tag-international-news","tag-internationalnews","tag-latest-news","tag-latestnews","tag-news","tag-noticias","tag-noticias-destacadas","tag-noticiasdestacadas","tag-titulares","tag-ultimas-noticias","tag-ultimasnoticias","tag-world","tag-world-news","tag-worldnews"],"share_on_mastodon":{"url":"https:\/\/pubeurope.com\/@es\/117202283744524867","error":""},"_links":{"self":[{"href":"https:\/\/www.europesays.com\/es\/wp-json\/wp\/v2\/posts\/744230","targetHints":{"allow":["GET"]}}],"collection":[{"href":"https:\/\/www.europesays.com\/es\/wp-json\/wp\/v2\/posts"}],"about":[{"href":"https:\/\/www.europesays.com\/es\/wp-json\/wp\/v2\/types\/post"}],"author":[{"embeddable":true,"href":"https:\/\/www.europesays.com\/es\/wp-json\/wp\/v2\/users\/2"}],"replies":[{"embeddable":true,"href":"https:\/\/www.europesays.com\/es\/wp-json\/wp\/v2\/comments?post=744230"}],"version-history":[{"count":0,"href":"https:\/\/www.europesays.com\/es\/wp-json\/wp\/v2\/posts\/744230\/revisions"}],"wp:featuredmedia":[{"embeddable":true,"href":"https:\/\/www.europesays.com\/es\/wp-json\/wp\/v2\/media\/744231"}],"wp:attachment":[{"href":"https:\/\/www.europesays.com\/es\/wp-json\/wp\/v2\/media?parent=744230"}],"wp:term":[{"taxonomy":"category","embeddable":true,"href":"https:\/\/www.europesays.com\/es\/wp-json\/wp\/v2\/categories?post=744230"},{"taxonomy":"post_tag","embeddable":true,"href":"https:\/\/www.europesays.com\/es\/wp-json\/wp\/v2\/tags?post=744230"}],"curies":[{"name":"wp","href":"https:\/\/api.w.org\/{rel}","templated":true}]}}