{"id":744232,"date":"2026-09-02T16:01:11","date_gmt":"2026-09-02T16:01:11","guid":{"rendered":"https:\/\/www.europesays.com\/es\/744232\/"},"modified":"2026-09-02T16:01:11","modified_gmt":"2026-09-02T16:01:11","slug":"detenida-una-pareja-en-valencia-por-la-desaparicion-de-un-bebe-en-tarragona-noticias-de-cataluna","status":"publish","type":"post","link":"https:\/\/www.europesays.com\/es\/744232\/","title":{"rendered":"Detenida una pareja en Valencia por la desaparici\u00f3n de un beb\u00e9 en Tarragona | Noticias de Catalu\u00f1a"},"content":{"rendered":"<p class=\"\">La Polic\u00eda Nacional ha detenido en Valencia a una pareja por el presunto delito de homicidio de su beb\u00e9 en Santa B\u00e0rbara (Tarragona), donde a su vez los <a href=\"https:\/\/elpais.com\/espana\/catalunya\/2026-09-02\/el-juez-ordena-el-internamiento-en-regimen-cerrado-para-el-detenido-por-una-muerte-violenta-en-balaguer.html\" target=\"_blank\" rel=\"noreferrer nofollow noopener\" title=\"https:\/\/elpais.com\/espana\/catalunya\/2026-09-02\/el-juez-ordena-el-internamiento-en-regimen-cerrado-para-el-detenido-por-una-muerte-violenta-en-balaguer.html\">Mossos d\u2019Esquadra<\/a> investigan la desaparici\u00f3n de la criatura. Las dos personas ten\u00edan pendiente una requisitoria judicial de b\u00fasqueda y detenci\u00f3n por un Juzgado de Tarragona y esta ma\u00f1ana han sido detenidos a las 8.35, seg\u00fan ha avanzado el diario Levante. A esa hora, agentes de la Polic\u00eda han detenido a la pareja en la Estaci\u00f3n del Norte de Valencia y ahora est\u00e1n a la espera de que pasen a disposici\u00f3n judicial. <\/p>\n<p class=\"\">Los Mossos investigan la <a href=\"https:\/\/elpais.com\/espana\/catalunya\/2026-07-23\/la-madre-del-bebe-maltratado-niega-haber-visto-al-padre-agredir-al-nino-lo-habria-denunciado.html\" target=\"_blank\" rel=\"noreferrer nofollow noopener\" title=\"https:\/\/elpais.com\/espana\/catalunya\/2026-07-23\/la-madre-del-bebe-maltratado-niega-haber-visto-al-padre-agredir-al-nino-lo-habria-denunciado.html\">desaparici\u00f3n del beb\u00e9 <\/a>en Santa B\u00e0rbara (Tarragona) y buscan pruebas en una vivienda donde, el pasado fin de semana, fueron rescatados 28 perros en estado de desnutrici\u00f3n y falta de higiene y hab\u00eda otros animales muertos. El Tribunal Superior de Justicia de Catalu\u00f1a (TSJC) ha se\u00f1alado este mi\u00e9rcoles que la plaza 2 de la secci\u00f3n de instrucci\u00f3n del tribunal de instancia de Amposta (Tarragona) tiene una causa abierta, declarada secreta, por una denuncia por la desaparici\u00f3n de un beb\u00e9. <\/p>\n<p class=\"\">El abuelo del peque\u00f1o present\u00f3 la denuncia y los Mossos se dirigieron a la casa de Santa B\u00e0rbara, que est\u00e1 precintada desde el viernes, para tratar de hallar pruebas sobre el paradero del beb\u00e9.<\/p>\n<p class=\"\">En paralelo, los Mossos d\u2019Esquadra han abierto una investigaci\u00f3n tras el hallazgo de otro menor fallecido en un bloque de viviendas de la calle Llevant del barrio de La Mina, en Sant Adri\u00e0 del Bes\u00f2s. El c\u00e1daver ha sido hallado en el interior de una bolsa, en el rellano de un edificio. Una mujer encargada de la limpieza ha encontrado el cuerpo y ha dado el aviso.<\/p>\n","protected":false},"excerpt":{"rendered":"La Polic\u00eda Nacional ha detenido en Valencia a una pareja por el presunto delito de homicidio de su&hellip;\n","protected":false},"author":2,"featured_media":744233,"comment_status":"","ping_status":"","sticky":false,"template":"","format":"standard","meta":{"footnotes":""},"categories":[8],"tags":[210,3473,17,18,1980,25,24,13,14,11,2129,11738,19,20,1567,3291,9,10,15,16,11739,52117,23,257,12,21,22,235],"class_list":["post-744232","post","type-post","status-publish","format-standard","has-post-thumbnail","category-espana","tag-barcelona","tag-bebes","tag-breaking-news","tag-breakingnews","tag-cataluna","tag-es","tag-espana","tag-featured-news","tag-featurednews","tag-headlines","tag-homicidios","tag-investigacion-policial","tag-latest-news","tag-latestnews","tag-menores","tag-mossos-desquadra","tag-news","tag-noticias","tag-noticias-destacadas","tag-noticiasdestacadas","tag-policia-nacional","tag-santa-barbara","tag-spain","tag-sucesos","tag-titulares","tag-ultimas-noticias","tag-ultimasnoticias","tag-valencia"],"share_on_mastodon":{"url":"https:\/\/pubeurope.com\/@es\/117202288160581548","error":""},"_links":{"self":[{"href":"https:\/\/www.europesays.com\/es\/wp-json\/wp\/v2\/posts\/744232","targetHints":{"allow":["GET"]}}],"collection":[{"href":"https:\/\/www.europesays.com\/es\/wp-json\/wp\/v2\/posts"}],"about":[{"href":"https:\/\/www.europesays.com\/es\/wp-json\/wp\/v2\/types\/post"}],"author":[{"embeddable":true,"href":"https:\/\/www.europesays.com\/es\/wp-json\/wp\/v2\/users\/2"}],"replies":[{"embeddable":true,"href":"https:\/\/www.europesays.com\/es\/wp-json\/wp\/v2\/comments?post=744232"}],"version-history":[{"count":0,"href":"https:\/\/www.europesays.com\/es\/wp-json\/wp\/v2\/posts\/744232\/revisions"}],"wp:featuredmedia":[{"embeddable":true,"href":"https:\/\/www.europesays.com\/es\/wp-json\/wp\/v2\/media\/744233"}],"wp:attachment":[{"href":"https:\/\/www.europesays.com\/es\/wp-json\/wp\/v2\/media?parent=744232"}],"wp:term":[{"taxonomy":"category","embeddable":true,"href":"https:\/\/www.europesays.com\/es\/wp-json\/wp\/v2\/categories?post=744232"},{"taxonomy":"post_tag","embeddable":true,"href":"https:\/\/www.europesays.com\/es\/wp-json\/wp\/v2\/tags?post=744232"}],"curies":[{"name":"wp","href":"https:\/\/api.w.org\/{rel}","templated":true}]}}