{"id":744246,"date":"2026-09-02T16:13:40","date_gmt":"2026-09-02T16:13:40","guid":{"rendered":"https:\/\/www.europesays.com\/es\/744246\/"},"modified":"2026-09-02T16:13:40","modified_gmt":"2026-09-02T16:13:40","slug":"la-cabana-yakisugi-alki-architecture-design-studio","status":"publish","type":"post","link":"https:\/\/www.europesays.com\/es\/744246\/","title":{"rendered":"La caba\u00f1a Yakisugi \/ Alki Architecture + Design Studio"},"content":{"rendered":"<p><a class=\"js-image-size__link \" href=\"https:\/\/www.archdaily.com\/es\/1184202\/la-cabana-yakisugi-alki-architecture-plus-design-studio\/6a90fdc6b71a0f0189f1b16a-the-yakisugi-cabin-alki-architecture-plus-design-studio-photo\" rel=\"attachment nofollow noopener\" style=\"width: 100%;\" target=\"_blank\"><img decoding=\"async\" alt=\"La caba\u00f1a Yakisugi \/ Alki Architecture + Design Studio - Fotograf\u00eda exterior, Madera\" data-nr-picture-id=\"6a90fdc6b71a0f0189f1b16a\" fetchpriority=\"high\" height=\"457\" itemprop=\"image\" loading=\"eager\" longdesc=\"https:\/\/www.archdaily.com\/es\/1184202\/la-cabana-yakisugi-alki-architecture-plus-design-studio\/6a90fdc6b71a0f0189f1b16a-the-yakisugi-cabin-alki-architecture-plus-design-studio-photo\" src=\"https:\/\/www.europesays.com\/es\/wp-content\/uploads\/2026\/09\/the-yakisugi-cabin-alki-architecture-plus-design-studio_31.jpg\" style=\"min-height: var(--featured-height, auto); aspect-ratio: auto 640 \/ 457\" width=\"640\"\/><\/a>\u00a9 Biddi Rowley<\/p>\n<p class=\"thumbs afd-desktop-e\"><a class=\"thumbs__link\" data-nr-picture-id=\"6a90fdc3c615270188ac41a8\" href=\"https:\/\/www.archdaily.com\/es\/1184202\/la-cabana-yakisugi-alki-architecture-plus-design-studio\/6a90fdc3c615270188ac41a8-the-yakisugi-cabin-alki-architecture-plus-design-studio-photo\" rel=\"attachment nofollow noopener\" target=\"_blank\"><img loading=\"lazy\" decoding=\"async\" alt=\"La caba\u00f1a Yakisugi \/ Alki Architecture + Design Studio - Imagen 2 de 19\" class=\"thumbs__img b-lazy\" data-nr-picture-id=\"6a90fdc3c615270188ac41a8\" data-pin-nopin=\"true\" src=\"https:\/\/www.europesays.com\/es\/wp-content\/uploads\/2026\/09\/the-yakisugi-cabin-alki-architecture-plus-design-studio_33.jpg\" height=\"125\" longdesc=\"https:\/\/www.archdaily.com\/es\/1184202\/la-cabana-yakisugi-alki-architecture-plus-design-studio\/6a90fdc3c615270188ac41a8-the-yakisugi-cabin-alki-architecture-plus-design-studio-photo\" title=\"\u00a9 Biddi Rowley\" width=\"125\"\/><\/a><a class=\"thumbs__link\" data-nr-picture-id=\"6a90fdc2c615270188ac41a7\" href=\"https:\/\/www.archdaily.com\/es\/1184202\/la-cabana-yakisugi-alki-architecture-plus-design-studio\/6a90fdc2c615270188ac41a7-the-yakisugi-cabin-alki-architecture-plus-design-studio-photo\" rel=\"attachment nofollow noopener\" target=\"_blank\"><img loading=\"lazy\" decoding=\"async\" alt=\"La caba\u00f1a Yakisugi \/ Alki Architecture + Design Studio - Fotograf\u00eda interior, Cocina, Madera\" class=\"thumbs__img b-lazy\" data-nr-picture-id=\"6a90fdc2c615270188ac41a7\" data-pin-nopin=\"true\" src=\"https:\/\/www.europesays.com\/es\/wp-content\/uploads\/2026\/09\/the-yakisugi-cabin-alki-architecture-plus-design-studio_20.jpg\" height=\"125\" longdesc=\"https:\/\/www.archdaily.com\/es\/1184202\/la-cabana-yakisugi-alki-architecture-plus-design-studio\/6a90fdc2c615270188ac41a7-the-yakisugi-cabin-alki-architecture-plus-design-studio-photo\" title=\"\u00a9 Biddi Rowley\" width=\"125\"\/><\/a><a class=\"thumbs__link\" data-nr-picture-id=\"6a90fdd5b71a0f0189f1b173\" href=\"https:\/\/www.archdaily.com\/es\/1184202\/la-cabana-yakisugi-alki-architecture-plus-design-studio\/6a90fdd5b71a0f0189f1b173-the-yakisugi-cabin-alki-architecture-plus-design-studio-photo\" rel=\"attachment nofollow noopener\" target=\"_blank\"><img loading=\"lazy\" decoding=\"async\" alt=\"La caba\u00f1a Yakisugi \/ Alki Architecture + Design Studio - Fotograf\u00eda interior, Madera\" class=\"thumbs__img b-lazy\" data-nr-picture-id=\"6a90fdd5b71a0f0189f1b173\" data-pin-nopin=\"true\" src=\"https:\/\/www.europesays.com\/es\/wp-content\/uploads\/2026\/09\/the-yakisugi-cabin-alki-architecture-plus-design-studio_24.jpg\" height=\"125\" longdesc=\"https:\/\/www.archdaily.com\/es\/1184202\/la-cabana-yakisugi-alki-architecture-plus-design-studio\/6a90fdd5b71a0f0189f1b173-the-yakisugi-cabin-alki-architecture-plus-design-studio-photo\" title=\"\u00a9 Biddi Rowley\" width=\"125\"\/><\/a><a class=\"thumbs__link\" data-nr-picture-id=\"6a90fdd2b71a0f0189f1b172\" href=\"https:\/\/www.archdaily.com\/es\/1184202\/la-cabana-yakisugi-alki-architecture-plus-design-studio\/6a90fdd2b71a0f0189f1b172-the-yakisugi-cabin-alki-architecture-plus-design-studio-photo\" rel=\"attachment nofollow noopener\" target=\"_blank\"><img loading=\"lazy\" decoding=\"async\" alt=\"La caba\u00f1a Yakisugi \/ Alki Architecture + Design Studio - Fotograf\u00eda interior, Madera, Iluminaci\u00f3n\" class=\"thumbs__img b-lazy\" data-nr-picture-id=\"6a90fdd2b71a0f0189f1b172\" data-pin-nopin=\"true\" src=\"https:\/\/www.europesays.com\/es\/wp-content\/uploads\/2026\/09\/the-yakisugi-cabin-alki-architecture-plus-design-studio_36.jpg\" height=\"125\" longdesc=\"https:\/\/www.archdaily.com\/es\/1184202\/la-cabana-yakisugi-alki-architecture-plus-design-studio\/6a90fdd2b71a0f0189f1b172-the-yakisugi-cabin-alki-architecture-plus-design-studio-photo\" title=\"\u00a9 Biddi Rowley\" width=\"125\"\/><\/a><a class=\"thumbs__link afd-desktop-e\" href=\"https:\/\/www.archdaily.com\/es\/1184202\/la-cabana-yakisugi-alki-architecture-plus-design-studio\/6a90fdc6b71a0f0189f1b16a-the-yakisugi-cabin-alki-architecture-plus-design-studio-photo\" rel=\"nofollow noopener\" target=\"_blank\"><img decoding=\"async\" alt=\"La caba\u00f1a Yakisugi \/ Alki Architecture + Design Studio - M\u00e1s Im\u00e1genes\" class=\"thumbs__img b-lazy\" src=\"https:\/\/www.europesays.com\/es\/wp-content\/uploads\/2026\/09\/the-yakisugi-cabin-alki-architecture-plus-design-studio_31.jpg\" itemprop=\"image\" bad-src=\"data:image\/gif;base64,R0lGODlhAQABAIAAAAUEBAAAACwAAAAAAQABAAACAkQBADs=\"\/>+ 14<\/a><\/p>\n<p class=\"article-meta__author\">Curado por <strong>Miwa Negoro<\/strong><\/p>\n<p class=\"article-meta__original-version\">Lee la versi\u00f3n original en ingl\u00e9s <a href=\"https:\/\/www.archdaily.com\/1184115\/the-yakisugi-cabin-alki-architecture-plus-design-studio\" rel=\"nofollow noopener\" target=\"_blank\">aqu\u00ed<\/a>.<\/p>\n<p>    Compartir<\/p>\n<p>Compartir<\/p>\n<ul class=\"afd-share__networks clearfix\">\n<li class=\"afd-share__social\"><a aria-label=\"Facebook\" class=\"afd-share__button\" data-insights-category=\"share\" data-insights-label=\"facebook_sharing_options\" data-insights-value=\"1184202\" data-social=\"facebook\" href=\"https:\/\/www.facebook.com\/sharer\/sharer.php?u=https:\/\/www.archdaily.cl\/es\/1184202\/la-cabana-yakisugi-alki-architecture-plus-design-studio\" rel=\"nofollow noopener\" target=\"_blank\"><\/a>\n<p>Facebook<\/p>\n<\/li>\n<li class=\"afd-share__social\"><a aria-label=\"Twitter\" class=\"afd-share__button\" data-insights-category=\"share\" data-insights-label=\"twitter_sharing_options\" data-insights-value=\"1184202\" data-social=\"twitter\" href=\"https:\/\/twitter.com\/intent\/tweet?text=La%20caba%C3%B1a%20Yakisugi%20%2F%20Alki%20Architecture%20%2B%20Design%20Studio&amp;url=https:\/\/www.archdaily.cl\/es\/1184202\/la-cabana-yakisugi-alki-architecture-plus-design-studio&amp;via=parq\" rel=\"nofollow noopener\" target=\"_blank\"><\/a>\n<p>Twitter<\/p>\n<\/li>\n<li class=\"afd-share__social\"><a class=\"afd-share__button\" data-insights-category=\"share\" data-insights-label=\"email_sharing_options\" data-insights-value=\"1184202\" data-social=\"email\" href=\"mailto:?subject=La caba\u00f1a Yakisugi \/ Alki Architecture + Design Studio&amp;body=https:\/\/www.archdaily.cl\/es\/1184202\/la-cabana-yakisugi-alki-architecture-plus-design-studio\"><\/a>\n<p>Mail<\/p>\n<\/li>\n<li class=\"afd-share__social\"><a aria-label=\"Pinterest\" class=\"afd-share__button\" data-insights-category=\"share\" data-insights-label=\"pinterest_sharing_options\" data-insights-value=\"1184202\" data-social=\"pinterest\" href=\"https:\/\/pinterest.com\/pin\/create\/button\/?url=https%3A%2F%2Fwww.archdaily.cl%2Fes%2F1184202%2Fla-cabana-yakisugi-alki-architecture-plus-design-studio&amp;media=https%3A%2F%2Fimages.adsttc.com%2Fmedia%2Fimages%2F6a90%2Ffdc6%2Fb71a%2F0f01%2F89f1%2Fb16a%2Flarge_jpg%2Fthe-yakisugi-cabin-alki-architecture-plus-design-studio_31.jpg%3F1787887073&amp;description=La%20caba%C3%B1a%20Yakisugi%20%2F%20Alki%20Architecture%20%2B%20Design%20Studio\" rel=\"nofollow noopener\" target=\"_blank\"><\/a>\n<p>Pinterest<\/p>\n<\/li>\n<li class=\"afd-share__social\"><a aria-label=\"Whatsapp\" class=\"afd-share__button\" data-action=\"share\/whatsapp\/share\" data-insights-category=\"share\" data-insights-label=\"whatsapp_sharing_options\" data-insights-value=\"1184202\" data-social=\"whatsapp\" href=\"whatsapp:\/\/send?text=La+caba%C3%B1a+Yakisugi+%2F+Alki+Architecture+%2B+Design+Studio+%7C+https%3A%2F%2Fwww.archdaily.cl%2Fes%2F1184202%2Fla-cabana-yakisugi-alki-architecture-plus-design-studio%3Futm_source%3DWhatsapp%26utm_medium%3DIM%26utm_campaign%3Dshare-button\" rel=\"nofollow\"><\/a>\n<p>Whatsapp<\/p>\n<\/li>\n<\/ul>\n<p>O<\/p>\n<p>https:\/\/www.archdaily.cl\/es\/1184202\/la-cabana-yakisugi-alki-architecture-plus-design-studio<\/p>\n<p>  Portapapeles<\/p>\n<p>              \u00abCOPY\u00bb<\/p>\n<p>Copiar<\/p>\n<ul class=\"afd-char-list afd-specs__item-container js-char-list\" wp_automatic_readability=\"-0.84355828220859\">\n<li class=\"afd-specs__item\">\n<\/li>\n<li class=\"afd-specs__item\">\n  \u00c1rea<br \/>\n  \u00c1rea del proyecto de arquitectura <\/p>\n<p>\u00c1rea:\u00a0<br \/>\n        <a href=\"https:\/\/www.archdaily.com\/search\/es\/projects\/min_area\/32\/max_area\/48?ad_name=project-specs&amp;ad_medium=single\" rel=\"nofollow noopener\" target=\"_blank\">40<\/a> m\u00b2<\/li>\n<li class=\"afd-specs__item\">\n<p>  A\u00f1o<br \/>\n  A\u00f1o del Proyecto de arquitectura<\/p>\n<p>            A\u00f1o:\u00a0<\/p>\n<p>                    <a href=\"https:\/\/www.archdaily.com\/search\/es\/projects\/year\/2025?ad_name=project-specs&amp;ad_medium=single\" rel=\"nofollow noopener\" target=\"_blank\"><br \/>\n          2025<br \/>\n        <\/a><\/p>\n<\/li>\n<li class=\"afd-specs__item\">\n<p>  Fot\u00f3grafos<\/p>\n<\/li>\n<li class=\"afd-specs__item\" wp_automatic_readability=\"1\">\n<p>  Proveedores<br \/>\n  Marcas y productos usados en este proyecto de arquitectura<\/p>\n<p>Proveedores: \u00a0Earth Studio, StrawSIP Wall Panels, Terra Lana<\/p>\n<\/li>\n<\/ul>\n<p><a class=\"js-image-size__link lazy-anchor\" href=\"https:\/\/www.archdaily.com\/es\/1184202\/la-cabana-yakisugi-alki-architecture-plus-design-studio\/6a90fdc3c615270188ac41a8-the-yakisugi-cabin-alki-architecture-plus-design-studio-photo\" rel=\"nofollow noopener\" target=\"_blank\"><img decoding=\"async\" alt=\"La caba\u00f1a Yakisugi \/ Alki Architecture + Design Studio - Imagen 2 de 19\" data-nr-picture-id=\"6a90fdc3c615270188ac41a8\" height=\"427\" itemprop=\"image\" loading=\"lazy\" longdesc=\"https:\/\/www.archdaily.com\/es\/1184202\/la-cabana-yakisugi-alki-architecture-plus-design-studio\/6a90fdc3c615270188ac41a8-the-yakisugi-cabin-alki-architecture-plus-design-studio-photo\" src=\"https:\/\/www.europesays.com\/es\/wp-content\/uploads\/2026\/09\/1788365618_400_the-yakisugi-cabin-alki-architecture-plus-design-studio_33.jpg\" width=\"640\"\/>\u00a9 Biddi Rowley<\/a><\/p>\n<p>Descripci\u00f3n enviada por el equipo del proyecto. The Yakisugi Cabin explora una arquitectura moldeada por lo que ya est\u00e1 disponible, donde la limitaci\u00f3n material se convierte en una herramienta de dise\u00f1o generativa en lugar de un obst\u00e1culo. Concebida como una vivienda compacta y trasladable, el proyecto re\u00fane materiales recuperados, artesan\u00eda tradicional y construcci\u00f3n contempor\u00e1nea de alto rendimiento para poner a prueba qu\u00e9 tan ligera puede ser la huella de un edificio tanto en su terreno como en su entorno material m\u00e1s amplio.<\/p>\n<p><img decoding=\"async\" src=\"https:\/\/www.europesays.com\/es\/wp-content\/uploads\/2026\/09\/1788365620_135_loader-blue.gif\" alt=\"Content Loader\" style=\"width: 40px; margin: 24px;\"\/><script async src=\"https:\/\/platform.twitter.com\/widgets.js\" charset=\"utf-8\"><\/script><\/p>\n","protected":false},"excerpt":{"rendered":"\u00a9 Biddi Rowley + 14 Curado por Miwa Negoro Lee la versi\u00f3n original en ingl\u00e9s aqu\u00ed. Compartir Compartir&hellip;\n","protected":false},"author":2,"featured_media":744247,"comment_status":"","ping_status":"","sticky":false,"template":"","format":"standard","meta":{"footnotes":""},"categories":[173],"tags":[17233,801,229,233,231,230,84636,232,234,146,147,25,24,19666,23,132037],"class_list":["post-744246","post","type-post","status-publish","format-standard","has-post-thumbnail","category-arte-y-diseno","tag-alojamiento","tag-arquitectura","tag-arte","tag-arte-y-diseno","tag-arts","tag-arts-and-design","tag-cabanas-lodges","tag-design","tag-diseno","tag-entertainment","tag-entretenimiento","tag-es","tag-espana","tag-hoteleria-y-entretenimiento","tag-spain","tag-wanaka"],"share_on_mastodon":{"url":"https:\/\/pubeurope.com\/@es\/117202335167502220","error":""},"_links":{"self":[{"href":"https:\/\/www.europesays.com\/es\/wp-json\/wp\/v2\/posts\/744246","targetHints":{"allow":["GET"]}}],"collection":[{"href":"https:\/\/www.europesays.com\/es\/wp-json\/wp\/v2\/posts"}],"about":[{"href":"https:\/\/www.europesays.com\/es\/wp-json\/wp\/v2\/types\/post"}],"author":[{"embeddable":true,"href":"https:\/\/www.europesays.com\/es\/wp-json\/wp\/v2\/users\/2"}],"replies":[{"embeddable":true,"href":"https:\/\/www.europesays.com\/es\/wp-json\/wp\/v2\/comments?post=744246"}],"version-history":[{"count":0,"href":"https:\/\/www.europesays.com\/es\/wp-json\/wp\/v2\/posts\/744246\/revisions"}],"wp:featuredmedia":[{"embeddable":true,"href":"https:\/\/www.europesays.com\/es\/wp-json\/wp\/v2\/media\/744247"}],"wp:attachment":[{"href":"https:\/\/www.europesays.com\/es\/wp-json\/wp\/v2\/media?parent=744246"}],"wp:term":[{"taxonomy":"category","embeddable":true,"href":"https:\/\/www.europesays.com\/es\/wp-json\/wp\/v2\/categories?post=744246"},{"taxonomy":"post_tag","embeddable":true,"href":"https:\/\/www.europesays.com\/es\/wp-json\/wp\/v2\/tags?post=744246"}],"curies":[{"name":"wp","href":"https:\/\/api.w.org\/{rel}","templated":true}]}}