{"id":744256,"date":"2026-09-02T16:19:08","date_gmt":"2026-09-02T16:19:08","guid":{"rendered":"https:\/\/www.europesays.com\/es\/744256\/"},"modified":"2026-09-02T16:19:08","modified_gmt":"2026-09-02T16:19:08","slug":"ozempic-supera-al-ayuno-intermitente-el-farmaco-ayuda-mas-a-frenar-el-envejecimiento","status":"publish","type":"post","link":"https:\/\/www.europesays.com\/es\/744256\/","title":{"rendered":"Ozempic supera al ayuno intermitente: el f\u00e1rmaco ayuda m\u00e1s a frenar el envejecimiento"},"content":{"rendered":"<p style=\"\">Someterse a una <strong>estricta restricci\u00f3n cal\u00f3rica<\/strong>, ya sea reduciendo la ingesta de comida o someti\u00e9ndose a un ayuno intermitente, es una de las claves que suelen manejar quienes investigan el envejecimiento para retrasar el reloj biol\u00f3gico y, en \u00faltima instancia, extender la esperanza de  &#8230; vida.  Sin embargo, trasladar este rigor espartano a los humanos no resulta f\u00e1cil, pues para muchos pacientes vivir pasando hambre no es una receta atractiva, mucho menos a largo plazo. <\/p>\n<p class=\"v-d-p\" style=\"\">Una alternativa podr\u00eda estar  en las mismas inyecciones que han revolucionado el tratamiento de la obesidad y la diabetes tipo 2. Una investigaci\u00f3n publicada este mi\u00e9rcoles en &#8216;<a href=\"https:\/\/www.nature.com\/articles\/s41586-026-10940-7\" target=\"_self\" data-voc-vtm-id=\"in-text-traffic\" data-mrf-link=\"www.nature.com\" rel=\"nofollow noopener\">Nature<\/a>&#8216;  revela que la semaglutida, el <strong>principio activo de f\u00e1rmacos superventas como el Ozempic o el Wegovy<\/strong>, es capaz de ralentizar el envejecimiento y extender significativamente la esperanza de vida. De momento, en ratones.<\/p>\n<p class=\"v-d-p\" style=\"\">En el estudio, ratones hembra de veinte meses (el equivalente a la tercera edad en humanos) recibieron tratamiento con este agonista del receptor GLP-1. Los resultados fueron contundentes: la mediana de supervivencia de los animales tratados <strong>alcanz\u00f3 los 834 d\u00edas, frente a los 742 d\u00edas<\/strong> del grupo de control que solo recibi\u00f3 un placebo. <\/p>\n<p class=\"v-d-p\" style=\"\">Pero la semaglutida no se limit\u00f3 a a\u00f1adir d\u00edas al calendario  de los ratones, sino que mejor\u00f3 dr\u00e1sticamente la calidad de vida durante ese tiempo extra. Las pruebas demostraron que estos animales ancianos <strong>recuperaban funciones cognitivas y f\u00edsicas<\/strong> de forma notable. Tambi\u00e9n mostraban una mayor coordinaci\u00f3n motora, una memoria espacial m\u00e1s \u00e1gil y un renovado instinto para explorar entornos nuevos. <\/p>\n<p class=\"v-d-p\" style=\"\">A nivel celular, el f\u00e1rmaco funcion\u00f3 como un escudo contra el deterioro, <strong>mitigando  caracter\u00edsticas  del envejecimiento<\/strong>  como la inflamaci\u00f3n, la disfunci\u00f3n mitocondrial, la inestabilidad gen\u00f3mica o el agotamiento de las c\u00e9lulas madre. <\/p>\n<p class=\"v-d-p\" style=\"\">El hallazgo ayuda a desentra\u00f1ar un enigma que fascinaba a los investigadores desde hace tiempo. Hasta ahora, la comunidad m\u00e9dica observaba que los pacientes tratados con medicamentos GLP-1 experimentaban beneficios colaterales sorprendentes, como una clara reducci\u00f3n en las enfermedades cardiovasculares, renales, hep\u00e1ticas e incluso neurodegenerativas. Muchos asum\u00edan que estas mejoras eran el simple resultado secundario de haber perdido peso o de haber logrado controlar los picos de az\u00facar en sangre. Sin embargo, el equipo investigador sospechaba que el medicamento <strong>interven\u00eda de manera directa<\/strong> sobre la ra\u00edz misma de casi todas las enfermedades cr\u00f3nicas: el propio proceso de envejecimiento. <\/p>\n<p>\nM\u00e1s all\u00e1 de comer menos\n<\/p>\n<p class=\"v-d-p\" style=\"\">Para comprobar esta hip\u00f3tesis emp\u00edricamente, los cient\u00edficos dise\u00f1aron una comparaci\u00f3n directa. Enfrentaron los efectos de la semaglutida con los de una dieta que imitaba exactamente la <strong>misma reducci\u00f3n de calor\u00edas que el f\u00e1rmaco induc\u00eda<\/strong> de forma natural al quitar el apetito, es decir, un d\u00e9ficit del 24% respecto a lo habitual. Aunque ambos grupos lograron adelgazar y atenuar el deterioro biol\u00f3gico, los caminos que tomaron sus metabolismos fueron radicalmente distintos. <\/p>\n<p class=\"v-a-t\">\nLos cient\u00edficos compararon ratones con semaglutida a otros sometidos a una restricci\u00f3n cal\u00f3rica similar\n<\/p>\n<p class=\"v-d-p\" style=\"\">Los roedores sometidos a la dieta estricta sufr\u00edan adaptaciones metab\u00f3licas dictadas por el hambre y pasaban por periodos de ayuno prolongado tras devorar su raci\u00f3n diaria. Por el contrario, los animales medicados manten\u00edan su tasa metab\u00f3lica normal durante el d\u00eda sin sufrir las se\u00f1ales hormonales de la inanici\u00f3n. <\/p>\n<p class=\"v-d-p\" style=\"\">Rafael de Cabo, investigador en el Instituto Nacional sobre el Envejecimiento de los Institutos Nacionales de Salud (NIH) estadounidenses en Baltimore, contextualiza en un art\u00edculo de an\u00e1lisis sobre este estudio la verdadera magnitud del descubrimiento. \u00abSi la semaglutida retrasa la aparici\u00f3n de las caracter\u00edsticas del envejecimiento a trav\u00e9s de mecanismos distintos a los de la ingesta cal\u00f3rica reducida, sus beneficios fisiol\u00f3gicos y cl\u00ednicos podr\u00edan entenderse no como una colecci\u00f3n fortuita de efectos espec\u00edficos para cada enfermedad, sino como una <strong>consecuencia de dirigirse a la biolog\u00eda compartida<\/strong> que subyace a esas enfermedades\u00bb, argumenta de Cabo. <\/p>\n<p class=\"v-d-p\" style=\"\">De hecho, el medicamento demostr\u00f3 emp\u00edricamente no ser un mero imitador de la dieta de restricci\u00f3n cal\u00f3rica. En \u00e1reas clave como la memoria espacial, el control de la glucosa y el instinto de exploraci\u00f3n, los ratones medicados con semaglutida no solo mantuvieron su nivel de salud previo, sino que <strong>superaron los indicadores iniciales<\/strong>, logrando mejores resultados funcionales que los roedores que solo pasaban hambre. <\/p>\n<p class=\"v-a-t\">\nEn el cerebro de los roedores tratados, los investigadores documentaron un incremento de nuevas neuronas en el hipocampo\n<\/p>\n<p class=\"v-d-p\" style=\"\">Adem\u00e1s, en el cerebro de los roedores tratados, los investigadores documentaron un incremento en la proliferaci\u00f3n de c\u00e9lulas madre neurales y el nacimiento de nuevas neuronas en el hipocampo, un descubrimiento muy prometedor en la futura lucha contra des\u00f3rdenes neurodegenerativos. <\/p>\n<p>\nPrecauci\u00f3n ante el salto a humanos\n<\/p>\n<p class=\"v-d-p\" style=\"\">A pesar de la euforia  que puedan despertar estos datos, la traslaci\u00f3n directa a la cl\u00ednica humana requiere todav\u00eda de una enorme cautela. Danica Chen, investigadora de la Universidad de California en Berkeley y autora principal del trabajo, recalca en el propio estudio que los resultados se han obtenido bajo <strong>condiciones muy espec\u00edficas de laboratorio<\/strong>. <\/p>\n<p class=\"v-d-p\" style=\"\">Las pruebas se realizaron exclusivamente en <strong>ratones hembra de una cepa gen\u00e9tica muy concreta<\/strong> para evitar interferencias por los comportamientos agresivos y las consiguientes lesiones t\u00edpicas de los machos. La fisiolog\u00eda de un roedor y la de un ser humano tienen, inevitablemente, distancias insalvables. En la cl\u00ednica real, uno de los efectos adversos documentados de los f\u00e1rmacos GLP-1 en humanos es la p\u00e9rdida de masa muscular magra, una consecuencia que preocupa especialmente a los geriatras si la terapia se aplicara de forma masiva y prolongada en personas mayores y fr\u00e1giles. <\/p>\n<p class=\"v-a-t\">\nA pesar de la euforia  que puedan despertar estos datos, la traslaci\u00f3n directa a la cl\u00ednica humana requiere todav\u00eda de una enorme cautela\n<\/p>\n<p class=\"v-d-p\" style=\"\">Aunque en este experimento los ratones no perdieron su fuerza ni mermaron su musculatura de soporte, el <strong>riesgo en nuestra especie no puede descartarse<\/strong> de ninguna manera sin realizar ensayos cl\u00ednicos a gran escala dise\u00f1ados espec\u00edficamente para medir estos par\u00e1metros. <\/p>\n<p class=\"v-d-p\" style=\"\">Lo que este hito  pone sobre la mesa es, indudablemente, un profundo cambio de paradigma. El debate cient\u00edfico ya no gira \u00fanicamente en torno a c\u00f3mo tratar de forma aislada cada patolog\u00eda asociada a la edad, sino en averiguar si, gracias a la inyecci\u00f3n que revolucion\u00f3 la p\u00e9rdida de peso, la medicina moderna ha acabado tropezando sin querer con el camino hacia un <strong>envejecimiento  m\u00e1s saludable<\/strong>.<\/p>\n","protected":false},"excerpt":{"rendered":"Someterse a una estricta restricci\u00f3n cal\u00f3rica, ya sea reduciendo la ingesta de comida o someti\u00e9ndose a un ayuno&hellip;\n","protected":false},"author":2,"featured_media":744257,"comment_status":"","ping_status":"","sticky":false,"template":"","format":"standard","meta":{"footnotes":""},"categories":[92],"tags":[3418,46155,16196,7993,25,24,6058,165,8799,876,166,1138,23,2606],"class_list":["post-744256","post","type-post","status-publish","format-standard","has-post-thumbnail","category-salud","tag-activo","tag-adelgaza","tag-alarga","tag-envejecimiento","tag-es","tag-espana","tag-frena","tag-health","tag-ozempic","tag-principio","tag-salud","tag-solo","tag-spain","tag-vida"],"share_on_mastodon":{"url":"https:\/\/pubeurope.com\/@es\/117202358775966162","error":""},"_links":{"self":[{"href":"https:\/\/www.europesays.com\/es\/wp-json\/wp\/v2\/posts\/744256","targetHints":{"allow":["GET"]}}],"collection":[{"href":"https:\/\/www.europesays.com\/es\/wp-json\/wp\/v2\/posts"}],"about":[{"href":"https:\/\/www.europesays.com\/es\/wp-json\/wp\/v2\/types\/post"}],"author":[{"embeddable":true,"href":"https:\/\/www.europesays.com\/es\/wp-json\/wp\/v2\/users\/2"}],"replies":[{"embeddable":true,"href":"https:\/\/www.europesays.com\/es\/wp-json\/wp\/v2\/comments?post=744256"}],"version-history":[{"count":0,"href":"https:\/\/www.europesays.com\/es\/wp-json\/wp\/v2\/posts\/744256\/revisions"}],"wp:featuredmedia":[{"embeddable":true,"href":"https:\/\/www.europesays.com\/es\/wp-json\/wp\/v2\/media\/744257"}],"wp:attachment":[{"href":"https:\/\/www.europesays.com\/es\/wp-json\/wp\/v2\/media?parent=744256"}],"wp:term":[{"taxonomy":"category","embeddable":true,"href":"https:\/\/www.europesays.com\/es\/wp-json\/wp\/v2\/categories?post=744256"},{"taxonomy":"post_tag","embeddable":true,"href":"https:\/\/www.europesays.com\/es\/wp-json\/wp\/v2\/tags?post=744256"}],"curies":[{"name":"wp","href":"https:\/\/api.w.org\/{rel}","templated":true}]}}