{"id":744270,"date":"2026-09-02T16:30:14","date_gmt":"2026-09-02T16:30:14","guid":{"rendered":"https:\/\/www.europesays.com\/es\/744270\/"},"modified":"2026-09-02T16:30:14","modified_gmt":"2026-09-02T16:30:14","slug":"zverev-casi-empieza-con-susto-y-sufre-de-lo-lindo-en-su-debut-en-nueva-york","status":"publish","type":"post","link":"https:\/\/www.europesays.com\/es\/744270\/","title":{"rendered":"Zverev casi empieza con susto y sufre de lo lindo en su debut en Nueva York"},"content":{"rendered":"<p class=\"ft-text\"><a class=\"ft-link ft-link--decoration\" href=\"https:\/\/www.sport.es\/es\/noticias\/tenis\/jodar-bu-horario-donde-ver-primer-partido-us-open-tv-directo-133762632\" rel=\"nofollow noopener\" target=\"_blank\">Alexander Zverev ha demostrado que, tras coronarse como el campe\u00f3n de Roland Garros, <\/a>tiene el mismo hambre de sumar otro Grand Slam a su palmar\u00e9s de majors. El alem\u00e1n<strong> ha cumplido esta madrugada<\/strong> en su duelo ante <strong>Lorenzo Sonego<\/strong> para sellar su pase a segunda ronda.<\/p>\n<p class=\"ft-text\">Zverev, quien<strong> disputa este torneo como el primer cabeza de serie debido a la ausencia de Jannik Sinner<\/strong>, certific\u00f3 una complicad\u00edsima batalla que se <strong>prolong\u00f3 hasta las 2 de la madrugada<\/strong>, en lo que fue una <strong>absoluta marat\u00f3n a cinco sets <\/strong>que result\u00f3 en <strong>6-4, 3-6, 6-7 (7), 7-5, 6-4<\/strong> a favor del alem\u00e1n.<\/p>\n<p class=\"ft-text\">Tras <strong>sellar una victoria muy sufrida<\/strong> en el Arthur Ashe Stadium,<strong> el alem\u00e1n apenas ten\u00eda fuerzas para contestar las preguntas a pie de pista<\/strong>. Cortito y al pie, dijo lo siguiente: <strong>\u00abEstoy feliz de que gan\u00e9. Eso es todo, es el tipo de triunfo que necesito\u00bb.<\/strong><\/p>\n<p>A punto de la derrota&#8230;<\/p>\n<p class=\"ft-text\">Zverev estuvo <strong>a dos puntos de la derrota<\/strong> en el cuarto set, pero<strong> se recuper\u00f3 y se impuso en el quinto set, evitando convertirse en el primer n\u00famero 1 del ranking en caer en primera ronda <\/strong>de un<strong> Grand Slam desde 2003, en Wimbledon.<\/strong><\/p>\n<p class=\"ft-text\">Su rival no se lo puso nada f\u00e1cil y es que Sonego jug\u00f3 un gran partido, siendo muy agresivo y s\u00f3lido, <strong>complic\u00e1ndole much\u00edsimo el debut<\/strong>. Ambos se hab\u00edan visto las caras hasta en seis ocasiones, todas ellas ganadas por Zverev.<\/p>\n<p class=\"ft-text\"><strong>El primer favorito en el US Open<\/strong> ha cumplido en su primera jornada en Nueva York y, en la siguiente ronda, <strong>se enfrentar\u00e1 al franc\u00e9s Quentin Halys,<\/strong> con quien parte de un balance de <strong>2-0 a favor del alem\u00e1n<\/strong>. La \u00faltima vez que disputaron un partido fue en la pasada edici\u00f3n de Roland Garros, donde finalmente &#8216;Sascha&#8217; se hizo con su primer Grand Slam.<\/p>\n<p>Una temporada buena para el alem\u00e1n <\/p>\n<p class=\"ft-text\">Podr\u00edamos decir que <strong>Zverev es uno de los top cinco tenistas que ha tenido una temporada m\u00e1s regular, participando en m\u00e1s torneos <\/strong>y siendo de los pocos que <strong>han llegado m\u00e1s lejos en los Grand Slams.<\/strong><\/p>\n<p class=\"ft-text\"><strong>En el Open de Australia lleg\u00f3 hasta semifinales, <\/strong>donde perdi\u00f3 ante Alcaraz, <strong>en Par\u00eds consigui\u00f3 ganar su primer grande<\/strong>, levantando el t\u00edtulo de Roland Garros, en<strong> Wimbledon lleg\u00f3 a la final, <\/strong>donde perdi\u00f3 ante Sinner, y ahora da sus primeros pasos en el US Open.<\/p>\n<p class=\"ft-text\">Alexander Zverev <strong>ya sabe lo que es aspirar a ser el ganador en este torneo<\/strong>, cuando <strong>lleg\u00f3 a la final en 2020. Seis a\u00f1os atr\u00e1s perdi\u00f3 la oportunidad de brillar en la Gran Manzana<\/strong> tras verse superado por Dominic Thiem, a pesar de que los dos primeros sets cayeron de su lado.<\/p>\n<p>Si ha sufrido con un casi top 100&#8230;\u00bfqu\u00e9 pasar\u00e1 cuando se mida con los mejores? <\/p>\n<p class=\"ft-text\">Ahora se le presenta una nueva oportunidad para poder <strong>enmendar ese &#8216;error&#8217;<\/strong>, gracias a que su nivel ha mejorado con creces, sobre todo desde el a\u00f1o pasado, y <strong>el cuadro est\u00e1 m\u00e1s abierto que nunca debido a la ausencia de Sinner y la derrota de Djokovic.<\/strong><\/p>\n<p class=\"ft-text\">Como <strong>principal rival del alem\u00e1n para ganar el \u00faltimo major est\u00e1, sin duda, Carlos Alcaraz,<\/strong> quien ha regresado despu\u00e9s de meses alejado del circuito, pero tambi\u00e9n con <strong>la intenci\u00f3n de recuperar el tiempo perdido.<\/strong><\/p>\n<p class=\"ft-text\">El problema que se le presenta a Zverev es que, s<strong>i ha sido tan complicado superar a un rival con la posici\u00f3n 89 <\/strong>en el ranking, <strong>\u00bfqu\u00e9 pasar\u00e1 cuando tenga que enfrentarse a sus verdaderas amenazas?<\/strong><\/p>\n","protected":false},"excerpt":{"rendered":"Alexander Zverev ha demostrado que, tras coronarse como el campe\u00f3n de Roland Garros, tiene el mismo hambre de&hellip;\n","protected":false},"author":2,"featured_media":744271,"comment_status":"","ping_status":"","sticky":false,"template":"","format":"standard","meta":{"footnotes":""},"categories":[274],"tags":[6896,545,168,7954,25,24,24375,20585,23,167,11463,6095,327,326,541,546,12952],"class_list":["post-744270","post","type-post","status-publish","format-standard","has-post-thumbnail","category-tenis","tag-alexander-zverev","tag-carlos-alcaraz","tag-deportes","tag-empieza","tag-es","tag-espana","tag-lindo","tag-roland-garros","tag-spain","tag-sports","tag-sufre","tag-susto","tag-tenis","tag-tennis","tag-us-open","tag-wimbledon","tag-zverev"],"share_on_mastodon":{"url":"https:\/\/pubeurope.com\/@es\/117202401904263491","error":""},"_links":{"self":[{"href":"https:\/\/www.europesays.com\/es\/wp-json\/wp\/v2\/posts\/744270","targetHints":{"allow":["GET"]}}],"collection":[{"href":"https:\/\/www.europesays.com\/es\/wp-json\/wp\/v2\/posts"}],"about":[{"href":"https:\/\/www.europesays.com\/es\/wp-json\/wp\/v2\/types\/post"}],"author":[{"embeddable":true,"href":"https:\/\/www.europesays.com\/es\/wp-json\/wp\/v2\/users\/2"}],"replies":[{"embeddable":true,"href":"https:\/\/www.europesays.com\/es\/wp-json\/wp\/v2\/comments?post=744270"}],"version-history":[{"count":0,"href":"https:\/\/www.europesays.com\/es\/wp-json\/wp\/v2\/posts\/744270\/revisions"}],"wp:featuredmedia":[{"embeddable":true,"href":"https:\/\/www.europesays.com\/es\/wp-json\/wp\/v2\/media\/744271"}],"wp:attachment":[{"href":"https:\/\/www.europesays.com\/es\/wp-json\/wp\/v2\/media?parent=744270"}],"wp:term":[{"taxonomy":"category","embeddable":true,"href":"https:\/\/www.europesays.com\/es\/wp-json\/wp\/v2\/categories?post=744270"},{"taxonomy":"post_tag","embeddable":true,"href":"https:\/\/www.europesays.com\/es\/wp-json\/wp\/v2\/tags?post=744270"}],"curies":[{"name":"wp","href":"https:\/\/api.w.org\/{rel}","templated":true}]}}