{"id":744274,"date":"2026-09-02T16:33:21","date_gmt":"2026-09-02T16:33:21","guid":{"rendered":"https:\/\/www.europesays.com\/es\/744274\/"},"modified":"2026-09-02T16:33:21","modified_gmt":"2026-09-02T16:33:21","slug":"eitb-volvera-a-retransmitir-partidos-del-baskonia-en-abierto","status":"publish","type":"post","link":"https:\/\/www.europesays.com\/es\/744274\/","title":{"rendered":"EITB volver\u00e1 a retransmitir partidos del Baskonia en abierto"},"content":{"rendered":"<p>\n        <strong>La ACB anunci\u00f3 este mi\u00e9rcoles un acuerdo con la TVG, Arag\u00f3n TV y EITB para unirse a las retransmisiones de la Liga Endesa en las temporadas 2026-27 y 2027-28<\/strong>. Las televisiones auton\u00f3micas de Galicia, Arag\u00f3n y Pa\u00eds Vasco volver\u00e1n a retransmitir en abierto la ACB once a\u00f1os despu\u00e9s y se unen a TV3\/3Cat en Catalu\u00f1a para configurar una cita habitual en abierto los domingos por la ma\u00f1ana.\n<\/p>\n<p class=\"article-body__text \">\n        En el caso concreto de la EITB<strong>, tendr\u00e1 citas habituales con la Liga Endesa las dos pr\u00f3ximas temporadas, con 10 partidos<\/strong> que podr\u00e1n verse en abierto en Euskadi por campa\u00f1a.\n<\/p>\n<p>            <a href=\"https:\/\/www.noticiasdealava.eus\/baskonia\/2026\/09\/02\/felix-fernandez-fichaje-baskonia-chris-duarte-declaraciones-11494600.html\" title=\"F\u00e9lix Fern\u00e1ndez: &quot;Nos falta fichar jugadores interiores, no necesariamente cupos&quot;\" class=\"new__media\" rel=\"nofollow noopener\" target=\"_blank\"><\/p>\n<p>                <img alt=\"F\u00e9lix Fern\u00e1ndez: &quot;Nos falta fichar jugadores interiores, no necesariamente cupos&quot;\" data-src=\"https:\/\/www.europesays.com\/es\/wp-content\/uploads\/2026\/09\/1788366800_394_afc90c3b-b98b-43b2-aa50-073cd51ba124_16-9-aspect-ratio_default_0_x652y566.jpg\" class=\"lozad\"\/><\/p>\n<p>        <\/a><\/p>\n<p>        <a href=\"https:\/\/www.noticiasdealava.eus\/baskonia\/2026\/09\/02\/felix-fernandez-fichaje-baskonia-chris-duarte-declaraciones-11494600.html\" title=\"F\u00e9lix Fern\u00e1ndez: &quot;Nos falta fichar jugadores interiores, no necesariamente cupos&quot;\" class=\"new__headline\" rel=\"nofollow noopener\" target=\"_blank\"><br \/>\n            F\u00e9lix Fern\u00e1ndez: \u00abNos falta fichar jugadores interiores, no necesariamente cupos\u00bb<br \/>\n        <\/a><\/p>\n<p class=\"article-body__text \">\n        <strong>El Baskonia y el Surne Bilbao se repartir\u00e1n el protagonismo de los 10 encuentros<\/strong>, con el Leyma Coru\u00f1a &#8211; Surne Bilbao de la segunda jornada (domingo 4 de octubre, 12:00h) como primera cita en ETB1 y kirolakeitb.eus.\n<\/p>\n<p class=\"article-body__text \">\n        El conjunto gasteiztarra, por su parte, tiene cinco encuentros programados para el domingo a las 12.00 horas, que se postulan para ser los que los aficionados azulgranas puedan disfrutar en abierto este curso: <strong>El derbi contra el Bilbao Basket el 22 de noviembre, la visita del Obradoiro al Buesa el 8 de diciembre, la visita del Breog\u00e1n el 27 de diciembre, el Baskonia-Zaragoza el 28 de marzo y el Girona-Baskonia el 18 de abril<\/strong>.\n<\/p>\n<p>            <a href=\"https:\/\/www.noticiasdealava.eus\/baskonia\/2026\/09\/02\/miguel-angel-hoyo-completa-staff-tecnico-del-baskonia-11494572.html\" title=\"Miguel \u00c1ngel Hoyo completa el staff t\u00e9cnico del Baskonia\" class=\"new__media\" rel=\"nofollow noopener\" target=\"_blank\"><\/p>\n<p>                <img alt=\"Miguel \u00c1ngel Hoyo completa el staff t\u00e9cnico del Baskonia\" data-src=\"https:\/\/estaticosgn-cdn.deia.eus\/clip\/fa039d5e-6714-463d-8e51-eef2a67d46ee_16-9-aspect-ratio_default_0.\" class=\"lozad\"\/><\/p>\n<p>        <\/a><\/p>\n<p>        <a href=\"https:\/\/www.noticiasdealava.eus\/baskonia\/2026\/09\/02\/miguel-angel-hoyo-completa-staff-tecnico-del-baskonia-11494572.html\" title=\"Miguel \u00c1ngel Hoyo completa el staff t\u00e9cnico del Baskonia\" class=\"new__headline\" rel=\"nofollow noopener\" target=\"_blank\"><br \/>\n            Miguel \u00c1ngel Hoyo completa el staff t\u00e9cnico del Baskonia<br \/>\n        <\/a><\/p>\n<p class=\"article-body__text \">\n        <strong>El resto de duelos se podr\u00e1n ver mediante una suscripci\u00f3n de pago en DAZN.<\/strong> Adem\u00e1s, tambi\u00e9n est\u00e1n disponibles a trav\u00e9s de DAZN en Movistar Plus+, con dos partidos en la oferta para todos sus clientes y el resto para el paquete deportes o baloncesto, as\u00ed como en Orange TV y Vodafone TV. Las retransmisiones tambi\u00e9n son accesibles mediante contrataci\u00f3n en otros operadores OTT y de telefon\u00eda.<\/p>\n","protected":false},"excerpt":{"rendered":"La ACB anunci\u00f3 este mi\u00e9rcoles un acuerdo con la TVG, Arag\u00f3n TV y EITB para unirse a las&hellip;\n","protected":false},"author":2,"featured_media":744275,"comment_status":"","ping_status":"","sticky":false,"template":"","format":"standard","meta":{"footnotes":""},"categories":[269],"tags":[299,298,4714,168,74248,25,24,6758,88890,23,167,7705],"class_list":["post-744274","post","type-post","status-publish","format-standard","has-post-thumbnail","category-baloncesto","tag-baloncesto","tag-basketball","tag-baskonia","tag-deportes","tag-eitb","tag-es","tag-espana","tag-partidos","tag-retransmitir","tag-spain","tag-sports","tag-volvera"],"share_on_mastodon":{"url":"https:\/\/pubeurope.com\/@es\/117202413628068066","error":""},"_links":{"self":[{"href":"https:\/\/www.europesays.com\/es\/wp-json\/wp\/v2\/posts\/744274","targetHints":{"allow":["GET"]}}],"collection":[{"href":"https:\/\/www.europesays.com\/es\/wp-json\/wp\/v2\/posts"}],"about":[{"href":"https:\/\/www.europesays.com\/es\/wp-json\/wp\/v2\/types\/post"}],"author":[{"embeddable":true,"href":"https:\/\/www.europesays.com\/es\/wp-json\/wp\/v2\/users\/2"}],"replies":[{"embeddable":true,"href":"https:\/\/www.europesays.com\/es\/wp-json\/wp\/v2\/comments?post=744274"}],"version-history":[{"count":0,"href":"https:\/\/www.europesays.com\/es\/wp-json\/wp\/v2\/posts\/744274\/revisions"}],"wp:featuredmedia":[{"embeddable":true,"href":"https:\/\/www.europesays.com\/es\/wp-json\/wp\/v2\/media\/744275"}],"wp:attachment":[{"href":"https:\/\/www.europesays.com\/es\/wp-json\/wp\/v2\/media?parent=744274"}],"wp:term":[{"taxonomy":"category","embeddable":true,"href":"https:\/\/www.europesays.com\/es\/wp-json\/wp\/v2\/categories?post=744274"},{"taxonomy":"post_tag","embeddable":true,"href":"https:\/\/www.europesays.com\/es\/wp-json\/wp\/v2\/tags?post=744274"}],"curies":[{"name":"wp","href":"https:\/\/api.w.org\/{rel}","templated":true}]}}