{"id":744276,"date":"2026-09-02T16:34:23","date_gmt":"2026-09-02T16:34:23","guid":{"rendered":"https:\/\/www.europesays.com\/es\/744276\/"},"modified":"2026-09-02T16:34:23","modified_gmt":"2026-09-02T16:34:23","slug":"siete-jugadores-de-la-plantilla-del-real-zaragoza-del-descenso-y-un-caso-especial-siguen-sin-equipo-tras-finalizar-el-mercado-de-fichajes","status":"publish","type":"post","link":"https:\/\/www.europesays.com\/es\/744276\/","title":{"rendered":"Siete jugadores de la plantilla del Real Zaragoza del descenso, y un caso especial, siguen sin equipo tras finalizar el mercado de fichajes"},"content":{"rendered":"<p class=\"ft-text ft-helper-closenews\"><strong>Siete futbolistas que perpetraron el mayor desastre de la historia del Real Zaragoza, el descenso a Primera RFEF, siguen sin equipo tras la finalizaci\u00f3n del mercado de fichajes.<\/strong> Y, entre los que encontraron nuevo club, pocos son los que han continuado en Espa\u00f1a. El resto han tenido que marcharse al extranjero y a ligas, en muchos casos, menores, para poder encontrar acomodo. Una realidad que deja bien a las claras la falta de nivel de la plantilla blanquilla del a\u00f1o pasado.<\/p>\n<p class=\"ft-text\"><strong>Pablo Insua,<\/strong> pese al inter\u00e9s de la Cultural Leonesa de Primera RFEF y de tener opciones en el extranjero contin\u00faa sin equipo, lo mismo que <strong>Radovanovic<\/strong>, compa\u00f1ero suyo en el centro de la defensa. Y otro de los zagueros del curso pasado, el lateral izquierdo <strong>Juan Larios<\/strong>, rescindi\u00f3 contrato con el Southampton (quien en su d\u00eda pag\u00f3 7 millones de euros por \u00e9l) cerca de la medianoche, por lo que podr\u00e1 elegir equipo en el paro y firmar por cualquier club. Seguramente, por su juventud, sea el futbolista con mejor cartel.<\/p>\n<p class=\"ft-text\"><strong>Toni Moya y Ra\u00fal Guti<\/strong> tambi\u00e9n siguen sin equipo. El extreme\u00f1o, pese a su experiencia en Segunda tras su paso por el Deportivo Alav\u00e9s y el Real Zaragoza, no ha encontrado acomodo y sigue en el paro. Y el aragon\u00e9s est\u00e1 entrenando entre un centro deportivo de su propiedad y el Stadium Venecia para el trabajo de c\u00e9sped. Rechaz\u00f3 al Sabadell de Segunda y al Volos griego, de la Superliga helena; y ha tenido opciones en M\u00e9xico y otros pa\u00edses extranjeros, pero o no fueron m\u00e1s all\u00e1 o no ha habido acuerdo econ\u00f3mico.<\/p>\n<p class=\"ft-text\"><strong>Paulino de la Fuente<\/strong> es el que, sin duda, m\u00e1s dif\u00edcil lo va a tener <a class=\"ft-link ft-link--decoration\" href=\"https:\/\/www.elperiodicodearagon.com\/real-zaragoza\/2026\/09\/02\/pesadilla-acaba-paulino-fuente-sigue-133847576.html\" target=\"_blank\" rel=\"nofollow noopener\">ya que sigue de baja por la lesi\u00f3n de rodilla que se produjo el pasado mes de noviembre.<\/a> La idea del extremo es entrenar en Cantabria con la vista puesta en poder volver a jugar a f\u00fatbol entre el final de a\u00f1o y enero, cuando est\u00e1 abierto el mercado invernal. Ahora mismo, estando a\u00fan lesionado y con una dolencia tan grave y larga, era pr\u00e1cticamente imposible que ning\u00fan equipo apostase por \u00e9l.<\/p>\n<p class=\"ft-text\">Y queda <strong>Dani G\u00f3mez<\/strong>, que tambi\u00e9n est\u00e1 trabajando con un entrenador personal y que no tiene equipo. Su gran cach\u00e9 en relaci\u00f3n a sus n\u00fameros ha sido el gran lastre para contratar al delantero, que tambi\u00e9n contin\u00faa sin destino.<\/p>\n<p class=\"ft-text\">Caso especial es el de <strong>Paul Akouokou.<\/strong> Tras su fiasco de cesi\u00f3n al Real Zaragoza, el Olympique de Lyon quiere darle salida rescindido pero el futbolista se ha negado a un acuerdo ya que quiere los 1,5 millones de su ficha \u00edntegros, por lo que se ha quedado en el club franc\u00e9s, aunque totalmente apartado. Quedan mercados abiertos como Serbia, Israel, Grecia, Rusia, Polonia, Turqu\u00eda o Rep\u00fablica Checa, entre otros, y quiz\u00e1 ah\u00ed encuentre una v\u00eda de salida.<\/p>\n<p>Pocos en Espa\u00f1a<\/p>\n<p class=\"ft-text\">Del resto, pocos son los futbolistas que han continuado en Espa\u00f1a y que terminaban contrato o no contaban en sus clubs. <strong>Mario Sober\u00f3n y Rober Gonz\u00e1lez<\/strong> est\u00e1n en el Albacete, <strong>Mawuli <\/strong>firm\u00f3 mediado el mes de agosto con el Ceuta y <strong>Tasende <\/strong>fue el primero en fichar por un equipo y fue el C\u00f3rdoba.<\/p>\n<p class=\"ft-text\"><strong>Adri\u00e1n Rodr\u00edguez<\/strong> se ha quedado en el Alav\u00e9s con rol de segundo guardameta, <strong>Andrada <\/strong>tambi\u00e9n ha permanecido en el Monterrey mexicano y a Primera RFEF se han marchado <strong>Aguirregabiria <\/strong>(Mirand\u00e9s), <strong>Bakis <\/strong>(N\u00e1stic) y <strong>Pomares <\/strong>(Cultural Leonesa).<\/p>\n<p class=\"ft-text\">De los que no ten\u00edan contrato o volvieron a sus clubs de origen, pocos han sido los que han terminado en una Liga de buen nivel competitivo. <strong>El Yamiq <\/strong>ha firmado en el Eyupspor de la Superliga turca, <strong>Keidi Bare<\/strong> en el Volos y <strong>Kodro en el <\/strong>OFI Creta de la Superliga griega y Valery, en el Acad\u00e9mico de Viseu de la Primeira Liga portuguesa.<\/p>\n<p class=\"ft-text\">El resto han bajado uno o varios escalones: <strong>Sebas Moyano<\/strong> se ha ido a Tailandia, <strong>Cumic <\/strong>al Partiz\u00e1n serbio y <strong>Agada <\/strong>ha regresado a Israel.<\/p>\n<p class=\"ft-text\">Por \u00faltimo, los jugadores con contrato y con cartel s\u00ed que han mejorado categor\u00eda y condiciones, como era de esperar. <strong>Juan Sebasti\u00e1n<\/strong> firm\u00f3 con el Andorra en Segunda, <strong>Gomes <\/strong>se fue al Venezia, <strong>Bazdar <\/strong>al Sint-Truiden belga, <strong>Liso <\/strong>se march\u00f3 al Mallorca, claro candidato a regresar a Primera, y <strong>Francho <\/strong>fue vendido al Getafe.<\/p>\n<p data-close=\"closedContent\" class=\"subscribeHideForDisplay\">Suscr\u00edbete para seguir leyendo<\/p>\n","protected":false},"excerpt":{"rendered":"Siete futbolistas que perpetraron el mayor desastre de la historia del Real Zaragoza, el descenso a Primera RFEF,&hellip;\n","protected":false},"author":2,"featured_media":744277,"comment_status":"","ping_status":"","sticky":false,"template":"","format":"standard","meta":{"footnotes":""},"categories":[268],"tags":[6985,168,25,24,12608,280,282,2713,1429,798,799,5294,281,23,167,491],"class_list":["post-744276","post","type-post","status-publish","format-standard","has-post-thumbnail","category-futbol","tag-caso","tag-deportes","tag-es","tag-espana","tag-especial","tag-football","tag-futbol","tag-jugadores","tag-plantilla","tag-real","tag-real-zaragoza","tag-siete","tag-soccer","tag-spain","tag-sports","tag-zaragoza"],"share_on_mastodon":{"url":"https:\/\/pubeurope.com\/@es\/117202417495665959","error":""},"_links":{"self":[{"href":"https:\/\/www.europesays.com\/es\/wp-json\/wp\/v2\/posts\/744276","targetHints":{"allow":["GET"]}}],"collection":[{"href":"https:\/\/www.europesays.com\/es\/wp-json\/wp\/v2\/posts"}],"about":[{"href":"https:\/\/www.europesays.com\/es\/wp-json\/wp\/v2\/types\/post"}],"author":[{"embeddable":true,"href":"https:\/\/www.europesays.com\/es\/wp-json\/wp\/v2\/users\/2"}],"replies":[{"embeddable":true,"href":"https:\/\/www.europesays.com\/es\/wp-json\/wp\/v2\/comments?post=744276"}],"version-history":[{"count":0,"href":"https:\/\/www.europesays.com\/es\/wp-json\/wp\/v2\/posts\/744276\/revisions"}],"wp:featuredmedia":[{"embeddable":true,"href":"https:\/\/www.europesays.com\/es\/wp-json\/wp\/v2\/media\/744277"}],"wp:attachment":[{"href":"https:\/\/www.europesays.com\/es\/wp-json\/wp\/v2\/media?parent=744276"}],"wp:term":[{"taxonomy":"category","embeddable":true,"href":"https:\/\/www.europesays.com\/es\/wp-json\/wp\/v2\/categories?post=744276"},{"taxonomy":"post_tag","embeddable":true,"href":"https:\/\/www.europesays.com\/es\/wp-json\/wp\/v2\/tags?post=744276"}],"curies":[{"name":"wp","href":"https:\/\/api.w.org\/{rel}","templated":true}]}}