{"id":744336,"date":"2026-09-02T17:14:16","date_gmt":"2026-09-02T17:14:16","guid":{"rendered":"https:\/\/www.europesays.com\/es\/744336\/"},"modified":"2026-09-02T17:14:16","modified_gmt":"2026-09-02T17:14:16","slug":"la-jueza-nuria-ruiz-tobarra-quiere-prorrogar-la-causa-de-la-dana-hasta-la-vispera-de-las-elecciones-autonomicas","status":"publish","type":"post","link":"https:\/\/www.europesays.com\/es\/744336\/","title":{"rendered":"La jueza Nuria Ruiz Tobarra quiere prorrogar la causa de la dana hasta la v\u00edspera de las elecciones auton\u00f3micas"},"content":{"rendered":"<p class=\"paragraph\">N<b>uria Ruiz Tobarra<\/b>, la jueza de Catarroja que investiga la gesti\u00f3n de la dana del 29 de octubre de 2024 en Valencia, quiere<a href=\"https:\/\/www.eldebate.com\/espana\/comunidad-valenciana\/20260902\/juez-dana-valencia-eleva-hasta-232-cifra-oficial-muertos-riada-casi-dos-anos-despues_454611.html\" title=\"La jueza de la dana de Valencia eleva hasta los 232 la cifra oficial de muertos por la riada casi dos a\u00f1os despu\u00e9s\" rel=\"nofollow noopener\" target=\"_blank\"> prorrogar la instrucci\u00f3n de la causa hasta las v\u00edspera de las elecciones auton\u00f3micas<\/a> y municipales del pr\u00f3ximo a\u00f1o.<\/p>\n<p class=\"paragraph\">La magistrada ha planteado a las partes <b>una nueva pr\u00f3rroga de la instrucci\u00f3n <\/b>de seis meses a partir de la fecha de su vencimiento, es decir, desde el pr\u00f3ximo 30 de octubre.<\/p>\n<p class=\"paragraph\">En una de sus primeras resoluciones <b>tras la vuelta del periodo vacacional<\/b>, la instructora pregunta sobre esta ampliaci\u00f3n del plazo procesal tanto a la Fiscal\u00eda como al resto de partes personadas, a las que marca un plazo de cinco d\u00edas para presentar alegaciones.<\/p>\n<p class=\"paragraph\">Por otra parte, la jueza informa de que ya se han incorporado a la causa los informes del Instituto de Medicina Legal respecto de dos de las ocho posibles v\u00edctimas mortales de la dana cuya incorporaci\u00f3n a la causa sigue en estudio.<\/p>\n<p class=\"paragraph\">Estos informes sobre la posible relaci\u00f3n de causalidad de los fallecimientos con las riadas y sus consecuencias deber\u00e1n ser analizados ahora por el Ministerio Fiscal, y posteriormente la instructora adoptara una decisi\u00f3n definitiva.<\/p>\n<p class=\"paragraph\">Precisamente este mi\u00e9rcoles se ha acordado la inclusi\u00f3n de una nueva v\u00edctima en el procedimiento, la 232, una mujer de Guadassuar (Valencia) con insuficiencia respiratoria cr\u00f3nica que se qued\u00f3 sin el ox\u00edgeno que precisaba tras la inundaci\u00f3n de su domicilio y el corte del suministro el\u00e9ctrico.<\/p>\n","protected":false},"excerpt":{"rendered":"Nuria Ruiz Tobarra, la jueza de Catarroja que investiga la gesti\u00f3n de la dana del 29 de octubre&hellip;\n","protected":false},"author":2,"featured_media":744337,"comment_status":"","ping_status":"","sticky":false,"template":"","format":"standard","meta":{"footnotes":""},"categories":[5],"tags":[17,18,25,24,13,14,11,19,20,9,10,15,16,23,12,21,22],"class_list":["post-744336","post","type-post","status-publish","format-standard","has-post-thumbnail","category-titulares","tag-breaking-news","tag-breakingnews","tag-es","tag-espana","tag-featured-news","tag-featurednews","tag-headlines","tag-latest-news","tag-latestnews","tag-news","tag-noticias","tag-noticias-destacadas","tag-noticiasdestacadas","tag-spain","tag-titulares","tag-ultimas-noticias","tag-ultimasnoticias"],"share_on_mastodon":{"url":"https:\/\/pubeurope.com\/@es\/117202574799339018","error":""},"_links":{"self":[{"href":"https:\/\/www.europesays.com\/es\/wp-json\/wp\/v2\/posts\/744336","targetHints":{"allow":["GET"]}}],"collection":[{"href":"https:\/\/www.europesays.com\/es\/wp-json\/wp\/v2\/posts"}],"about":[{"href":"https:\/\/www.europesays.com\/es\/wp-json\/wp\/v2\/types\/post"}],"author":[{"embeddable":true,"href":"https:\/\/www.europesays.com\/es\/wp-json\/wp\/v2\/users\/2"}],"replies":[{"embeddable":true,"href":"https:\/\/www.europesays.com\/es\/wp-json\/wp\/v2\/comments?post=744336"}],"version-history":[{"count":0,"href":"https:\/\/www.europesays.com\/es\/wp-json\/wp\/v2\/posts\/744336\/revisions"}],"wp:featuredmedia":[{"embeddable":true,"href":"https:\/\/www.europesays.com\/es\/wp-json\/wp\/v2\/media\/744337"}],"wp:attachment":[{"href":"https:\/\/www.europesays.com\/es\/wp-json\/wp\/v2\/media?parent=744336"}],"wp:term":[{"taxonomy":"category","embeddable":true,"href":"https:\/\/www.europesays.com\/es\/wp-json\/wp\/v2\/categories?post=744336"},{"taxonomy":"post_tag","embeddable":true,"href":"https:\/\/www.europesays.com\/es\/wp-json\/wp\/v2\/tags?post=744336"}],"curies":[{"name":"wp","href":"https:\/\/api.w.org\/{rel}","templated":true}]}}