{"id":744364,"date":"2026-09-02T17:36:16","date_gmt":"2026-09-02T17:36:16","guid":{"rendered":"https:\/\/www.europesays.com\/es\/744364\/"},"modified":"2026-09-02T17:36:16","modified_gmt":"2026-09-02T17:36:16","slug":"un-accidente-de-autobus-deja-22-muertos-y-28-heridos-en-el-sinai-egipcio","status":"publish","type":"post","link":"https:\/\/www.europesays.com\/es\/744364\/","title":{"rendered":"Un accidente de autob\u00fas deja 22 muertos y 28 heridos en el Sina\u00ed egipcio"},"content":{"rendered":"<p>    <img src=\"https:\/\/www.europesays.com\/es\/wp-content\/uploads\/2026\/09\/2026-09-02T123A013A18Z-91993095.jpg\" width=\"1024\" height=\"682\" alt=\"\" loading=\"eager\" decoding=\"sync\" fetchpriority=\"high\"\/><\/p>\n<p>            afp_tickers        <\/p>\n<p>        Este contenido fue publicado en    <\/p>\n<p>        02 septiembre 2026 &#8211; 14:01\n<\/p>\n<p>Un accidente de autob\u00fas en la pen\u00ednsula del Sina\u00ed, en Egipto, dej\u00f3 22 muertos y 28 heridos el mi\u00e9rcoles, seg\u00fan un nuevo balance del Ministerio de Sanidad.<\/p>\n<p>Diez jordanos figuran entre las v\u00edctimas, inform\u00f3 la cadena p\u00fablica jordana Al Mamlaka, que precis\u00f3 que el veh\u00edculo transportaba a un total de 43 personas, de las cuales 22 eran ciudadanos jordanos.<\/p>\n<p>El accidente se produjo en la carretera que une las localidades tur\u00edsticas de Dahab y Nuweiba. Veinte ambulancias fueron enviadas al lugar para evacuar a los heridos y prestarles los primeros auxilios, a\u00f1adi\u00f3 el ministerio egipcio. El balance anterior era de 16 muertos.<\/p>\n<p>No se han dado a conocer las causas.<\/p>\n<p>Im\u00e1genes de AFP muestran el autob\u00fas volcado y escombros esparcidos a lo largo de la carretera.<\/p>\n<p>La regi\u00f3n es un destino tur\u00edstico conocido por su biodiversidad marina, sus paisajes naturales y sus rutas de senderismo.<\/p>\n<p>Este tipo de accidentes son frecuentes en Egipto y suelen atribuirse a comportamientos peligrosos al volante y al mal mantenimiento de los veh\u00edculos y las carreteras.<\/p>\n<p>El a\u00f1o pasado, cerca de 6.000 personas murieron en todo el pa\u00eds, seg\u00fan la agencia egipcia de estad\u00edstica.<\/p>\n<p>El mes pasado, al menos 18 personas, en su mayor\u00eda adolescentes, fallecieron en un accidente entre dos camionetas que transportaban a trabajadores agr\u00edcolas en el norte de Egipto.<\/p>\n<p>bha\/hme\/avl\/pc\/ahg<\/p>\n","protected":false},"excerpt":{"rendered":"afp_tickers Este contenido fue publicado en 02 septiembre 2026 &#8211; 14:01 Un accidente de autob\u00fas en la pen\u00ednsula&hellip;\n","protected":false},"author":2,"featured_media":744365,"comment_status":"","ping_status":"","sticky":false,"template":"","format":"standard","meta":{"footnotes":""},"categories":[42],"tags":[14037,17,18,82,637,13,14,11,61,62,63,64,19,20,9,10,15,16,36508,90,12,22917,21,22,65,66,67],"class_list":["post-744364","post","type-post","status-publish","format-standard","has-post-thumbnail","category-internacional","tag-accident-general","tag-breaking-news","tag-breakingnews","tag-business","tag-disaster","tag-featured-news","tag-featurednews","tag-headlines","tag-internacional","tag-international","tag-international-news","tag-internationalnews","tag-latest-news","tag-latestnews","tag-news","tag-noticias","tag-noticias-destacadas","tag-noticiasdestacadas","tag-road-transport","tag-ticker","tag-titulares","tag-transport","tag-ultimas-noticias","tag-ultimasnoticias","tag-world","tag-world-news","tag-worldnews"],"share_on_mastodon":{"url":"https:\/\/pubeurope.com\/@es\/117202661312889965","error":""},"_links":{"self":[{"href":"https:\/\/www.europesays.com\/es\/wp-json\/wp\/v2\/posts\/744364","targetHints":{"allow":["GET"]}}],"collection":[{"href":"https:\/\/www.europesays.com\/es\/wp-json\/wp\/v2\/posts"}],"about":[{"href":"https:\/\/www.europesays.com\/es\/wp-json\/wp\/v2\/types\/post"}],"author":[{"embeddable":true,"href":"https:\/\/www.europesays.com\/es\/wp-json\/wp\/v2\/users\/2"}],"replies":[{"embeddable":true,"href":"https:\/\/www.europesays.com\/es\/wp-json\/wp\/v2\/comments?post=744364"}],"version-history":[{"count":0,"href":"https:\/\/www.europesays.com\/es\/wp-json\/wp\/v2\/posts\/744364\/revisions"}],"wp:featuredmedia":[{"embeddable":true,"href":"https:\/\/www.europesays.com\/es\/wp-json\/wp\/v2\/media\/744365"}],"wp:attachment":[{"href":"https:\/\/www.europesays.com\/es\/wp-json\/wp\/v2\/media?parent=744364"}],"wp:term":[{"taxonomy":"category","embeddable":true,"href":"https:\/\/www.europesays.com\/es\/wp-json\/wp\/v2\/categories?post=744364"},{"taxonomy":"post_tag","embeddable":true,"href":"https:\/\/www.europesays.com\/es\/wp-json\/wp\/v2\/tags?post=744364"}],"curies":[{"name":"wp","href":"https:\/\/api.w.org\/{rel}","templated":true}]}}