{"id":744368,"date":"2026-09-02T17:38:18","date_gmt":"2026-09-02T17:38:18","guid":{"rendered":"https:\/\/www.europesays.com\/es\/744368\/"},"modified":"2026-09-02T17:38:18","modified_gmt":"2026-09-02T17:38:18","slug":"registran-la-vivienda-del-supuesto-homicida-del-joven-taxista-en-azpeitia","status":"publish","type":"post","link":"https:\/\/www.europesays.com\/es\/744368\/","title":{"rendered":"Registran la vivienda del supuesto homicida del joven taxista en Azpeitia"},"content":{"rendered":"<p class=\"c-paragraph\">La <a href=\"https:\/\/www.20minutos.es\/tags\/temas\/ertzaintza.html\" title=\"Ertzaintza\" rel=\"nofollow noopener\" target=\"_blank\">Ertzaintza <\/a>ha registrado este mi\u00e9rcoles la vivienda en Azpeitia (Gipuzkoa) del hombre que, presuntamente, <a href=\"https:\/\/www.20minutos.es\/pais-vasco\/guipuzcoa\/asesinado-por-un-disparo-un-hombre-que-conducia-un-taxi-azpeitia_7031737_0.html\" title=\"Asesinado por un disparo un hombre que conduc\u00eda un taxi en Azpeitia\" rel=\"nofollow noopener\" target=\"_blank\">acab\u00f3 este pasado martes con la vida de un taxista<\/a> de 30 a\u00f1os. Los agentes de la Polic\u00eda tambi\u00e9n han inspeccionado otra vivienda en el mismo municipio, en el marco de un operativo <b>para tratar de localizar al sospechoso<\/b>, que se dio a la fuga en un veh\u00edculo tras los hechos, seg\u00fan han informado testigos presenciales.<\/p>\n<p class=\"c-paragraph\">El operativo, en el que participan varias patrullas de la Polic\u00eda Vasca dentro de <b>la investigaci\u00f3n que permanece abierta <\/b>para la b\u00fasqueda del autor de los hechos, se ha desplegado a lo largo de este mi\u00e9rcoles en el barrio azpeitiarra de Landeta.<\/p>\n<p class=\"c-paragraph\">En total, seis patrullas, con agentes de la Ertzaintza y de la Polic\u00eda local, se encontraban sobre las 14.00 horas de este mi\u00e9rcoles, en la zona del pol\u00edgono industrial. Un<b> gran n\u00famero de agentes<\/b> han accedido al domicilio del presunto autor de la muerte del joven, en un edificio de viviendas ubicado junto a los citados pabellones, y registraron la casa, seg\u00fan fuentes de la investigaci\u00f3n.<\/p>\n<p class=\"c-paragraph\">Momentos antes de las tres de la tarde los agentes han abandonado el domicilio del sospechoso y, adem\u00e1s de este registro, se ha inspeccionado, al menos, <b>otra vivienda de la localidad<\/b>.<\/p>\n<p class=\"c-paragraph\">El suceso se produjo en la tarde de este pasado martes en la localidad guipuzcoana de Azpeitia, donde un hombre<b> perdi\u00f3 la vida tras recibir disparos<\/b> con arma de fuego. La Polic\u00eda Vasca abri\u00f3 una investigaci\u00f3n para esclarecer los hechos, que contin\u00faa en curso.<\/p>\n<p class=\"c-paragraph\">Seg\u00fan testigos presenciales, <b>el sospechoso embisti\u00f3 el coche del joven<\/b>, que, cuando baj\u00f3 del veh\u00edculo, recibi\u00f3 los disparos. Por su parte, el presunto autor huy\u00f3 en un autom\u00f3vil gris. La v\u00edctima es un joven de 30 a\u00f1os, taxista de profesi\u00f3n, aunque tambi\u00e9n es muy <b>conocido en la localidad por su trabajo como DJ<\/b>, faceta en la que habr\u00eda pinchado en conocidas salas como Dabadaba o Pagoa.<\/p>\n","protected":false},"excerpt":{"rendered":"La Ertzaintza ha registrado este mi\u00e9rcoles la vivienda en Azpeitia (Gipuzkoa) del hombre que, presuntamente, acab\u00f3 este pasado&hellip;\n","protected":false},"author":2,"featured_media":744369,"comment_status":"","ping_status":"","sticky":false,"template":"","format":"standard","meta":{"footnotes":""},"categories":[5],"tags":[17,18,25,24,13,14,11,34209,1928,19,20,9,10,15,16,19017,23,8841,12,21,22,3633],"class_list":["post-744368","post","type-post","status-publish","format-standard","has-post-thumbnail","category-titulares","tag-breaking-news","tag-breakingnews","tag-es","tag-espana","tag-featured-news","tag-featurednews","tag-headlines","tag-homicida","tag-joven","tag-latest-news","tag-latestnews","tag-news","tag-noticias","tag-noticias-destacadas","tag-noticiasdestacadas","tag-registran","tag-spain","tag-supuesto","tag-titulares","tag-ultimas-noticias","tag-ultimasnoticias","tag-vivienda"],"share_on_mastodon":{"url":"https:\/\/pubeurope.com\/@es\/117202669108201683","error":""},"_links":{"self":[{"href":"https:\/\/www.europesays.com\/es\/wp-json\/wp\/v2\/posts\/744368","targetHints":{"allow":["GET"]}}],"collection":[{"href":"https:\/\/www.europesays.com\/es\/wp-json\/wp\/v2\/posts"}],"about":[{"href":"https:\/\/www.europesays.com\/es\/wp-json\/wp\/v2\/types\/post"}],"author":[{"embeddable":true,"href":"https:\/\/www.europesays.com\/es\/wp-json\/wp\/v2\/users\/2"}],"replies":[{"embeddable":true,"href":"https:\/\/www.europesays.com\/es\/wp-json\/wp\/v2\/comments?post=744368"}],"version-history":[{"count":0,"href":"https:\/\/www.europesays.com\/es\/wp-json\/wp\/v2\/posts\/744368\/revisions"}],"wp:featuredmedia":[{"embeddable":true,"href":"https:\/\/www.europesays.com\/es\/wp-json\/wp\/v2\/media\/744369"}],"wp:attachment":[{"href":"https:\/\/www.europesays.com\/es\/wp-json\/wp\/v2\/media?parent=744368"}],"wp:term":[{"taxonomy":"category","embeddable":true,"href":"https:\/\/www.europesays.com\/es\/wp-json\/wp\/v2\/categories?post=744368"},{"taxonomy":"post_tag","embeddable":true,"href":"https:\/\/www.europesays.com\/es\/wp-json\/wp\/v2\/tags?post=744368"}],"curies":[{"name":"wp","href":"https:\/\/api.w.org\/{rel}","templated":true}]}}