{"id":744376,"date":"2026-09-02T17:48:13","date_gmt":"2026-09-02T17:48:13","guid":{"rendered":"https:\/\/www.europesays.com\/es\/744376\/"},"modified":"2026-09-02T17:48:13","modified_gmt":"2026-09-02T17:48:13","slug":"nace-el-primer-nieto-de-john-lennon-45-anos-despues-de-la-muerte-del-artista-sean-lennon-presenta-a-su-hijo","status":"publish","type":"post","link":"https:\/\/www.europesays.com\/es\/744376\/","title":{"rendered":"Nace el primer nieto de John Lennon 45 a\u00f1os despu\u00e9s de la muerte del artista: Sean Lennon presenta a su hijo"},"content":{"rendered":"<p class=\"p1\"><a title=\"Sean Ono Lennon\" href=\"https:\/\/www.larazon.es\/cultura\/los-otros-mccartney-y-lennon-los-descendientes-EM19510730\/\" target=\"_blank\" rel=\"nofollow noopener\"><b>Sean Ono Lennon<\/b><\/a>, hijo de John Lennon y Yoko Ono, ha sido padre por primera vez a los 50 a\u00f1os. El m\u00fasico y su pareja, la modelo y artista Charlotte Kemp Muhl, de 39 a\u00f1os, han presentado a su hijo Aurelius, el primer nieto de John Lennon.<\/p>\n<p class=\"p1\">La pareja dio a conocer la noticia este martes, 1 de septiembre. <b>Sean Lennon public\u00f3 en sus redes sociales una fotograf\u00eda junto al reci\u00e9n nacido <\/b>y escribi\u00f3: \u201cCharlotte y yo queremos anunciar que, efectivamente, hemos creado un ser humano. Se llama Aurelius. \u00a1Gracias!\u201d.<\/p>\n<p class=\"p1\">En la fotograf\u00eda, <b>Sean y Charlotte aparecen juntos con el reci\u00e9n nacido<\/b>. Artistas como Patti Smith, Willow Smith y Dominic Fike aprovecharon la publicaci\u00f3n para felicitar a la pareja.<\/p>\n<p>Sean Lennon comparte las primeras im\u00e1genes de Aurelius<\/p>\n<p class=\"p1\">El hijo de John Lennon public\u00f3 despu\u00e9s m\u00e1s im\u00e1genes del reci\u00e9n nacido. En una de ellas aparece sosteniendo a Aurelius, envuelto en una manta blanca, y en otra se puede ver a Charlotte Kemp Muhl con el peque\u00f1o en el hospital.<\/p>\n<p class=\"p1\"><b>Kemp Muhl tambi\u00e9n ha compartido varias fotograf\u00edas junto a su hijo<\/b>. La artista cont\u00f3 adem\u00e1s que ya han comenzado a ponerle m\u00fasica de Aphex Twin y del compositor \u00cdgor Stravinski.<\/p>\n<p class=\"p2\">Sean Lennon y Charlotte Kemp Muhl mantienen una relaci\u00f3n desde 2007, aunque se conocieron dos a\u00f1os antes en el festival de Coachella. Ambos han colaborado adem\u00e1s en varios proyectos musicales y crearon juntos la banda The Ghost of a Saber Tooth Tiger.<\/p>\n<p>Una carrera ligada a la m\u00fasica<\/p>\n<p class=\"p1\"><b>Sean Lennon naci\u00f3 en 1975<\/b>, hijo de John Lennon y Yoko Ono. Ten\u00eda cinco a\u00f1os cuando su padre fue asesinado en Nueva York en diciembre de 1980. Con los a\u00f1os, tambi\u00e9n acab\u00f3 dedic\u00e1ndose a la m\u00fasica.<\/p>\n<p class=\"p1\">Adem\u00e1s de publicar varios discos en solitario, ha trabajado con su madre y participado en diferentes proyectos. Tambi\u00e9n ha ejercido como productor y en 2017 <b>colabor\u00f3 con Lana Del Rey<\/b> en Lust for Life, \u00e1lbum en el que ambos interpretaron \u201cTomorrow Never Came\u201d.<\/p>\n<p class=\"p2\">Sean ha hablado en varias ocasiones de c\u00f3mo la m\u00fasica le ayud\u00f3 a<b> <a title=\"afrontar la muerte de su padre\" href=\"https:\/\/www.larazon.es\/videojuegos\/altura-padre-hijo-john-lennon-rompe-silencio-casting-beatles_2025041167f90b92fa7e170001b612bd.html\" target=\"_blank\" rel=\"nofollow noopener\">afrontar la muerte de su padre<\/a><\/b>. \u201cPerd\u00ed a mi padre y no sab\u00eda c\u00f3mo llenar ese vac\u00edo\u201d, explic\u00f3 a People en 2024. Aprender a tocar sus canciones con la guitarra, cont\u00f3, fue una forma de afrontar la p\u00e9rdida y de sentirse conectado con \u00e9l.<\/p>\n","protected":false},"excerpt":{"rendered":"Sean Ono Lennon, hijo de John Lennon y Yoko Ono, ha sido padre por primera vez a los&hellip;\n","protected":false},"author":2,"featured_media":744377,"comment_status":"","ping_status":"","sticky":false,"template":"","format":"standard","meta":{"footnotes":""},"categories":[174],"tags":[121618,255,146,147,25,24,256,260,7946,23],"class_list":["post-744376","post","type-post","status-publish","format-standard","has-post-thumbnail","category-famosos","tag-b51m","tag-celebrities","tag-entertainment","tag-entretenimiento","tag-es","tag-espana","tag-famosos","tag-gente","tag-john-lennon","tag-spain"],"share_on_mastodon":{"url":"https:\/\/pubeurope.com\/@es\/117202708473180443","error":""},"_links":{"self":[{"href":"https:\/\/www.europesays.com\/es\/wp-json\/wp\/v2\/posts\/744376","targetHints":{"allow":["GET"]}}],"collection":[{"href":"https:\/\/www.europesays.com\/es\/wp-json\/wp\/v2\/posts"}],"about":[{"href":"https:\/\/www.europesays.com\/es\/wp-json\/wp\/v2\/types\/post"}],"author":[{"embeddable":true,"href":"https:\/\/www.europesays.com\/es\/wp-json\/wp\/v2\/users\/2"}],"replies":[{"embeddable":true,"href":"https:\/\/www.europesays.com\/es\/wp-json\/wp\/v2\/comments?post=744376"}],"version-history":[{"count":0,"href":"https:\/\/www.europesays.com\/es\/wp-json\/wp\/v2\/posts\/744376\/revisions"}],"wp:featuredmedia":[{"embeddable":true,"href":"https:\/\/www.europesays.com\/es\/wp-json\/wp\/v2\/media\/744377"}],"wp:attachment":[{"href":"https:\/\/www.europesays.com\/es\/wp-json\/wp\/v2\/media?parent=744376"}],"wp:term":[{"taxonomy":"category","embeddable":true,"href":"https:\/\/www.europesays.com\/es\/wp-json\/wp\/v2\/categories?post=744376"},{"taxonomy":"post_tag","embeddable":true,"href":"https:\/\/www.europesays.com\/es\/wp-json\/wp\/v2\/tags?post=744376"}],"curies":[{"name":"wp","href":"https:\/\/api.w.org\/{rel}","templated":true}]}}