{"id":744380,"date":"2026-09-02T17:53:35","date_gmt":"2026-09-02T17:53:35","guid":{"rendered":"https:\/\/www.europesays.com\/es\/744380\/"},"modified":"2026-09-02T17:53:35","modified_gmt":"2026-09-02T17:53:35","slug":"quien-es-duane-davis-declarado-culpable-del-asesinato-del-rapero-tupac-shakur-hace-30-anos-y-el-libro-de-memorias-que-fue-clave-para-incriminarlo","status":"publish","type":"post","link":"https:\/\/www.europesays.com\/es\/744380\/","title":{"rendered":"Qui\u00e9n es Duane Davis, declarado culpable del asesinato del rapero Tupac Shakur hace 30 a\u00f1os (y el libro de memorias que fue clave para incriminarlo)"},"content":{"rendered":"<p class=\"mb-4 text-lg md:leading-8 break-words\"><strong>Duane \u00abKeffe D.\u00bb Davis sugiri\u00f3 en varias ocasiones que pudo haber estado involucrado en el asesinato del rapero Tupac Shakur, ocurrido el 7 de septiembre de 1996.<\/strong><\/p>\n<p class=\"mb-4 text-lg md:leading-8 break-words\">Se lo dijo a investigadores de la polic\u00eda en 2008 y 2009 y luego, cuando public\u00f3 un libro sobre su vida en 2019 -Compton Street legend (Leyenda de la calle Compton)-, insinu\u00f3 su participaci\u00f3n en el homicidio asegurando: \u00abSoy uno de los pocos testigos vivientes del asesinato de Tupac\u00bb.<\/p>\n<p class=\"mb-4 text-lg md:leading-8 break-words\">Ahora, 30 a\u00f1os despu\u00e9s del crimen que marc\u00f3 la historia del hip-hop en EE.UU., Davis fue declarado culpable y se convirti\u00f3 en el primer condenado por el asesinato.<\/p>\n<p><img alt=\"Un oficial de polic\u00eda de Las Vegas muestra una foto de Davis ante una conferencia de prensa.\" loading=\"lazy\" width=\"960\" height=\"630\" decoding=\"async\" data-nimg=\"1\" class=\"rounded-lg\" style=\"color:transparent\" src=\"https:\/\/www.europesays.com\/es\/wp-content\/uploads\/2026\/09\/https:\/\/media.zenfs.com\/es\/bbc_news_mundo_254\/be0c97f350d7a1d6ba2353f835790c12.jpg\"\/><\/p>\n<p>Davis fue arrestado en 2023 por la polic\u00eda de Las Vegas. [Getty Images]<\/p>\n<p class=\"mb-4 text-lg md:leading-8 break-words\">En junio, una jueza permiti\u00f3 que tanto el libro como una serie de entrevistas que Davis le dio a la polic\u00eda en 2008 y 2009 bajo un acuerdo para que no se le incriminara, se usaran en el juicio que empez\u00f3 con los argumentos orales el pasado 17 de agosto.<\/p>\n<p class=\"mb-4 text-lg md:leading-8 break-words\">La defensa de Davis intent\u00f3 impedir el uso del libro como evidencia diciendo que muchas partes hab\u00edan sido \u00abficcionalizadas\u00bb con el fin de vender copias, y que era imposible establecer qu\u00e9 era real y qu\u00e9 no bas\u00e1ndose en el texto.<\/p>\n<p class=\"mb-4 text-lg md:leading-8 break-words\">Pero la jueza asegur\u00f3 que Davis hab\u00eda adoptado todas las declaraciones en el libro como propias y en el texto asegura varias veces que estaba diciendo la verdad, por lo que le dio validez como material probatorio.<\/p>\n<p class=\"mb-4 text-lg md:leading-8 break-words\">Keffe D. Davis, de 63 a\u00f1os, dijo al final del juicio que \u00abquisiera apelar\u00bb el caso. El juez explic\u00f3 entonces que esto podr\u00eda ocurrir una vez concluida la sentencia.<\/p>\n<p>El crimen<img alt=\"La portada del diario Daily News anunciando la muerte de Tupac.\" loading=\"lazy\" width=\"717\" height=\"1024\" decoding=\"async\" data-nimg=\"1\" class=\"rounded-lg\" style=\"color:transparent\" src=\"https:\/\/www.europesays.com\/es\/wp-content\/uploads\/2026\/09\/https:\/\/media.zenfs.com\/es\/bbc_news_mundo_254\/3a5a2c29d8f42cf31e84c4e8aa95ad93.jpg\"\/><\/p>\n<p>El asesinato de Tupac Shakur sacudi\u00f3 el mundo de la m\u00fasica en los a\u00f1os 90. [Getty Images]<\/p>\n<p class=\"mb-4 text-lg md:leading-8 break-words\">La importancia que ha adquirido el asesinato de Tupac se puede explicar por el contexto en el que ocurri\u00f3: en la d\u00e9cada de los a\u00f1os 90, cuando las rivalidades entre pandillas alcanzaron el mundo del rap.<\/p>\n<p class=\"mb-4 text-lg md:leading-8 break-words\">Los enfrentamientos entre las pandillas que dominaban Los \u00c1ngeles en ese momento (los Bloods \u2014a menudo identificados con el color rojo\u2014 y los Crips, que se identificaban con el azul) se extendieron a las ondas radiales y se convirtieron en una rivalidad nacional, entre el rap de la costa este y el de la costa oeste de EE.UU.<\/p>\n<p class=\"mb-4 text-lg md:leading-8 break-words\">Los dos sellos discogr\u00e1ficos que mejor representaban esa rivalidad eran Death Row Records, del empresario Suge Knight -para el que cantaban estrellas como Tupac, Snoop Dogg y Dr. Dre-, y Bad Boy Records, de Sean \u00abDiddy\u00bb Combs, con estrellas como The Notorious B.I.G. y Faith Evans.<\/p>\n<p class=\"mb-4 text-lg md:leading-8 break-words\">La noche fat\u00eddica empez\u00f3 cuando Tupac y Knight asistieron a un combate de boxeo entre Mike Tyson y Bruce Seldon en el MGM Grand de Las Vegas.<\/p>\n<p class=\"mb-4 text-lg md:leading-8 break-words\">Despu\u00e9s de la pelea, las c\u00e1maras de seguridad del hotel captaron a Tupac y a miembros de su s\u00e9quito \u2014quienes, seg\u00fan la polic\u00eda, estaban vinculados a la pandilla callejera Mob Piru Bloods\u2014 agrediendo a un hombre llamado Orlando Anderson, presunto miembro de los South Side Compton Crips.<\/p>\n<p class=\"mb-4 text-lg md:leading-8 break-words\">Unas tres horas despu\u00e9s de la agresi\u00f3n, Tupac viajaba en el asiento del copiloto del BMW de Knight por Las Vegas cuando un Cadillac blanco se situ\u00f3 a su lado y abri\u00f3 fuego.<\/p>\n<p class=\"mb-4 text-lg md:leading-8 break-words\">Tupac recibi\u00f3 cuatro impactos de bala y falleci\u00f3 seis d\u00edas m\u00e1s tarde.<\/p>\n<p>Las confesiones de Davis<img alt=\"El fiscal Binu Palala ofrece las declaraciones de apertura durante la audiencia en contra de Davis.\" loading=\"lazy\" width=\"960\" height=\"640\" decoding=\"async\" data-nimg=\"1\" class=\"rounded-lg\" style=\"color:transparent\" src=\"https:\/\/www.europesays.com\/es\/wp-content\/uploads\/2026\/09\/https:\/\/media.zenfs.com\/es\/bbc_news_mundo_254\/233518fec06f33b46c24c456f44d8182.jpg\"\/><\/p>\n<p>El fiscal Binu Palal argument\u00f3 que Davis ha confesado su participaci\u00f3n en diferentes ocasiones. [Getty Images]<\/p>\n<p class=\"mb-4 text-lg md:leading-8 break-words\">Seg\u00fan le cont\u00f3 el fiscal Binu Palal al jurado en su testimonio de apertura, la primera vez que Davis habl\u00f3 sobre su papel en el asesinato fue en 1998, en un caso independiente al de Tupac.<\/p>\n<p class=\"mb-4 text-lg md:leading-8 break-words\">La polic\u00eda hab\u00eda decidido interrogarlo despu\u00e9s del asesinato de Notorious B.I.G., el famoso rapero de la costa este que muri\u00f3 en un asesinato similar al de Tupac, en 1997.<\/p>\n<p class=\"mb-4 text-lg md:leading-8 break-words\">Pero Davis, al no tener informaci\u00f3n del caso de Notorious B.I.G., dijo que dar\u00eda datos sobre el caso de Tupac si no se le incriminaba.<\/p>\n<p class=\"mb-4 text-lg md:leading-8 break-words\">Palal adem\u00e1s argument\u00f3 que, en 2019, Davis public\u00f3 su propio libro, en el que aseguraba estar furioso por la paliza que su sobrino Orlando Anderson hab\u00eda recibido. Tambi\u00e9n dijo que estuvo en Las Vegas la noche de la pelea, que consigui\u00f3 el arma, que viajaba en el Cadillac blanco y que le entreg\u00f3 el arma a otra persona.<\/p>\n<p class=\"mb-4 text-lg md:leading-8 break-words\">\u00abUn elemento constante en todas estas declaraciones es la ira visceral de Duane Davis hacia Tupac Shakur por haber agredido a su sobrino\u00bb, dijo Palal.<\/p>\n<p class=\"mb-4 text-lg md:leading-8 break-words\">Tambi\u00e9n ley\u00f3 una cita del libro de Davis: \u00abQue se abalanzaran sobre mi sobrino nos dio la luz verde definitiva para hacerles pagar\u00bb.<\/p>\n<p class=\"mb-4 text-lg md:leading-8 break-words\">Pero para la defensa, el caso de la fiscal\u00eda se basa en hechos de \u00abficci\u00f3n\u00bb.<\/p>\n<p class=\"mb-4 text-lg md:leading-8 break-words\">El abogado de Davis, Michael Sanft, argument\u00f3 que el libro hab\u00eda sido \u00abficcionalizado\u00bb buscando vender copias y que era pr\u00e1cticamente imposible saber qu\u00e9 partes hab\u00eda escrito Davis en realidad.<\/p>\n<p>Declarado culpable<img alt=\"Davis, junto a su abogado, durante los testimonios iniciales del juicio en su contra.\" loading=\"lazy\" width=\"960\" height=\"640\" decoding=\"async\" data-nimg=\"1\" class=\"rounded-lg\" style=\"color:transparent\" src=\"https:\/\/www.europesays.com\/es\/wp-content\/uploads\/2026\/09\/https:\/\/media.zenfs.com\/es\/bbc_news_mundo_254\/8cb9f82917dbefe92b244f7a9bf80fc0.jpg\"\/><\/p>\n<p>Para la defensa de Davis, las declaraciones en el libro son una \u00abobra de ficci\u00f3n\u00bb. [Getty Images]<\/p>\n<p class=\"mb-4 text-lg md:leading-8 break-words\">En el esperado juicio a Davis, este lunes, los hechos se desarrollaron muy r\u00e1pido.<\/p>\n<p class=\"mb-4 text-lg md:leading-8 break-words\">Tras apenas 3 horas de deliberaci\u00f3n, el jurado lo declar\u00f3 culpable.<\/p>\n<p class=\"mb-4 text-lg md:leading-8 break-words\">Davis no cambi\u00f3 su expresi\u00f3n al escuchar el veredicto y fue escoltado fuera de la sala del tribunal por los agentes.<\/p>\n<p class=\"mb-4 text-lg md:leading-8 break-words\">Justo antes de que la sala quedara vacia, el juez fij\u00f3 la fecha de la sentencia de Davis para el 13 de octubre.<\/p>\n<p class=\"mb-4 text-lg md:leading-8 break-words\">Mientras le\u00eda los pasos procesales que se realizar\u00edan, el acusado pareci\u00f3 interrumpir levantando la mano.<\/p>\n<p class=\"mb-4 text-lg md:leading-8 break-words\">\u00abQuisiera recuperar mis pertenencias\u00bb, dijo, enumerando algunos objetos personales, incluido su tel\u00e9fono.<\/p>\n<p class=\"mb-4 text-lg md:leading-8 break-words\">Luego afirm\u00f3 que apelar\u00eda la decisi\u00f3n.<\/p>\n<p><a data-ylk=\"ct:story;elm:img;itc:0;\" data-yga=\"{&quot;yLinkElement&quot;:&quot;link&quot;,&quot;yLinkElementType&quot;:&quot;article_link&quot;}\" class=\"stretched-box\" href=\"https:\/\/trib.al\/yG4LVEm\" rel=\"noopener noreferrer nofollow\" target=\"_blank\"><img alt=\"Siguenos en nuestro canal de WhatsApp\" loading=\"lazy\" width=\"728\" height=\"90\" decoding=\"async\" data-nimg=\"1\" class=\"rounded-lg\" style=\"color:transparent\" src=\"https:\/\/www.europesays.com\/es\/wp-content\/uploads\/2026\/09\/https:\/\/d29szjachogqwa.cloudfront.net\/images\/user-uploaded\/whatsapp_banner_medium_purple_%281%29_888.jpeg\"\/><\/a><\/p>\n<p>Siguenos en nuestro canal de WhatsApp<\/p>\n<p class=\"mb-4 text-lg md:leading-8 break-words\"><strong>Tambi\u00e9n te puede interesar | EN VIDEO<\/strong><\/p>\n","protected":false},"excerpt":{"rendered":"Duane \u00abKeffe D.\u00bb Davis sugiri\u00f3 en varias ocasiones que pudo haber estado involucrado en el asesinato del rapero&hellip;\n","protected":false},"author":2,"featured_media":744381,"comment_status":"","ping_status":"","sticky":false,"template":"","format":"standard","meta":{"footnotes":""},"categories":[170],"tags":[2494,132048,132047,132051,132052,132053,132049,146,147,25,24,37520,132057,184,185,132054,132055,132056,23,17838,132050,82030],"class_list":["post-744380","post","type-post","status-publish","format-standard","has-post-thumbnail","category-musica","tag-davis","tag-davis-fue-arrestado-en","tag-davis-fue-declarado","tag-davis-publico-su-propio-libro","tag-duane-keffe-d","tag-el-abogado-de-davis","tag-el-asesinato-de-tupac-shakur","tag-entertainment","tag-entretenimiento","tag-es","tag-espana","tag-getty-images","tag-la-noche","tag-music","tag-musica","tag-palal-al-jurado-en-su-testimonio-de-apertura","tag-pero-davis","tag-pero-para-la-defensa","tag-spain","tag-tambien","tag-tupac","tag-tupac-shakur"],"share_on_mastodon":{"url":"https:\/\/pubeurope.com\/@es\/117202729628684335","error":""},"_links":{"self":[{"href":"https:\/\/www.europesays.com\/es\/wp-json\/wp\/v2\/posts\/744380","targetHints":{"allow":["GET"]}}],"collection":[{"href":"https:\/\/www.europesays.com\/es\/wp-json\/wp\/v2\/posts"}],"about":[{"href":"https:\/\/www.europesays.com\/es\/wp-json\/wp\/v2\/types\/post"}],"author":[{"embeddable":true,"href":"https:\/\/www.europesays.com\/es\/wp-json\/wp\/v2\/users\/2"}],"replies":[{"embeddable":true,"href":"https:\/\/www.europesays.com\/es\/wp-json\/wp\/v2\/comments?post=744380"}],"version-history":[{"count":0,"href":"https:\/\/www.europesays.com\/es\/wp-json\/wp\/v2\/posts\/744380\/revisions"}],"wp:featuredmedia":[{"embeddable":true,"href":"https:\/\/www.europesays.com\/es\/wp-json\/wp\/v2\/media\/744381"}],"wp:attachment":[{"href":"https:\/\/www.europesays.com\/es\/wp-json\/wp\/v2\/media?parent=744380"}],"wp:term":[{"taxonomy":"category","embeddable":true,"href":"https:\/\/www.europesays.com\/es\/wp-json\/wp\/v2\/categories?post=744380"},{"taxonomy":"post_tag","embeddable":true,"href":"https:\/\/www.europesays.com\/es\/wp-json\/wp\/v2\/tags?post=744380"}],"curies":[{"name":"wp","href":"https:\/\/api.w.org\/{rel}","templated":true}]}}