{"id":744398,"date":"2026-09-02T18:02:20","date_gmt":"2026-09-02T18:02:20","guid":{"rendered":"https:\/\/www.europesays.com\/es\/744398\/"},"modified":"2026-09-02T18:02:20","modified_gmt":"2026-09-02T18:02:20","slug":"manresa-guarda-un-minuto-de-silencio-y-anuncia-que-se-personara-como-acusacion-popular-por-el-apunalamiento-de-este-martes","status":"publish","type":"post","link":"https:\/\/www.europesays.com\/es\/744398\/","title":{"rendered":"Manresa guarda un minuto de silencio y anuncia que se personar\u00e1 como acusaci\u00f3n popular por el apu\u00f1alamiento de este martes"},"content":{"rendered":"<p class=\"c-paragraph\">La ciudad de Manresa (<a href=\"https:\/\/www.20minutos.es\/tags\/lugares\/barcelona.html\" title=\"Barcelona\" rel=\"nofollow noopener\" target=\"_blank\">Barcelona<\/a>) ha guardado este mi\u00e9rcoles <b>un minuto de silencio por el asesinato de un hombre de 45 a\u00f1os<\/b>, vecino de la poblaci\u00f3n cercana de Castellnou de Bages, que muri\u00f3 apu\u00f1alado durante la madrugada del martes. Asimismo, y durante el acto, el alcalde Marc Aloy ha anunciado que<b> el Ayuntamiento se personar\u00e1 como acusaci\u00f3n popular<\/b> en la causa.<\/p>\n<p class=\"c-paragraph\">\u201cEs obvio que algo ha fallado. <b>Sabemos que los autores no era la primera vez que delinqu\u00edan<\/b>\u201d, ha afirmado Aloy, que ha reclamado una respuesta firme por parte de la justicia. \u201cSi la justicia no es <b>rigurosa e impecable<\/b> con los culpables, existe un grave problema\u201d, ha a\u00f1adido.<\/p>\n<p class=\"c-paragraph\">El minuto de silencio se ha celebrado a las 12.00 horas frente al consistorio y <b>ha contado con la presencia del conseller de Justicia<\/b>, Ramon Espadaler; la delegada del Govern en la Catalunya Central, \u00c8lia Tortolero, y representantes municipales.<\/p>\n<p class=\"c-paragraph\">Aloy ha pedido adem\u00e1s a todas las formaciones pol\u00edticas que hagan \u201cpi\u00f1a\u201d y <b>mantengan una condena conjunta<\/b> ante unos hechos que ha calificado de especialmente graves. \u201cEstamos, estaremos y llegaremos donde sea necesario\u201d, ha asegurado.<\/p>\n<p>Apu\u00f1alado en plena calle<\/p>\n<p class=\"c-paragraph\">Respecto al crimen, los Mossos d&#8217;Esquadra han detenido este martes a <b>dos menores de 15 y 16 a\u00f1os por su presunta relaci\u00f3n con el crimen<\/b>. La v\u00edctima fue localizada gravemente herida la madrugada del mismo d\u00eda en la calle Sant Jaume de Manresa y acab\u00f3 falleciendo pese a los intentos de reanimaci\u00f3n.<\/p>\n<p class=\"c-paragraph\">En una entrevista en Catalunya R\u00e0dio, la\u00a0consellera d&#8217;Interior, N\u00faria Parlon, ha\u00a0remarcado este mi\u00e9rcoles que los<b>\u00a0<\/b>dos menores arrestados <b>son nacidos en<\/b>\u00a0<a href=\"https:\/\/www.20minutos.es\/tags\/temas\/catalunya.html\" title=\"Catalunya\" target=\"_blank\" rel=\"nofollow noopener\">Catalunya. La consellera ha hecho esta precisi\u00f3n despu\u00e9s de los mensajes difundidos en las \u00faltimas horas sobre el origen de los arrestados y ha pedido<\/a>\u00a0<b>no aprovechar un suceso \u201cgrav\u00edsimo\u201d para alimentar discursos de \u201codio\u201d<\/b>.<\/p>\n<p class=\"c-paragraph\">Parlon ha concretado que ambos j\u00f3venes ten\u00edan familia:\u00a0<b>uno es hijo de padres catalanes y el otro de padres inmigrantes<\/b>, aunque los dos nacieron en Catalunya. De esta manera ha querido dejar claro que\u00a0<b>ninguno de ellos era un \u00abmenor no acompa\u00f1ado\u00bb<\/b>\u00a0ni resid\u00eda en un centro de menores.<\/p>\n<p class=\"c-paragraph\">Preguntada por los mensajes publicados por el l\u00edder de Vox en Catalunya, Ignacio Garriga, y la presidenta de Alian\u00e7a Catalana, S\u00edlvia Orriols, la consellera ha criticado que se utilice un crimen de estas caracter\u00edsticas para realizar\u00a0<b>asociaciones \u201coportunistas y xen\u00f3fobas\u201d<\/b>. \u201cNo podemos jugar con el enfrentamiento\u201d ni \u201cmanipular informaci\u00f3n\u201d para generar odio, ha advertido.<\/p>\n<p class=\"c-paragraph\">Por el momento, la Divisi\u00f3 d&#8217;Investigaci\u00f3 Criminal (DIC)\u00a0<b>mantiene abierta la investigaci\u00f3n<\/b> para esclarecer las circunstancias del apu\u00f1alamiento y determinar todas las responsabilidades. Durante la jornada del martes, los Mossos <b>registraron un piso<\/b> de la travessera dels Drets en el marco del dispositivo policial desplegado por el caso.<\/p>\n","protected":false},"excerpt":{"rendered":"La ciudad de Manresa (Barcelona) ha guardado este mi\u00e9rcoles un minuto de silencio por el asesinato de un&hellip;\n","protected":false},"author":2,"featured_media":744399,"comment_status":"","ping_status":"","sticky":false,"template":"","format":"standard","meta":{"footnotes":""},"categories":[5],"tags":[17,18,25,24,13,14,17935,11,19,20,11993,14499,9,10,15,16,2807,23,12,21,22,16743],"class_list":["post-744398","post","type-post","status-publish","format-standard","has-post-thumbnail","category-titulares","tag-breaking-news","tag-breakingnews","tag-es","tag-espana","tag-featured-news","tag-featurednews","tag-guarda","tag-headlines","tag-latest-news","tag-latestnews","tag-manresa","tag-minuto","tag-news","tag-noticias","tag-noticias-destacadas","tag-noticiasdestacadas","tag-silencio","tag-spain","tag-titulares","tag-ultimas-noticias","tag-ultimasnoticias","tag-un"],"share_on_mastodon":{"url":"https:\/\/pubeurope.com\/@es\/117202763586936572","error":""},"_links":{"self":[{"href":"https:\/\/www.europesays.com\/es\/wp-json\/wp\/v2\/posts\/744398","targetHints":{"allow":["GET"]}}],"collection":[{"href":"https:\/\/www.europesays.com\/es\/wp-json\/wp\/v2\/posts"}],"about":[{"href":"https:\/\/www.europesays.com\/es\/wp-json\/wp\/v2\/types\/post"}],"author":[{"embeddable":true,"href":"https:\/\/www.europesays.com\/es\/wp-json\/wp\/v2\/users\/2"}],"replies":[{"embeddable":true,"href":"https:\/\/www.europesays.com\/es\/wp-json\/wp\/v2\/comments?post=744398"}],"version-history":[{"count":0,"href":"https:\/\/www.europesays.com\/es\/wp-json\/wp\/v2\/posts\/744398\/revisions"}],"wp:featuredmedia":[{"embeddable":true,"href":"https:\/\/www.europesays.com\/es\/wp-json\/wp\/v2\/media\/744399"}],"wp:attachment":[{"href":"https:\/\/www.europesays.com\/es\/wp-json\/wp\/v2\/media?parent=744398"}],"wp:term":[{"taxonomy":"category","embeddable":true,"href":"https:\/\/www.europesays.com\/es\/wp-json\/wp\/v2\/categories?post=744398"},{"taxonomy":"post_tag","embeddable":true,"href":"https:\/\/www.europesays.com\/es\/wp-json\/wp\/v2\/tags?post=744398"}],"curies":[{"name":"wp","href":"https:\/\/api.w.org\/{rel}","templated":true}]}}