{"id":744406,"date":"2026-09-02T18:12:15","date_gmt":"2026-09-02T18:12:15","guid":{"rendered":"https:\/\/www.europesays.com\/es\/744406\/"},"modified":"2026-09-02T18:12:15","modified_gmt":"2026-09-02T18:12:15","slug":"el-proyecto-con-el-que-paula-echevarria-recupera-la-ilusion-tras-perder-a-su-padre-me-va-a-acompanar-esta-temporada-y-espero-que-a-vosotras-tambien","status":"publish","type":"post","link":"https:\/\/www.europesays.com\/es\/744406\/","title":{"rendered":"El proyecto con el que Paula Echevarr\u00eda recupera la ilusi\u00f3n tras perder a su padre: \u00abMe va a acompa\u00f1ar esta temporada y espero que a vosotras tambi\u00e9n\u00bb"},"content":{"rendered":"<p data-journey-content=\"true\" data-node-id=\"3\" class=\"css-1ood0zq emevuu60\"><strong data-node-id=\"3.0\">Paula Echevarr\u00eda<\/strong> est\u00e1 consiguiendo sacar unas <strong data-node-id=\"3.2\">fuerzas de flaqueza<\/strong> que hace apenas un mes pensaba que no iba a encontrar tras <a href=\"https:\/\/www.diezminutos.es\/famosos-corazon\/famosos-espanoles\/a73313821\/paula-echevarria-muerte-padre-luis-angel-echevarria\/\" target=\"_blank\" data-vars-ga-outbound-link=\"https:\/\/www.diezminutos.es\/famosos-corazon\/famosos-espanoles\/a73313821\/paula-echevarria-muerte-padre-luis-angel-echevarria\/\" data-vars-ga-ux-element=\"Hyperlink\" data-vars-ga-call-to-action=\"fallecer su padre el pasado 30 de julio\" data-node-id=\"3.4\" class=\"body-link css-1v1lrc0 emevuu60\" rel=\"nofollow noopener\"><strong data-node-id=\"3.4.0\">fallecer su padre<\/strong> el pasado 30 de julio<\/a>, pero poco a poco la actriz, creadora de contenido y empresaria est\u00e1 saliendo de la oscuridad y est\u00e1 encontrando <strong data-node-id=\"3.6\">algo de luz al final del t\u00fanel<\/strong>. Uno de esos momentos en los que puso a prueba su resiliencia fue <a href=\"https:\/\/www.diezminutos.es\/famosos-corazon\/famosos-espanoles\/a73448418\/daniella-hija-david-bustamante-paula-echevarria-18-anos\/\" target=\"_blank\" data-vars-ga-outbound-link=\"https:\/\/www.diezminutos.es\/famosos-corazon\/famosos-espanoles\/a73448418\/daniella-hija-david-bustamante-paula-echevarria-18-anos\/\" data-vars-ga-ux-element=\"Hyperlink\" data-vars-ga-call-to-action=\"el 18\u00ba cumplea\u00f1os de su hija, Daniella\" data-node-id=\"3.8\" class=\"body-link css-1v1lrc0 emevuu60\" rel=\"nofollow noopener\">el 18\u00ba cumplea\u00f1os de su hija, <strong data-node-id=\"3.8.1\">Daniella<\/strong><\/a><strong data-node-id=\"3.9\"\/>, que llen\u00f3 a todos de felicidad a pesar de la notable ausencia del patriarca de la familia, y ahora, con la llegada de septiembre, <strong data-node-id=\"3.11\">Paula ha vuelto definitivamente al trabajo con fuerzas renovadas<\/strong> presentando su <strong data-node-id=\"3.13\">nueva colecci\u00f3n<\/strong> de moda de la mano de la marca de ropa &#8216;low cost&#8217; Primark: \u00abMe va a acompa\u00f1ar esta temporada y espero que a vosotras tambi\u00e9n\u00bb, afirm\u00f3 en su cuenta de Instagram recientemente.<\/p>\n<p data-journey-content=\"true\" data-node-id=\"10\" class=\"css-1ood0zq emevuu60\">La actriz, adem\u00e1s, est\u00e1<strong data-node-id=\"10.1\"> promocionando tambi\u00e9n<a href=\"https:\/\/www.diezminutos.es\/teleprograma\/series-tv\/a73226742\/a-la-deriva-fecha-estreno-nueva-serie-antena-3-paula-echevarria-daniel-grao\/\" target=\"_blank\" data-vars-ga-outbound-link=\"https:\/\/www.diezminutos.es\/teleprograma\/series-tv\/a73226742\/a-la-deriva-fecha-estreno-nueva-serie-antena-3-paula-echevarria-daniel-grao\/\" data-vars-ga-ux-element=\"Hyperlink\" data-vars-ga-call-to-action=\" la nueva serie de Atresmedia &#039;A la deriva&#039;\" data-node-id=\"10.1.1\" class=\"body-link css-1v1lrc0 emevuu60\" rel=\"nofollow noopener\"> la nueva serie de Atresmedia &#8216;A la deriva&#8217;<\/a><\/strong> (que se estrenar\u00e1 el 20 de septiembre en la plataforma Atresplayer y m\u00e1s adelante en abierto en Antena 3), por lo que tiene un nuevo cap\u00edtulo de su vida cargado de <strong data-node-id=\"10.3\">proyectos ilusionantes por delante, que son, sin lugar a dudas, los que le est\u00e1n haciendo recuperar, poco a poco, la alegr\u00eda<\/strong>. De hecho, centrarse en el trabajo para ocupar el tiempo y la mente puede ser de gran ayuda, y eso, junto con el <strong data-node-id=\"10.5\">apoyo de una familia unida<\/strong> y la ayuda de profesionales \u2014si hiciera falta para superar el duelo\u2014, suele tener un efecto bastante positivo en quienes pierden un ser querido.<\/p>\n<p>As\u00ed es la nueva colecci\u00f3n de Paula Echevarr\u00eda con Primark con la que recupera la ilusi\u00f3n tras su verano m\u00e1s dif\u00edcil<\/p>\n<p data-journey-content=\"true\" data-node-id=\"16\" class=\"css-1ood0zq emevuu60\">Paula, por su parte, est\u00e1 encantada con la <strong data-node-id=\"16.1\">nueva colecci\u00f3n que ha creado junto a Primark, la d\u00e9cima ya<\/strong>, y es que ha conseguido <strong data-node-id=\"16.3\">crear m\u00e1s de 100 piezas<\/strong> sencillas, c\u00f3modas, elegantes y muy combinables entre s\u00ed para el d\u00eda a d\u00eda, tal y como muestra en las im\u00e1genes que ya ha compartido en sus redes sociales, y desde la marca nos explican la inspiraci\u00f3n detr\u00e1s de la colecci\u00f3n: \u00ab<strong data-node-id=\"16.5\">Parte de una est\u00e9tica urbana y sofisticada, con gui\u00f1os a la moda de los a\u00f1os 80<\/strong> y una paleta de <strong data-node-id=\"16.7\">tonos burdeos, verde botella, beige y azul denim<\/strong>. Entre las prendas destacan las cazadoras de efecto piel, los trench y las chaquetas, junto con propuestas m\u00e1s relajadas y prendas b\u00e1sicas. Para las ocasiones m\u00e1s especiales, <strong data-node-id=\"16.9\">la colecci\u00f3n incorpora vestidos, conjuntos de falda y camisa de cuadros y un conjunto de chaqueta y falda con estampado floral<\/strong>, aportando un aire atemporal sin renunciar a las tendencias de la temporada\u00bb.<\/p>\n","protected":false},"excerpt":{"rendered":"Paula Echevarr\u00eda est\u00e1 consiguiendo sacar unas fuerzas de flaqueza que hace apenas un mes pensaba que no iba&hellip;\n","protected":false},"author":2,"featured_media":744407,"comment_status":"","ping_status":"","sticky":false,"template":"","format":"standard","meta":{"footnotes":""},"categories":[174],"tags":[255,253,146,147,25,24,256,23],"class_list":["post-744406","post","type-post","status-publish","format-standard","has-post-thumbnail","category-famosos","tag-celebrities","tag-discover","tag-entertainment","tag-entretenimiento","tag-es","tag-espana","tag-famosos","tag-spain"],"share_on_mastodon":{"url":"https:\/\/pubeurope.com\/@es\/117202802785103467","error":""},"_links":{"self":[{"href":"https:\/\/www.europesays.com\/es\/wp-json\/wp\/v2\/posts\/744406","targetHints":{"allow":["GET"]}}],"collection":[{"href":"https:\/\/www.europesays.com\/es\/wp-json\/wp\/v2\/posts"}],"about":[{"href":"https:\/\/www.europesays.com\/es\/wp-json\/wp\/v2\/types\/post"}],"author":[{"embeddable":true,"href":"https:\/\/www.europesays.com\/es\/wp-json\/wp\/v2\/users\/2"}],"replies":[{"embeddable":true,"href":"https:\/\/www.europesays.com\/es\/wp-json\/wp\/v2\/comments?post=744406"}],"version-history":[{"count":0,"href":"https:\/\/www.europesays.com\/es\/wp-json\/wp\/v2\/posts\/744406\/revisions"}],"wp:featuredmedia":[{"embeddable":true,"href":"https:\/\/www.europesays.com\/es\/wp-json\/wp\/v2\/media\/744407"}],"wp:attachment":[{"href":"https:\/\/www.europesays.com\/es\/wp-json\/wp\/v2\/media?parent=744406"}],"wp:term":[{"taxonomy":"category","embeddable":true,"href":"https:\/\/www.europesays.com\/es\/wp-json\/wp\/v2\/categories?post=744406"},{"taxonomy":"post_tag","embeddable":true,"href":"https:\/\/www.europesays.com\/es\/wp-json\/wp\/v2\/tags?post=744406"}],"curies":[{"name":"wp","href":"https:\/\/api.w.org\/{rel}","templated":true}]}}