{"id":744408,"date":"2026-09-02T18:15:21","date_gmt":"2026-09-02T18:15:21","guid":{"rendered":"https:\/\/www.europesays.com\/es\/744408\/"},"modified":"2026-09-02T18:15:21","modified_gmt":"2026-09-02T18:15:21","slug":"daniel-ecija-creador-de-los-serrano-el-final-de-la-serie-no-fue-reflexionada-durante-demasiado-tiempo","status":"publish","type":"post","link":"https:\/\/www.europesays.com\/es\/744408\/","title":{"rendered":"Daniel \u00c9cija, creador de &#8216;Los Serrano&#8217;: \u00abEl final de la serie no fue reflexionada durante demasiado tiempo\u00bb"},"content":{"rendered":"<p class=\"ft-text\"><strong>&#8216;Los Serrano&#8217; fue una de las series televisivas que m\u00e1s impacto tuvo en Espa\u00f1a, especialmente por su final<\/strong>. La serie fue producida por Globomedia y cont\u00f3 con ocho temporadas y un total de 147 episodios, en los que se relata la vida de la familia Serrano. Sin embargo, todo lo que vivi\u00f3 Diego Serrano, interpretado por Antonio Resines, junto a sus hijos Marcos, Guille y Curro, result\u00f3 ser un sue\u00f1o. Un final que provoc\u00f3 la indignaci\u00f3n de la audiencia de la serie.<\/p>\n<p class=\"ft-text\">Hace unos d\u00edas, Daniel \u00c9cija, uno de los creadores de &#8216;Los Serrano&#8217;, se pronunci\u00f3 al respecto sobre <strong>c\u00f3mo se gest\u00f3 el final de la serie<\/strong>. <\/p>\n<p class=\"ft-text\">El creador empez\u00f3 explicando que no estaba atravesando por un buen momento: \u00ab<strong>Esa temporada estaba bastante alejado de la serie por temas personales, que no vienen a cuento<\/strong>&#8230; yo los \u00faltimos cap\u00edtulos los vi a\u00f1os despu\u00e9s\u00bb. <\/p>\n<p class=\"ft-text\">En ese instante, \u00c9cija destap\u00f3 que estaba en proceso de separaci\u00f3n: \u00abMe dol\u00eda mucho todo, especialmente porque era una serie que se hab\u00eda gestado en un momento muy importante de mi vida,<strong> y esa \u00faltima temporada yo me alej\u00e9 por este tema personal<\/strong>\u00ab.<\/p>\n<p class=\"ft-text\">Sin embargo, decidi\u00f3 c\u00f3mo ten\u00eda que ser el final de la serie de &#8216;Los Serrano&#8217;: \u00ab<strong>Era una decisi\u00f3n que ten\u00eda que tomar, pero, como es evidente, no fue reflexionada durante demasiado tiempo<\/strong>\u00ab.<\/p>\n<p><img decoding=\"async\" src=\"https:\/\/www.europesays.com\/es\/wp-content\/uploads\/2026\/09\/c06baeca-c9bd-4b29-844a-ba0d337303c3_alta-libre-aspect-ratio_default_0_x600y225.jpg\" width=\"1200\" height=\"675\" alt=\"Natalia S\u00e1nchez y V\u00edctor El\u00edas, en 'Los Serrano'\" class=\"ft-helper-img-rd\" loading=\"lazy\" fetchpriority=\"auto\"\/><\/p>\n<p class=\"ft-helper-fontColor-quaternary ft-helper-fontSize-body-S ft-helper-spacer-t-xxs\">Natalia S\u00e1nchez y V\u00edctor El\u00edas, en &#8216;Los Serrano&#8217;  \/ Archivo<\/p>\n<p class=\"ft-text\">\u00abEl final de &#8216;Los Serrano&#8217; se gesta en una ma\u00f1ana, cuando yo estaba viendo jugar a una de mis hijas jugar al f\u00fatbol. En ese instante, tuve la genial idea de que fuera un sue\u00f1o. <strong>Era una decisi\u00f3n que llev\u00e1bamos todo el fin de semana pensando<\/strong>\u00ab, expuso \u00c9cija. <\/p>\n<p class=\"ft-text\">No obstante, el creador de la serie coment\u00f3 que \u00abempiezo a pensar que no fue una idea tan desastre, <strong>porque es una idea tremendamente anacr\u00f3nica y extra\u00f1a<\/strong>\u00ab. <\/p>\n<p class=\"ft-text\">\u00abAhora lo ves y a m\u00ed me hace gracia. Parece un gui\u00f1o, como una serie que circulaba por la comedia. No solo no me parece grave, sino que me parece hasta divertido. La verdad es que era tan dram\u00e1tico el final y luego la mezcla&#8230; <strong>Probablemente, hoy no tomar\u00eda esa decisi\u00f3n, pero, una vez tomada, me enfrento a toda la historia de Espa\u00f1a<\/strong>\u00ab, concluy\u00f3.<\/p>\n","protected":false},"excerpt":{"rendered":"&#8216;Los Serrano&#8217; fue una de las series televisivas que m\u00e1s impacto tuvo en Espa\u00f1a, especialmente por su final.&hellip;\n","protected":false},"author":2,"featured_media":744409,"comment_status":"","ping_status":"","sticky":false,"template":"","format":"standard","meta":{"footnotes":""},"categories":[171],"tags":[2517,2943,34703,146,147,25,24,1058,2313,1515,23,214],"class_list":["post-744408","post","type-post","status-publish","format-standard","has-post-thumbnail","category-tv","tag-creador","tag-daniel","tag-ecija","tag-entertainment","tag-entretenimiento","tag-es","tag-espana","tag-final","tag-fuera-de-juego","tag-serrano","tag-spain","tag-tv"],"share_on_mastodon":{"url":"https:\/\/pubeurope.com\/@es\/117202815893396445","error":""},"_links":{"self":[{"href":"https:\/\/www.europesays.com\/es\/wp-json\/wp\/v2\/posts\/744408","targetHints":{"allow":["GET"]}}],"collection":[{"href":"https:\/\/www.europesays.com\/es\/wp-json\/wp\/v2\/posts"}],"about":[{"href":"https:\/\/www.europesays.com\/es\/wp-json\/wp\/v2\/types\/post"}],"author":[{"embeddable":true,"href":"https:\/\/www.europesays.com\/es\/wp-json\/wp\/v2\/users\/2"}],"replies":[{"embeddable":true,"href":"https:\/\/www.europesays.com\/es\/wp-json\/wp\/v2\/comments?post=744408"}],"version-history":[{"count":0,"href":"https:\/\/www.europesays.com\/es\/wp-json\/wp\/v2\/posts\/744408\/revisions"}],"wp:featuredmedia":[{"embeddable":true,"href":"https:\/\/www.europesays.com\/es\/wp-json\/wp\/v2\/media\/744409"}],"wp:attachment":[{"href":"https:\/\/www.europesays.com\/es\/wp-json\/wp\/v2\/media?parent=744408"}],"wp:term":[{"taxonomy":"category","embeddable":true,"href":"https:\/\/www.europesays.com\/es\/wp-json\/wp\/v2\/categories?post=744408"},{"taxonomy":"post_tag","embeddable":true,"href":"https:\/\/www.europesays.com\/es\/wp-json\/wp\/v2\/tags?post=744408"}],"curies":[{"name":"wp","href":"https:\/\/api.w.org\/{rel}","templated":true}]}}