{"id":744410,"date":"2026-09-02T18:16:21","date_gmt":"2026-09-02T18:16:21","guid":{"rendered":"https:\/\/www.europesays.com\/es\/744410\/"},"modified":"2026-09-02T18:16:21","modified_gmt":"2026-09-02T18:16:21","slug":"jingle-de-septiembre-en-olimpica-stereo-colombia-origen-voz-y-tradicion-cultural","status":"publish","type":"post","link":"https:\/\/www.europesays.com\/es\/744410\/","title":{"rendered":"Jingle de septiembre en Ol\u00edmpica Stereo Colombia: origen, voz y tradici\u00f3n cultural"},"content":{"rendered":"<p>            <a rel=\"nofollow noopener\" href=\"https:\/\/www.elpilon.com.co\" target=\"_blank\"> <\/p>\n<p>                                            <img decoding=\"async\" src=\"https:\/\/hermes-files.pulzo2.com\/images\/cb69503e-5c9e-46aa-bb47-d5f4940d38e1.png\" style=\"width: auto; max-width: 150px\" alt=\"logocompany\"\/><\/p>\n<p>            <\/a><\/p>\n<p>            Por:\u00a0<strong>EL PILON SA<\/p>\n<p>            <\/strong><\/p>\n<p class=\"description-company\">Noticias sobre Valledupar, el Cesar y el vallenato: art\u00edculos, videos, fotos y el m\u00e1s completo archivo de noticias de Colombia y el mundo en El Pil\u00f3n. <\/p>\n<p>\n            Este art\u00edculo fue curado por pulzo<\/p>\n<p>                \u00a0<br \/>\n                 Sep 1, 2026 &#8211; 9:30 am\n        <\/p>\n<p>        <a class=\"go-to-site\" rel=\"nofollow noopener\" href=\"https:\/\/www.elpilon.com.co\" target=\"_blank\"><br \/>\n                Visitar sitio<\/p>\n<p>        <\/a><\/p>\n<p>El 1 de septiembre es una fecha especial para los oyentes de Ol\u00edmpica Stereo y marca un momento particular en el calendario radial colombiano. Ese d\u00eda, en muchas ciudades del pa\u00eds, especialmente en la regi\u00f3n Caribe, se escucha un jingle muy reconocido que, pese a que todav\u00eda faltan varios meses para las festividades de diciembre, anticipa el ambiente navide\u00f1o. Este fen\u00f3meno se ha convertido casi en una tradici\u00f3n cultural que se\u00f1ala el inicio de la temporada de fin de a\u00f1o para muchos colombianos.<\/p>\n<p><a href=\"https:\/\/profile.google.com\/cp\/Cg0vZy8xMWJ6d3E5anFm\" target=\"_blank\" rel=\"noopener noreferrer nofollow\"><\/p>\n<p class=\"text-discover\">\n            Sigue a PULZO en Discover\n        <\/p>\n<p><\/a><\/p>\n<p>Detr\u00e1s de este jingle emblem\u00e1tico est\u00e1 Miguel \u2018Mike\u2019 Char Abdala, una figura con gran trayectoria en la m\u00fasica y la radio nacional, adem\u00e1s de ser productor y accionista de la Organizaci\u00f3n Radial Ol\u00edmpica. Mike Char es hermano de Fuad Char, m\u00e1ximo accionista del Junior de Barranquilla, y estuvo directamente involucrado en la gestaci\u00f3n de esta campa\u00f1a que, seg\u00fan los registros, tiene m\u00e1s de tres d\u00e9cadas acompa\u00f1ando a los oyentes en esta \u00e9poca del a\u00f1o. Su voz y creatividad no solo aparecen en la programaci\u00f3n, sino que han quedado grabadas en la memoria sentimental de distintas generaciones, consolidando un legado dentro del patrimonio cultural de la radio.<\/p>\n<p>La g\u00e9nesis de este jingle se origina a comienzos de los a\u00f1os 90, cuando Ol\u00edmpica Stereo buscaba una forma innovadora de adelantar la ambientaci\u00f3n navide\u00f1a en su programaci\u00f3n. De acuerdo con la informaci\u00f3n, Mike Char, el director Andy P\u00e9rez y el gerente nacional de producci\u00f3n Rafael P\u00e1ez deliberaron sobre c\u00f3mo diferenciar la emisora, tradicionalmente acostumbrada a iniciar los especiales de diciembre en noviembre. El hallazgo fue aprovechar la coincidencia en los nombres de los \u00faltimos meses del a\u00f1o \u2014septiembre, octubre, noviembre y diciembre, todos terminados en \u201cbre\u201d\u2014 para lanzar una campa\u00f1a radial desde el primer d\u00eda de septiembre. As\u00ed, esa sinton\u00eda estrat\u00e9gica permitir\u00eda aprovechar toda la recta final del a\u00f1o, marcando un nuevo est\u00e1ndar en la forma de vivir y anticipar la Navidad a trav\u00e9s de la radio.<\/p>\n<p>Con el tiempo, el jingle dej\u00f3 de ser simplemente una t\u00e1ctica de programaci\u00f3n. Los sonidos asociados con la Navidad, as\u00ed como la inclusi\u00f3n de temas reconocidos como \u201cLos Sabanales\u201d en algunas versiones, fortalecieron su presencia y lo hicieron a\u00fan m\u00e1s reconocible para la audiencia. El regreso de este anuncio es ahora un momento esperado al finalizar agosto, en una tradici\u00f3n que sigue vigente. Paralelamente, el apellido Char tambi\u00e9n tiene presencia en otras celebraciones importantes de la regi\u00f3n Caribe; Mike Char es abuelo de Michelle Char, exreina del Carnaval de Barranquilla, quien estuvo involucrada en eventos destacados como el desfile de Las Piloneras durante el Festival Vallenato 2026.<\/p>\n<p><strong>Este art\u00edculo fue curado con apoyo de inteligencia artificial.<\/strong><\/p>\n<p>\u00bfQui\u00e9n es la voz detr\u00e1s del famoso jingle de septiembre en Ol\u00edmpica Stereo?<\/p>\n<p>La voz responsable del jingle que anuncia el inicio anticipado de la temporada navide\u00f1a en Ol\u00edmpica Stereo pertenece a Miguel \u2018Mike\u2019 Char Abdala. Adem\u00e1s de m\u00fasico y productor, es accionista de la Organizaci\u00f3n Radial Ol\u00edmpica y hermano de Fuad Char, uno de los principales empresarios de la regi\u00f3n Caribe.<\/p>\n<p>\u00bfC\u00f3mo se origin\u00f3 la tradici\u00f3n del jingle de septiembre en la radio colombiana?<\/p>\n<p>La tradici\u00f3n naci\u00f3 a principios de los a\u00f1os 90 en Ol\u00edmpica Stereo, cuando Mike Char, Andy P\u00e9rez y Rafael P\u00e1ez idearon una campa\u00f1a que empez\u00f3 a aprovechar desde el 1 de septiembre la coincidencia en los nombres de los \u00faltimos meses del a\u00f1o \u2014todos finalizan en \u201cbre\u201d\u2014 para adelantar el ambiente navide\u00f1o en la radio, una f\u00f3rmula que se mantiene hasta hoy.<\/p>\n<p>* Este art\u00edculo fue curado con apoyo de inteligencia artificial.<\/p>\n<p style=\"font-style: italic;\">* Pulzo.com se escribe con Z<\/p>\n<p><a href=\"https:\/\/www.pulzo.com\/entretenimiento\/noticias-de-hoy-2026-09-02-PP2927L\" target=\"_blank\" rel=\"nofollow noopener\">Lee todas las noticias de entretenimiento hoy aqu\u00ed.<\/a><\/p>\n","protected":false},"excerpt":{"rendered":"Por:\u00a0EL PILON SA Noticias sobre Valledupar, el Cesar y el vallenato: art\u00edculos, videos, fotos y el m\u00e1s completo&hellip;\n","protected":false},"author":2,"featured_media":744411,"comment_status":"","ping_status":"","sticky":false,"template":"","format":"standard","meta":{"footnotes":""},"categories":[170],"tags":[132065,146,147,25,24,13185,184,185,2951,122883,23],"class_list":["post-744410","post","type-post","status-publish","format-standard","has-post-thumbnail","category-musica","tag-el-pilon-sa","tag-entertainment","tag-entretenimiento","tag-es","tag-espana","tag-junior-de-barranquilla","tag-music","tag-musica","tag-navidad","tag-olimpica-stereo","tag-spain"],"share_on_mastodon":{"url":"https:\/\/pubeurope.com\/@es\/117202819597021664","error":""},"_links":{"self":[{"href":"https:\/\/www.europesays.com\/es\/wp-json\/wp\/v2\/posts\/744410","targetHints":{"allow":["GET"]}}],"collection":[{"href":"https:\/\/www.europesays.com\/es\/wp-json\/wp\/v2\/posts"}],"about":[{"href":"https:\/\/www.europesays.com\/es\/wp-json\/wp\/v2\/types\/post"}],"author":[{"embeddable":true,"href":"https:\/\/www.europesays.com\/es\/wp-json\/wp\/v2\/users\/2"}],"replies":[{"embeddable":true,"href":"https:\/\/www.europesays.com\/es\/wp-json\/wp\/v2\/comments?post=744410"}],"version-history":[{"count":0,"href":"https:\/\/www.europesays.com\/es\/wp-json\/wp\/v2\/posts\/744410\/revisions"}],"wp:featuredmedia":[{"embeddable":true,"href":"https:\/\/www.europesays.com\/es\/wp-json\/wp\/v2\/media\/744411"}],"wp:attachment":[{"href":"https:\/\/www.europesays.com\/es\/wp-json\/wp\/v2\/media?parent=744410"}],"wp:term":[{"taxonomy":"category","embeddable":true,"href":"https:\/\/www.europesays.com\/es\/wp-json\/wp\/v2\/categories?post=744410"},{"taxonomy":"post_tag","embeddable":true,"href":"https:\/\/www.europesays.com\/es\/wp-json\/wp\/v2\/tags?post=744410"}],"curies":[{"name":"wp","href":"https:\/\/api.w.org\/{rel}","templated":true}]}}