{"id":744416,"date":"2026-09-02T18:19:22","date_gmt":"2026-09-02T18:19:22","guid":{"rendered":"https:\/\/www.europesays.com\/es\/744416\/"},"modified":"2026-09-02T18:19:22","modified_gmt":"2026-09-02T18:19:22","slug":"un-peptido-sintetico-reduce-el-potencial-oncogenico-del-virus-del-papiloma-humano","status":"publish","type":"post","link":"https:\/\/www.europesays.com\/es\/744416\/","title":{"rendered":"Un p\u00e9ptido sint\u00e9tico reduce el potencial oncog\u00e9nico del virus del papiloma humano"},"content":{"rendered":"<p class=\"mostrar_fragmento\">Cient\u00edficos de diversos centros italianos han dise\u00f1ado un p\u00e9ptido con capacidad de penetraci\u00f3n intracelular y potente actividad inhibidora sobre la prote\u00edna E6 del VPH-16, virus del papiloma humano considerado de alto riesgo oncog\u00e9nico. En cultivos celulares de c\u00e1ncer de cuello de \u00fatero positivo para el VPH, concentraciones elevadas del p\u00e9ptido &#8230;            &#13;\n        <\/p>\n<p> &#13;<br \/>\n&#13;<\/p>\n<p>Cient\u00edficos de diversos centros italianos han dise\u00f1ado un p\u00e9ptido con capacidad de penetraci\u00f3n intracelular y potente actividad inhibidora sobre la <strong>prote\u00edna E6<\/strong> del <strong>VPH-16<\/strong>, virus del papiloma humano considerado de alto riesgo oncog\u00e9nico. En cultivos celulares de <strong>c\u00e1ncer de cuello de \u00fatero positivo para el VPH<\/strong>, concentraciones elevadas del p\u00e9ptido resultaron en su acumulaci\u00f3n en el n\u00facleo celular, sin degradarse significativamente a lo largo de 96 horas, y redujeron la proliferaci\u00f3n al 50%, en un efecto dependiente de la dosis y del tiempo de exposici\u00f3n.<\/p>\n<p>La efectividad terap\u00e9utica se correlacion\u00f3 con la capacidad del p\u00e9ptido de <strong>prevenir la degradaci\u00f3n de p53 mediada por E6<\/strong>, induciendo la acumulaci\u00f3n progresiva de p53 durante una exposici\u00f3n de tres d\u00edas. Esta actividad ser\u00eda consistente con la observada en estudios previos con mol\u00e9culas peque\u00f1as y otros p\u00e9ptidos, incluido uno de origen bacteriano, sobre el crecimiento tumoral y la estabilizaci\u00f3n de p53 en este y otros tipos de c\u00e1ncer, seg\u00fan afirma <strong>Maria Lina Tornesello<\/strong>, cient\u00edfica del Istituto Nazionale Tumori IRCCS Fondazione G. Pascale y codirectora del <a href=\"https:\/\/link.springer.com\/article\/10.1186\/s13046-026-03805-4\" rel=\"nofollow noopener\" target=\"_blank\">estudio<\/a>.<\/p>\n<p>La investigadora prosigue indicando que, aunque los carcinomas de cuello de \u00fatero suelen presentar una prote\u00edna p53 sin mutaciones, <strong>esta puede ser inactivada por la interacci\u00f3n con E6<\/strong>, que dirige la degradaci\u00f3n de p53 por la v\u00eda del proteasoma. La ausencia de un dominio de uni\u00f3n bien definido en la estructura de E6 ha dificultado el desarrollo de f\u00e1rmacos convencionales de peque\u00f1a mol\u00e9cula que prevengan este proceso delet\u00e9reo, posicionando a los inhibidores pept\u00eddicos como una estrategia alternativa, asegura Tornesello.<\/p>\n<p>La prolongada retenci\u00f3n intracelular y la estabilidad observadas con este nuevo p\u00e9ptido favorecen el bloqueo continuo de la funci\u00f3n de E6, reduciendo la necesidad de dosis frecuentes y ofreciendo una s\u00f3lida base para el desarrollo precl\u00ednico de terapias dirigidas contra tumores asociados al VPH, concluye la cient\u00edfica.<\/p>\n<p>&#13;<br \/>\n            SEGUIR LEYENDO&#13;\n        <\/p>\n","protected":false},"excerpt":{"rendered":"Cient\u00edficos de diversos centros italianos han dise\u00f1ado un p\u00e9ptido con capacidad de penetraci\u00f3n intracelular y potente actividad inhibidora&hellip;\n","protected":false},"author":2,"featured_media":744417,"comment_status":"","ping_status":"","sticky":false,"template":"","format":"standard","meta":{"footnotes":""},"categories":[92],"tags":[1066,1021,1068,25,24,165,4296,132066,103460,23521,119075,4295,79447,4258,27663,3385,56717,166,79448,23,26707,11027,9925,2275],"class_list":["post-744416","post","type-post","status-publish","format-standard","has-post-thumbnail","category-salud","tag-cancer","tag-celulas","tag-cuello","tag-es","tag-espana","tag-health","tag-humano","tag-infectadas","tag-inhibe","tag-niveles","tag-oncogenico","tag-papiloma","tag-peptido","tag-potencial","tag-proliferacion","tag-reduce","tag-restaura","tag-salud","tag-sintetico","tag-spain","tag-supresor","tag-tumoral","tag-utero","tag-virus"],"share_on_mastodon":{"url":"https:\/\/pubeurope.com\/@es\/117202830524632009","error":""},"_links":{"self":[{"href":"https:\/\/www.europesays.com\/es\/wp-json\/wp\/v2\/posts\/744416","targetHints":{"allow":["GET"]}}],"collection":[{"href":"https:\/\/www.europesays.com\/es\/wp-json\/wp\/v2\/posts"}],"about":[{"href":"https:\/\/www.europesays.com\/es\/wp-json\/wp\/v2\/types\/post"}],"author":[{"embeddable":true,"href":"https:\/\/www.europesays.com\/es\/wp-json\/wp\/v2\/users\/2"}],"replies":[{"embeddable":true,"href":"https:\/\/www.europesays.com\/es\/wp-json\/wp\/v2\/comments?post=744416"}],"version-history":[{"count":0,"href":"https:\/\/www.europesays.com\/es\/wp-json\/wp\/v2\/posts\/744416\/revisions"}],"wp:featuredmedia":[{"embeddable":true,"href":"https:\/\/www.europesays.com\/es\/wp-json\/wp\/v2\/media\/744417"}],"wp:attachment":[{"href":"https:\/\/www.europesays.com\/es\/wp-json\/wp\/v2\/media?parent=744416"}],"wp:term":[{"taxonomy":"category","embeddable":true,"href":"https:\/\/www.europesays.com\/es\/wp-json\/wp\/v2\/categories?post=744416"},{"taxonomy":"post_tag","embeddable":true,"href":"https:\/\/www.europesays.com\/es\/wp-json\/wp\/v2\/tags?post=744416"}],"curies":[{"name":"wp","href":"https:\/\/api.w.org\/{rel}","templated":true}]}}