{"id":744428,"date":"2026-09-02T18:25:18","date_gmt":"2026-09-02T18:25:18","guid":{"rendered":"https:\/\/www.europesays.com\/es\/744428\/"},"modified":"2026-09-02T18:25:18","modified_gmt":"2026-09-02T18:25:18","slug":"aek-abre-la-matriculacion-en-sus-euskaltegis-con-la-meta-de-sumar-300-000-euskaldunes-competentes-en-una-decada","status":"publish","type":"post","link":"https:\/\/www.europesays.com\/es\/744428\/","title":{"rendered":"AEK abre la matriculaci\u00f3n en sus euskaltegis con la meta de sumar 300.000 euskaldunes competentes en una d\u00e9cada"},"content":{"rendered":"<p>\n        Septiembre ya est\u00e1 aqu\u00ed y, con la llegada del nuevo mes, toca volver a las aulas. Quien ya ha comenzado un nuevo curso es <a href=\"https:\/\/www.noticiasdealava.eus\/tags\/aek\/\" title=\"AEK\" class=\"link copy\" rel=\"nofollow noopener\" target=\"_blank\">AEK<\/a>, que ha abierto hoy la campa\u00f1a de matriculaci\u00f3n para este curso 2026-2027. Presentada en Donostia y bajo el lema &#8216;<strong>Euskara eroso ikasi eta bizi\/Aprende y vive el euskera c\u00f3modamente&#8217;, <\/strong>aspira a conseguir \u00ab<strong>300.000 nuevos euskaldunes para el a\u00f1o 2036, es decir, ganar 30.000 hablantes competentes al a\u00f1o en una d\u00e9cada<\/strong>\u00ab, ha detallado <strong>Aize Ota\u00f1o<\/strong>, del <strong>Consejo Nacional de AEK.<\/strong>\n<\/p>\n<p class=\"article-body__text \">\n        A pesar de que han decidido <strong>mantener el mismo lema que el curso pasado<\/strong>, la nueva imagen es llamativa. En vez de una simple silla, han decidido optar por una alfombra para \u00abrepresentar una invitaci\u00f3n para quienes puedan tener algo de miedo ante las supuestas dificultades de aprender euskara\u00bb, ha explicado Ota\u00f1o. \u00abAl mismo tiempo, es una met\u00e1fora de c\u00f3mo puede trasladarse el <strong>confort del aula a la calle<\/strong>\u00ab, ha a\u00f1adido.\n<\/p>\n<p class=\"article-body__text \">\n        <strong>Es posible que las alfombras no sean tan c\u00f3modas como las butacas, pero son m\u00e1s f\u00e1ciles de mover y \u00abnos conectan mejor con la tierra\u00bb<\/strong>. Al fin y al cabo, su deseo es llevar la campa\u00f1a, como las alfombras, \u00aba las plazas y calles de Euskal Herria\u00bb; es decir, pretenden sacar el euskera a las v\u00edas p\u00fablicas y sitios de reuni\u00f3n de Euskal Herria. Pero para que todo ello se cumpla,<strong> \u00ab<\/strong>debemos llenar los euskaltegis, para que quien no sepa aprenda, y el\/la que sepa mejore o practique\u2026\u00bb, finaliza.\n<\/p>\n<p>  <strong>Senda de la gratuidad<\/strong><\/p>\n<p class=\"article-body__text \">\n        Adem\u00e1s de su amplia oferta tradicional, incluir\u00e1n como novedad en la <strong>CAV<\/strong> el <strong>&#8216;Euskara Bonua&#8217;<\/strong>. Esta ayuda econ\u00f3mica permitir\u00e1 a quienes se matriculen en los niveles <strong>A1, A2 y B1 estudiar durante 4 a\u00f1os pagando una cuota \u00fanica de 120 euros<\/strong>. En el caso de <strong>Navarra<\/strong>, tambi\u00e9n se ha dado un paso adelante en la<strong> senda de la gratuidad<\/strong>: adem\u00e1s de los alumnos de <strong>A1<\/strong>, los de <strong>A2<\/strong> podr\u00e1n <strong>recuperar el 100% de la matr\u00edcula<\/strong>. En <strong>Ipar Euskal Herria<\/strong>, por otra parte<strong>, las empresas ofrecen opciones de formaci\u00f3n, por medio de las cuales sus empleados pueden aprender euskera de forma gratuita.<\/strong>\n<\/p>\n<blockquote class=\"twitter-tweet\" data-lang=\"es\" wp_automatic_readability=\"7.9428571428571\">\n<p lang=\"eu\" dir=\"ltr\">AEKk euskaltegiak bete nahi ditu 26\/27 ikasturtean<\/p>\n<p>\u270d\ufe0fMatrikulazioa zabalik AEKren euskaltegietan<br \/>\ud83d\udc4f\ud83c\udffeBerrikuntza nabarmenak dirulaguntzei dagokionez<br \/>\ud83c\udf8250 urte baino gehiago Euskal Herria euskalduntzen<\/p>\n<p>Euskara eroso ikasi eta bizi AEKn! \ud83e\udde1<br \/>\ud83d\udd17<a href=\"https:\/\/t.co\/kPPbTrwD7I\" rel=\"nofollow\">https:\/\/t.co\/kPPbTrwD7I<\/a> <a href=\"https:\/\/t.co\/oe1ZYgQs0d\" rel=\"nofollow\">pic.twitter.com\/oe1ZYgQs0d<\/a><\/p>\n<p>\u2014 AEK-KORRIKA (@AEK_eus) <a href=\"https:\/\/x.com\/AEK_eus\/status\/2095097058923319606?ref_src=twsrc%5Etfw\" rel=\"nofollow\">2 de septiembre de 2026<\/a><\/p><\/blockquote>\n<p class=\"article-body__text \">\n        Ota\u00f1o ha aplaudido estas iniciativas por parte de las administraciones p\u00fablicas y ha opinado que \u00abno es suficiente, pero ese es el camino adecuado\u00bb. La accesibilidad a los estudios de euskera no est\u00e1 al alcance de cualquier bolsillo, por ello, ven imprescindible \u00abimpulsar el proceso de revitalizaci\u00f3n de la lengua y promover un nuevo renacimiento\u00bb. Del mismo modo, ha a\u00f1adido que \u00abse debe crear una <strong>agencia que coordine <\/strong>las actividades de las administraciones y los agentes sociales; aumentar los <strong>medios y las facilidades de cara a la acogida ling\u00fc\u00edstica de personas migrantes<\/strong>; y, por \u00faltimo, incentivar <strong>reglamentos, medios y planificaciones para aumentar la presencia del euskera en el mundo laboral<\/strong>\u00ab.\n<\/p>\n<p class=\"article-body__text \">\n        Adecuando la oferta a las necesidades del alumnado, AEK dispone de<strong> cursillos intensivos durante todo el a\u00f1o en el barnetegi (internado) de Forua<\/strong>. Asimismo, quien desee aprender euskera c\u00f3modamente desde el otro lado de la pantalla puede hacerlo, por ejemplo, a trav\u00e9s del <strong>euskaltegi online de AEK<\/strong>. Adem\u00e1s, no faltan tampoco <strong>oportunidades de uso del idioma, como la revista AIZU!, para leer en euskera; la oferta de Praktikatu, para practicar en ambientes agradables o la ayuda de la consultor\u00eda Ahize, de cara a normalizar el euskera en el \u00e1mbito laboral.<\/strong>\n<\/p>\n<p>            <a href=\"https:\/\/www.noticiasdealava.eus\/actualidad\/2026\/03\/29\/bilbon-amaitu-da-korrika-euskara-10881759.html\" title=\"Bilbon amaitu da Korrika: \u201cEuskara gara, eta hemen gaude\u201d\" class=\"new__media\" rel=\"nofollow noopener\" target=\"_blank\"><\/p>\n<p>                <img alt=\"Bilbon amaitu da Korrika: \u201cEuskara gara, eta hemen gaude\u201d\" data-src=\"https:\/\/www.europesays.com\/es\/wp-content\/uploads\/2026\/09\/2b2ff566-c859-4c16-babc-399141a99a3a_16-9-aspect-ratio_default_0.jpg\" class=\"lozad\"\/><\/p>\n<p>        <\/a><\/p>\n<p>        <a href=\"https:\/\/www.noticiasdealava.eus\/actualidad\/2026\/03\/29\/bilbon-amaitu-da-korrika-euskara-10881759.html\" title=\"Bilbon amaitu da Korrika: \u201cEuskara gara, eta hemen gaude\u201d\" class=\"new__headline\" rel=\"nofollow noopener\" target=\"_blank\"><br \/>\n            Bilbon amaitu da Korrika: \u201cEuskara gara, eta hemen gaude\u201d<br \/>\n        <\/a><\/p>\n<p class=\"article-body__text \">\n        Por \u00faltimo, Ota\u00f1o ha querido recordar un <strong>mensaje transmitido al final de la Korrika 24:<\/strong> \u00ab<strong>Euskaltzale eta euskaldun guztioi,<\/strong> y tambi\u00e9n a las personas que todav\u00eda no hab\u00e9is dado el paso de aprender euskera, aux personnes qui n&#8217;ont pas encore fait le pas d&#8217;apprendre le basque: <strong>euskaltegietako ateak zabalik dituzue<\/strong>, ten\u00e9is las puertas de los euskaltegis abiertas, les portes des Euskaltegis sont ouvertes. <strong>Zeren eta hizkuntzarik ez duen herri bat ez da herri izango<\/strong>, un pueblo que no tiene lengua no ser\u00e1 pueblo, un peuple qui n&#8217;a pas de langue ne sera pas un peuple. <strong>Eta GU EUSKARA GARA!<\/strong>\u00ab.\n<\/p>\n<p class=\"article-body__text \">\n        A continuaci\u00f3n, la <strong>responsable de Ense\u00f1anza de AEK, Maialen Otegi Saez de Egilaz<\/strong>, ha hablado de la apertura de sus 100 euskaltegis repartidos por toda Euskal Herria: \u00abMiles de personas se han acercado a los euskaltegis de AEK durante los \u00faltimos cursos y en este curso esperamos de verdad que se acerquen m\u00e1s ciudadanos. En AEK nos gustan los retos, y aceptamos el desaf\u00edo de crear 120.000 euskaldunes competentes en una d\u00e9cada. Toda persona que desee aprender, mejorar o practicar euskera tiene abiertas las puertas de los euskaltegis de AEK\u00bb.\n<\/p>\n<p>  \u00abM\u00e1s de 50 a\u00f1os euskaldunizando Euskal Herria\u00bb<\/p>\n<p class=\"article-body__text \">\n        La <strong>profesora Maialen R. Barcena, por su parte, ha explicado que \u00abse trata de aprender para empezar a usar el euskera desde el primer d\u00eda<\/strong>; no significa aprender solo la gram\u00e1tica, sino ser capaz de comunicarse con otros\/as vascoparlantes\u00bb. Para dar fe de ello, <strong>I\u00f1aki Carcavilla Garasa, profesor de la Escuela de M\u00fasica de Donostia,<\/strong> ha contado su experiencia en la presentaci\u00f3n de la campa\u00f1a. Nacido en Ayerbe (Huesca), vino a Donostia a estudiar en Musikene, y el pasado curso <strong>obtuvo el nivel A1 en el euskaltegi Amara Berri AEK<\/strong>. Se ha mostrado dispuesto a seguir el proceso de aprendizaje, ya que \u00abal estar muy integrado en la comunidad euskaldun de Donostia, <strong>siento la necesidad de usar el euskera<\/strong>\u00ab. Bas\u00e1ndose en su propia experiencia, <strong>ha animado a todo el mundo a aprender euskera.<\/strong>\n<\/p>\n<p class=\"article-body__text \">\n        AEK surgi\u00f3 antes de la fecha que acompa\u00f1a al logo, <strong>&#8216;M\u00e1s de 50 a\u00f1os euskaldunizando Euskal Herria&#8217;,<\/strong> pero el curso que se inici\u00f3 en 1976, \u00abfue verdaderamente significativo\u00bb, comenta. <strong>\u00abDurante ese curso, el alumnado aument\u00f3 un 300% y semejante afluencia aport\u00f3 una nueva dimensi\u00f3n al sector de la euskaldunizaci\u00f3n y alfabetizaci\u00f3n de la poblaci\u00f3n adulta<\/strong>. Adquiri\u00f3 mucha m\u00e1s fuerza, incluso como fen\u00f3meno social\u00bb.\n<\/p>\n<p class=\"article-body__text \">\n        En ese contexto comenz\u00f3 la organizaci\u00f3n a institucionalizarse con tal nombre. Aunque el proceso concluy\u00f3 con posterioridad, \u00abel curso 76-77 <strong>fue un hito realmente importante en tal v\u00eda\u00bb<\/strong>, afirma. Teniendo en cuenta todo ello<strong>, \u00abhemos querido recordar dicho aniversario en los carteles y dem\u00e1s soportes de esta campa\u00f1a\u00bb<\/strong>, sentencia. De todas maneras,<strong> han querido dejar claro que esto es solo el comienzo y que a d\u00eda de hoy \u00abel euskera precisa de ese tipo de hitos en su camino a un nuevo renacimiento. Ojal\u00e1 sea este curso un nuevo jal\u00f3n de cara a asegurar el futuro del idioma\u00bb.<\/strong>\n<\/p>\n<p>            <script async src=\"https:\/\/platform.twitter.com\/widgets.js\" charset=\"utf-8\"><\/script><\/p>\n","protected":false},"excerpt":{"rendered":"Septiembre ya est\u00e1 aqu\u00ed y, con la llegada del nuevo mes, toca volver a las aulas. Quien ya&hellip;\n","protected":false},"author":2,"featured_media":744429,"comment_status":"","ping_status":"","sticky":false,"template":"","format":"standard","meta":{"footnotes":""},"categories":[5],"tags":[490,97666,17,18,25,24,132067,32506,13,14,11,19,20,117691,138,9,10,15,16,23,12,21,22],"class_list":["post-744428","post","type-post","status-publish","format-standard","has-post-thumbnail","category-titulares","tag-abre","tag-aek","tag-breaking-news","tag-breakingnews","tag-es","tag-espana","tag-euskaltegis","tag-euskera","tag-featured-news","tag-featurednews","tag-headlines","tag-latest-news","tag-latestnews","tag-matriculacion","tag-meta","tag-news","tag-noticias","tag-noticias-destacadas","tag-noticiasdestacadas","tag-spain","tag-titulares","tag-ultimas-noticias","tag-ultimasnoticias"],"share_on_mastodon":{"url":"https:\/\/pubeurope.com\/@es\/117202853957294167","error":""},"_links":{"self":[{"href":"https:\/\/www.europesays.com\/es\/wp-json\/wp\/v2\/posts\/744428","targetHints":{"allow":["GET"]}}],"collection":[{"href":"https:\/\/www.europesays.com\/es\/wp-json\/wp\/v2\/posts"}],"about":[{"href":"https:\/\/www.europesays.com\/es\/wp-json\/wp\/v2\/types\/post"}],"author":[{"embeddable":true,"href":"https:\/\/www.europesays.com\/es\/wp-json\/wp\/v2\/users\/2"}],"replies":[{"embeddable":true,"href":"https:\/\/www.europesays.com\/es\/wp-json\/wp\/v2\/comments?post=744428"}],"version-history":[{"count":0,"href":"https:\/\/www.europesays.com\/es\/wp-json\/wp\/v2\/posts\/744428\/revisions"}],"wp:featuredmedia":[{"embeddable":true,"href":"https:\/\/www.europesays.com\/es\/wp-json\/wp\/v2\/media\/744429"}],"wp:attachment":[{"href":"https:\/\/www.europesays.com\/es\/wp-json\/wp\/v2\/media?parent=744428"}],"wp:term":[{"taxonomy":"category","embeddable":true,"href":"https:\/\/www.europesays.com\/es\/wp-json\/wp\/v2\/categories?post=744428"},{"taxonomy":"post_tag","embeddable":true,"href":"https:\/\/www.europesays.com\/es\/wp-json\/wp\/v2\/tags?post=744428"}],"curies":[{"name":"wp","href":"https:\/\/api.w.org\/{rel}","templated":true}]}}