{"id":744432,"date":"2026-09-02T18:34:21","date_gmt":"2026-09-02T18:34:21","guid":{"rendered":"https:\/\/www.europesays.com\/es\/744432\/"},"modified":"2026-09-02T18:34:21","modified_gmt":"2026-09-02T18:34:21","slug":"a-deco-solo-le-ha-faltado-la-guinda","status":"publish","type":"post","link":"https:\/\/www.europesays.com\/es\/744432\/","title":{"rendered":"A Deco solo le ha faltado la guinda"},"content":{"rendered":"<p class=\"ft-text\">Tras ganar las dos \u00faltimas ligas bajo la direcci\u00f3n de Hansi Flick, el Bar\u00e7a se propuso en este mercado de verano mejorar la plantilla y elevar el nivel del grupo que dirigir\u00e1 el entrenador alem\u00e1n para aspirar a m\u00e1s. El club azulgrana deber\u00e1 seguir luchando con el Real Madrid por la hegemon\u00eda del f\u00fatbol espa\u00f1ol, pero tambi\u00e9n tiene como gran objetivo ganar la Champions, algo que no consigue desde el a\u00f1o 2015.<\/p>\n<p class=\"ft-text\">Para ello,<strong> ha trabajado duro la direcci\u00f3n deportiva que lidera Deco, logrando cerrar hasta siete incorporaciones<\/strong>. <strong>Destacada es la de Rodri<\/strong>, el mejor futbolista del pasado Mundial y que llega para liderar un centro del campo espectacular que cuenta con Pedri, Gavi, Bernal, Ferm\u00edn, Olmo y Frenkie de Jong. Precisamente la lesi\u00f3n de este \u00faltimo hizo que el Bar\u00e7a se plantease incorporar a Rodri, <a class=\"ft-link ft-link--decoration\" href=\"https:\/\/www.sport.es\/es\/noticias\/barca\/oficial-rodri-ficha-barca-2030-133454289\" rel=\"nofollow noopener\" target=\"_blank\">algo que logr\u00f3 Deco en un movimiento r\u00e1pido y que cogi\u00f3 a muchos por sorpresa<\/a>. Entre ellos, al Real Madrid, que daba por hecho el fichaje del centrocampista, una pieza que necesitaba el nuevo proyecto de Jos\u00e9 Mourinho.<\/p>\n<p class=\"ft-text\"><strong>Deco tambi\u00e9n ha reforzado el ataque azulgrana con la llegada de hasta cuatro futbolistas<\/strong>. Apuesta importante es la de Anthony Gordon, fichado del Newcastle por 70 millones fijos m\u00e1s diez en variables y que ya ha enamorado a la afici\u00f3n del Spotify Camp Nou en sus primeros partidos. Aprovech\u00f3 el brasile\u00f1o una oportunidad de mercado para incorporar a Adeyemi y cubrir as\u00ed la baja de Rashford y ha apostado por la juventud de un talento como Bisiwu, fichado del Brujas por 8,5 millones de euros y que puede alternar el primer equipo con el filial, algo que tambi\u00e9n puede hacer el egipcio Hamza Abdelkarim.<\/p>\n<p><img decoding=\"async\" src=\"https:\/\/www.europesays.com\/es\/wp-content\/uploads\/2026\/09\/5ab7f12e-9d6d-434a-86c8-c926493e7138_alta-libre-aspect-ratio_default_0_x1000y444.jpg\" width=\"1200\" height=\"800\" alt=\"Anthony Gordon, durante su presentaci\u00f3n con el FC Barcelona\" class=\"ft-helper-img-rd\" loading=\"lazy\" fetchpriority=\"auto\"\/><\/p>\n<p class=\"ft-helper-fontColor-quaternary ft-helper-fontSize-body-S ft-helper-spacer-t-xxs\">Anthony Gordon, durante su presentaci\u00f3n con el FC Barcelona  \/ Dani Barbeito<\/p>\n<p class=\"ft-text\"><strong>El \u00faltimo en llegar ha sido Gabriel Jes\u00fas, otra oportunidad de mercado. Eso s\u00ed, el fichaje del brasile\u00f1o se concret\u00f3 ante la imposibilidad de fichar a quien ha sido durante todo el verano el objetivo n\u00famero uno del Bar\u00e7a, Juli\u00e1n \u00c1lvarez<\/strong>. El equipo de Flick perd\u00eda gol con la marcha de Robert Lewandowski y el traspaso al PSG de Ferran Torres y el argentino del Atl\u00e9tico de Madrid deb\u00eda llegar para cubrir estas ausencias. Se envi\u00f3 una oferta al Atl\u00e9tico de Madrid de 100 millones de euros, pero el club rojiblanco se ha negado a traspasar al futbolista al Bar\u00e7a a pesar de la presi\u00f3n realizada tambi\u00e9n por el delantero. Hubiese sido la guinda a un gran mercado del actual director deportivo azulgrana.<\/p>\n<p class=\"ft-text\"><strong>Deco ha reforzado todas las l\u00edneas durante el verano<\/strong>. Teniendo en cuenta que Szczesny se retirar\u00e1 en un a\u00f1o, se ha anticipado al problema <a class=\"ft-link ft-link--decoration\" href=\"https:\/\/www.sport.es\/es\/noticias\/barca\/oficial-ficha-livakovic-dominik-barca-barcelona-133640048\" rel=\"nofollow noopener\" target=\"_blank\">fichando al portero croata Livakovic, que pasa a ser el suplente de Joan Garcia<\/a>. En defensa, Cancelo, que jug\u00f3 en dos etapas como cedido en el conjunto azulgrana, lo har\u00e1 a partir de esta temporada siendo propiedad del Bar\u00e7a tras desvincularse del Al Hilal y lograr la carta de libertad. Adem\u00e1s, no es un fichaje, pero s\u00ed una incorporaci\u00f3n m\u00e1s que interesante la de Xavi Espart, ya con ficha del primer equipo. Como \u00fanico pero, la no llegada de un central zurdo.<\/p>\n<p><img decoding=\"async\" src=\"https:\/\/www.europesays.com\/es\/wp-content\/uploads\/2026\/09\/fa61d376-4423-4f4e-baf0-9e3380ecab1b_alta-libre-aspect-ratio_default_0_x600y225.jpg\" width=\"1200\" height=\"675\" alt=\"Jo\u00e3o Cancelo vuelve al Bar\u00e7a\" class=\"ft-helper-img-rd\" loading=\"lazy\" fetchpriority=\"auto\"\/><\/p>\n<p class=\"ft-helper-fontColor-quaternary ft-helper-fontSize-body-S ft-helper-spacer-t-xxs\">Jo\u00e3o Cancelo vuelve al Bar\u00e7a  \/ Gorka Urresola\/SPORT<\/p>\n<p class=\"ft-text\">Tambi\u00e9n ha estado h\u00e1bil el director deportivo en dar salida a los futbolistas que no contaban para Hansi Flick. Ter Stegen se ha marchado cedido al Ajax, Ronald Araujo al Liverpool y Casad\u00f3 al Deportivo, si bien es cierto que el Bar\u00e7a hubiese preferido un traspaso del canterano para ingresar una buena suma de dinero. La caja la ha hecho Deco con el traspaso de Ferran Torres al PSG, con el de otros jugadores que estaban cedidos com I\u00f1aki Pe\u00f1a, Ansu Fati y H\u00e9ctor Fort y con la salida de un buen n\u00famero de jugadores del filial que no ten\u00edan sitio en el primer equipo como Tommy Marqu\u00e9s, Guille y Toni Fern\u00e1ndez, Jofre Torrents y \u00c1lvaro Cort\u00e9s.<\/p>\n","protected":false},"excerpt":{"rendered":"Tras ganar las dos \u00faltimas ligas bajo la direcci\u00f3n de Hansi Flick, el Bar\u00e7a se propuso en este&hellip;\n","protected":false},"author":2,"featured_media":744433,"comment_status":"","ping_status":"","sticky":false,"template":"","format":"standard","meta":{"footnotes":""},"categories":[268],"tags":[882,168,25,24,74808,280,282,12321,3294,281,23,167],"class_list":["post-744432","post","type-post","status-publish","format-standard","has-post-thumbnail","category-futbol","tag-deco","tag-deportes","tag-es","tag-espana","tag-faltado","tag-football","tag-futbol","tag-guinda","tag-le","tag-soccer","tag-spain","tag-sports"],"share_on_mastodon":{"url":"https:\/\/pubeurope.com\/@es\/117202890592313721","error":""},"_links":{"self":[{"href":"https:\/\/www.europesays.com\/es\/wp-json\/wp\/v2\/posts\/744432","targetHints":{"allow":["GET"]}}],"collection":[{"href":"https:\/\/www.europesays.com\/es\/wp-json\/wp\/v2\/posts"}],"about":[{"href":"https:\/\/www.europesays.com\/es\/wp-json\/wp\/v2\/types\/post"}],"author":[{"embeddable":true,"href":"https:\/\/www.europesays.com\/es\/wp-json\/wp\/v2\/users\/2"}],"replies":[{"embeddable":true,"href":"https:\/\/www.europesays.com\/es\/wp-json\/wp\/v2\/comments?post=744432"}],"version-history":[{"count":0,"href":"https:\/\/www.europesays.com\/es\/wp-json\/wp\/v2\/posts\/744432\/revisions"}],"wp:featuredmedia":[{"embeddable":true,"href":"https:\/\/www.europesays.com\/es\/wp-json\/wp\/v2\/media\/744433"}],"wp:attachment":[{"href":"https:\/\/www.europesays.com\/es\/wp-json\/wp\/v2\/media?parent=744432"}],"wp:term":[{"taxonomy":"category","embeddable":true,"href":"https:\/\/www.europesays.com\/es\/wp-json\/wp\/v2\/categories?post=744432"},{"taxonomy":"post_tag","embeddable":true,"href":"https:\/\/www.europesays.com\/es\/wp-json\/wp\/v2\/tags?post=744432"}],"curies":[{"name":"wp","href":"https:\/\/api.w.org\/{rel}","templated":true}]}}