{"id":744434,"date":"2026-09-02T18:35:15","date_gmt":"2026-09-02T18:35:15","guid":{"rendered":"https:\/\/www.europesays.com\/es\/744434\/"},"modified":"2026-09-02T18:35:15","modified_gmt":"2026-09-02T18:35:15","slug":"el-nombre-de-la-hija-de-alejandra-rubio-y-carlo-costanzia-que-une-a-dos-familias","status":"publish","type":"post","link":"https:\/\/www.europesays.com\/es\/744434\/","title":{"rendered":"El nombre de la hija de Alejandra Rubio y Carlo Costanzia que une a dos familias"},"content":{"rendered":"<p style=\"\">Alejandra Rubio y Carlo Costanzia dieron la bienvenida a <a href=\"https:\/\/www.elcorreo.com\/gente-estilo\/alejandra-rubio-carlo-costanzia-padres-nina-20260831113235-ntrc.html\" data-voc-vtm-id=\"in-text-traffic\" rel=\"nofollow noopener\" target=\"_blank\">su segunda hija<\/a> el pasado 30 de agosto, una ni\u00f1a que ha recibido el nombre  &#8230; de Tessa y cuyo significado esconde un emotivo homenaje familiar.<\/p>\n<p class=\"v-d-p\" style=\"\">La propia Alejandra fue quien anunci\u00f3 el nacimiento en redes sociales con una fotograf\u00eda en la que se ve\u00edan las manos de los padres junto a la de la reci\u00e9n nacida. \u00abBienvenida a la familia, peque\u00f1a Tessa. Te amamos\u00bb, escribi\u00f3. Por el momento, la pareja ha decidido no mostrar el rostro de la beb\u00e9, siguiendo la misma l\u00ednea de privacidad que mantienen con su primer hijo, Carlo.<\/p>\n<p class=\"v-d-p\" style=\"\">Pero lo que m\u00e1s curiosidad hab\u00eda generado era precisamente el nombre. Durante el embarazo, Alejandra hab\u00eda descartado que su hija se llamara Teresa, pese a las especulaciones por el recuerdo de su abuela materna, Mar\u00eda Teresa Campos. Finalmente, la elecci\u00f3n s\u00ed guarda una relaci\u00f3n directa con ella.<\/p>\n<p class=\"v-d-p\" style=\"\">A las puertas del hospital, Alejandra y Carlo explicaron que Tessa es una mezcla de Teresa y Elsa, en homenaje a sus respectivas abuelas. Terelu Campos ha reconocido haberse emocionado al descubrir que el nombre de su nieta era un homenaje a su madre.<\/p>\n<p class=\"v-d-p\" style=\"\">En Espa\u00f1a, Tessa sigue siendo poco frecuente. Seg\u00fan datos del INE recogidos por Divinity, solo 279 mujeres llevan este nombre.<\/p>\n","protected":false},"excerpt":{"rendered":"Alejandra Rubio y Carlo Costanzia dieron la bienvenida a su segunda hija el pasado 30 de agosto, una&hellip;\n","protected":false},"author":2,"featured_media":744435,"comment_status":"","ping_status":"","sticky":false,"template":"","format":"standard","meta":{"footnotes":""},"categories":[174],"tags":[7934,35883,255,41186,1563,146,147,25,24,630,256,3983,14043,14346,23,14874],"class_list":["post-744434","post","type-post","status-publish","format-standard","has-post-thumbnail","category-famosos","tag-alejandra","tag-carlo","tag-celebrities","tag-costanzia","tag-dos","tag-entertainment","tag-entretenimiento","tag-es","tag-espana","tag-familias","tag-famosos","tag-hija","tag-nombre","tag-rubio","tag-spain","tag-une"],"share_on_mastodon":{"url":"https:\/\/pubeurope.com\/@es\/117202893268956315","error":""},"_links":{"self":[{"href":"https:\/\/www.europesays.com\/es\/wp-json\/wp\/v2\/posts\/744434","targetHints":{"allow":["GET"]}}],"collection":[{"href":"https:\/\/www.europesays.com\/es\/wp-json\/wp\/v2\/posts"}],"about":[{"href":"https:\/\/www.europesays.com\/es\/wp-json\/wp\/v2\/types\/post"}],"author":[{"embeddable":true,"href":"https:\/\/www.europesays.com\/es\/wp-json\/wp\/v2\/users\/2"}],"replies":[{"embeddable":true,"href":"https:\/\/www.europesays.com\/es\/wp-json\/wp\/v2\/comments?post=744434"}],"version-history":[{"count":0,"href":"https:\/\/www.europesays.com\/es\/wp-json\/wp\/v2\/posts\/744434\/revisions"}],"wp:featuredmedia":[{"embeddable":true,"href":"https:\/\/www.europesays.com\/es\/wp-json\/wp\/v2\/media\/744435"}],"wp:attachment":[{"href":"https:\/\/www.europesays.com\/es\/wp-json\/wp\/v2\/media?parent=744434"}],"wp:term":[{"taxonomy":"category","embeddable":true,"href":"https:\/\/www.europesays.com\/es\/wp-json\/wp\/v2\/categories?post=744434"},{"taxonomy":"post_tag","embeddable":true,"href":"https:\/\/www.europesays.com\/es\/wp-json\/wp\/v2\/tags?post=744434"}],"curies":[{"name":"wp","href":"https:\/\/api.w.org\/{rel}","templated":true}]}}