{"id":744436,"date":"2026-09-02T18:38:17","date_gmt":"2026-09-02T18:38:17","guid":{"rendered":"https:\/\/www.europesays.com\/es\/744436\/"},"modified":"2026-09-02T18:38:17","modified_gmt":"2026-09-02T18:38:17","slug":"sol-vs-yipio-el-duelo-final-por-ver-quien-gana-gran-hermano-generacion-dorada","status":"publish","type":"post","link":"https:\/\/www.europesays.com\/es\/744436\/","title":{"rendered":"Sol vs. Yipio: el duelo final por ver qui\u00e9n gana Gran Hermano Generaci\u00f3n Dorada"},"content":{"rendered":"<p>Dos de las seis finalistas de <strong><a href=\"https:\/\/www.newsdigitales.com\/.\/tag\/57108\/gran-hermano-generacion-dorada\" target=\"_blank\" rel=\"nofollow noopener\">Gran Hermano Generaci\u00f3n Dorada<\/a><\/strong> ya se perfilan como las grandes protagonistas del tramo final del reality. <strong>Sol y <a href=\"https:\/\/www.newsdigitales.com\/.\/tag\/338404\/yipio\" target=\"_blank\" rel=\"nofollow noopener\">Yipio<\/a><\/strong> construyeron una rivalidad que podr\u00eda desembocar en el esperado mano a mano por el trofeo, que se disputar\u00eda el pr\u00f3ximo 14 de septiembre.<\/p>\n<p>A medida que se acerca la definici\u00f3n, las participantes ya no esconden sus intenciones. <strong>Sol <\/strong>se muestra convencida de que tiene todo para quedarse con el t\u00edtulo y, adem\u00e1s, tiene claro contra qui\u00e9n imagina el \u00faltimo versus.\u00a0La jugadora asegura que va a ganar <strong>Gran Hermano<\/strong> y considera que <strong>Charlotte Caniggia<\/strong> no representa una amenaza real para su objetivo. Para la tucumana, la verdadera competencia estar\u00eda en <strong>Yipio<\/strong>, con quien mantiene una historia de cruces, estrategias y cuentas pendientes dentro de la casa.<\/p>\n<p><img decoding=\"async\" alt=\"\" src=\"https:\/\/www.europesays.com\/es\/wp-content\/uploads\/2026\/09\/20260901111329_placa-final.jpg\" style=\"width: 730px; height: 407px;\"\/><\/p>\n<p><strong>Yipio<\/strong>, por su parte, tambi\u00e9n tiene una lectura muy particular de su relaci\u00f3n con <strong>Sol <\/strong>y record\u00f3 una situaci\u00f3n que, para ella, demuestra que su compa\u00f1era tom\u00f3 decisiones estrat\u00e9gicas pensando en un eventual enfrentamiento.\u00a0\u201cLe ped\u00ed varias veces a Sol ir al versus y me dijo que no era mi momento. Esper\u00f3 a que yo quedara en placa sola con Pincoya. Vio la placa: \u00e9ramos Pincoya y yo, y aun as\u00ed pidi\u00f3 por m\u00ed, pudiendo resguardar a Pincoya y pedir por otra persona. Pidi\u00f3 por m\u00ed sabiendo todo\u201d.<\/p>\n<blockquote class=\"twitter-tweet\" data-media-max-width=\"560\"><p>&#13;<\/p>\n<p dir=\"ltr\" lang=\"es\"><a href=\"https:\/\/x.com\/hashtag\/GranHermano?src=hash&amp;ref_src=twsrc%5Etfw\" rel=\"nofollow\">#GranHermano<\/a><\/p>\n<p>\u201cLe ped\u00ed varias veces a Sol ir al versus y me dijo q no era mi momento. Esper\u00f3 a q yo quedara en placa sola con Pincoya. Vio la placa: \u00e9ramos Pincoya y yo, y aun as\u00ed pidi\u00f3 por m\u00ed, pudiendo resguardar a Pincoya y pedir por otra persona. Pidi\u00f3 por m\u00ed sabiendo todo.\u201d <a href=\"https:\/\/t.co\/Yit3DCVwuL\" rel=\"nofollow\">pic.twitter.com\/Yit3DCVwuL<\/a><\/p>\n<p>&#13;<br \/>\n\u2014 LaScrollera (@LaScrollera) <a href=\"https:\/\/x.com\/LaScrollera\/status\/2094646544850931832?ref_src=twsrc%5Etfw\" rel=\"nofollow\">September 1, 2026<\/a><\/p><\/blockquote>\n<p>La frase deja expuesta una de las grandes tensiones de esta etapa de <strong>Gran Hermano Generaci\u00f3n Dorada<\/strong>: cu\u00e1ndo conviene enfrentar al rival y cu\u00e1ndo es mejor esperar.\u00a0Para <strong>Yipio, Sol<\/strong> tuvo la posibilidad de proteger a <strong>Pincoya<\/strong> y elegir otro nombre, pero decidi\u00f3 pedir por ella. Una decisi\u00f3n que ahora, con la final cada vez m\u00e1s cerca, puede adquirir otra lectura.<\/p>\n<blockquote class=\"twitter-tweet\" data-media-max-width=\"560\"><p>&#13;<\/p>\n<p dir=\"ltr\" lang=\"es\">Increible Sol como sabe que La Yipioneta se gasto todo y Los Solangistas Nada por eso sabe que gana <a href=\"https:\/\/x.com\/hashtag\/GranHermano?src=hash&amp;ref_src=twsrc%5Etfw\" rel=\"nofollow\">#GranHermano<\/a> <a href=\"https:\/\/t.co\/miw17C8zOh\" rel=\"nofollow\">pic.twitter.com\/miw17C8zOh<\/a><\/p>\n<p>&#13;<br \/>\n\u2014 MF (@MundoFamososOk) <a href=\"https:\/\/x.com\/MundoFamososOk\/status\/2094625350055502005?ref_src=twsrc%5Etfw\" rel=\"nofollow\">September 1, 2026<\/a><\/p><\/blockquote>\n<p>Con seis participantes todav\u00eda en carrera, cada movimiento empieza a pesar el doble. Ya no se trata solamente de sobrevivir a una placa: cada voto, cada alianza y cada enfrentamiento puede terminar definiendo qui\u00e9n llega con mayor fuerza al \u00faltimo tramo.\u00a0<strong>Sol <\/strong>ya eligi\u00f3 a su rival. <strong>Yipio<\/strong>, en tanto, parece estar m\u00e1s que dispuesta a aceptar el desaf\u00edo.<\/p>\n<p>\t\t\t\t\t\t<script async src=\"https:\/\/platform.twitter.com\/widgets.js\" charset=\"utf-8\"><\/script><\/p>\n","protected":false},"excerpt":{"rendered":"Dos de las seis finalistas de Gran Hermano Generaci\u00f3n Dorada ya se perfilan como las grandes protagonistas del&hellip;\n","protected":false},"author":2,"featured_media":744437,"comment_status":"","ping_status":"","sticky":false,"template":"","format":"standard","meta":{"footnotes":""},"categories":[171],"tags":[12977,320,158,146,147,25,24,1058,4355,4936,3956,37,5043,10747,2829,23,214,809,17182,132068],"class_list":["post-744436","post","type-post","status-publish","format-standard","has-post-thumbnail","category-tv","tag-dorada","tag-duelo","tag-el","tag-entertainment","tag-entretenimiento","tag-es","tag-espana","tag-final","tag-gana","tag-generacion","tag-gran","tag-hermano","tag-por","tag-quien","tag-sol","tag-spain","tag-tv","tag-ver","tag-vs","tag-yipio"],"share_on_mastodon":{"url":"https:\/\/pubeurope.com\/@es\/117202906292630870","error":""},"_links":{"self":[{"href":"https:\/\/www.europesays.com\/es\/wp-json\/wp\/v2\/posts\/744436","targetHints":{"allow":["GET"]}}],"collection":[{"href":"https:\/\/www.europesays.com\/es\/wp-json\/wp\/v2\/posts"}],"about":[{"href":"https:\/\/www.europesays.com\/es\/wp-json\/wp\/v2\/types\/post"}],"author":[{"embeddable":true,"href":"https:\/\/www.europesays.com\/es\/wp-json\/wp\/v2\/users\/2"}],"replies":[{"embeddable":true,"href":"https:\/\/www.europesays.com\/es\/wp-json\/wp\/v2\/comments?post=744436"}],"version-history":[{"count":0,"href":"https:\/\/www.europesays.com\/es\/wp-json\/wp\/v2\/posts\/744436\/revisions"}],"wp:featuredmedia":[{"embeddable":true,"href":"https:\/\/www.europesays.com\/es\/wp-json\/wp\/v2\/media\/744437"}],"wp:attachment":[{"href":"https:\/\/www.europesays.com\/es\/wp-json\/wp\/v2\/media?parent=744436"}],"wp:term":[{"taxonomy":"category","embeddable":true,"href":"https:\/\/www.europesays.com\/es\/wp-json\/wp\/v2\/categories?post=744436"},{"taxonomy":"post_tag","embeddable":true,"href":"https:\/\/www.europesays.com\/es\/wp-json\/wp\/v2\/tags?post=744436"}],"curies":[{"name":"wp","href":"https:\/\/api.w.org\/{rel}","templated":true}]}}