{"id":744460,"date":"2026-09-02T18:57:16","date_gmt":"2026-09-02T18:57:16","guid":{"rendered":"https:\/\/www.europesays.com\/es\/744460\/"},"modified":"2026-09-02T18:57:16","modified_gmt":"2026-09-02T18:57:16","slug":"cuanto-dinero-ha-dejado-de-ganar-gabriel-jesus-al-fichar-por-el-barca","status":"publish","type":"post","link":"https:\/\/www.europesays.com\/es\/744460\/","title":{"rendered":"Cu\u00e1nto dinero ha dejado de ganar Gabriel Jesus al fichar por el Bar\u00e7a"},"content":{"rendered":"<p class=\"ft-text\"><strong>Deco supo que Gabriel Jesus estaba en el mercado <\/strong>y que a\u00fan no hab\u00eda cerrado con nadie, aunque ten\u00eda muy avanzado su desembarco en el f\u00fatbol italiano. Habl\u00f3 con Hansi Flick, que dio el &#8216;ok&#8217; a su incorporaci\u00f3n<strong>. Y, a partir de ah\u00ed, empez\u00f3 a estructurar una operaci\u00f3n rel\u00e1mpago que mantuvo en el m\u00e1s absoluto sigilo.<\/strong><\/p>\n<p class=\"ft-text\">Cuando el delantero paulista, de 29 a\u00f1os, fue informado de la aparici\u00f3n del Barcelona, <a class=\"ft-link ft-link--decoration\" href=\"https:\/\/www.sport.es\/es\/noticias\/barca\/gabriel-jesus-llamada-pep-guardiola-133780892\" rel=\"nofollow noopener\" target=\"_blank\">el club donde siempre quiso jugar y al que estuvo a punto de recalar en el verano de 2016<\/a>, dio el visto bueno sin dudarlo ni un segundo.<\/p>\n<p class=\"ft-text\"><strong>Dio la orden al equipo profesional que lo asesora, algunos de cuyos miembros, por cierto, mantienen una gran sinton\u00eda con la direcci\u00f3n deportiva culer, de hacer los esfuerzos necesarios para que se completara la transacci\u00f3n.<\/strong> De su parte lo pondr\u00eda todo. No estaba dispuesto a dejar escapar la oportunidad.<\/p>\n<p class=\"ft-text\"><strong>\u00abHace una semana recib\u00ed el mensaje de que pod\u00eda pasar. Estaba muy contento y todo ha ido bien. Cuando empec\u00e9 a pensar que pod\u00eda hacerse realidad, me puse muy ilusionado y contento\u00bb<\/strong>, explicaba Gabriel Jesus durante su presentaci\u00f3n oficial en Barcelona.<\/p>\n<p><img decoding=\"async\" src=\"https:\/\/www.europesays.com\/es\/wp-content\/uploads\/2026\/09\/8152fbad-5aad-47fb-8b17-211ae9fa7c86_alta-libre-aspect-ratio_default_0_x600y225.jpg\" width=\"1200\" height=\"675\" alt=\"Joan Laporta con Gabriel Jesus, el nuevo delantero del Bar\u00e7a\" class=\"ft-helper-img-rd\" loading=\"lazy\" fetchpriority=\"auto\"\/><\/p>\n<p class=\"ft-helper-fontColor-quaternary ft-helper-fontSize-body-S ft-helper-spacer-t-xxs\">Joan Laporta con Gabriel Jesus, el nuevo delantero del Bar\u00e7a  \/ FCB<\/p>\n<p>Adaptarse al Fair Play Financiero<\/p>\n<p class=\"ft-text\"><strong>El Bar\u00e7a expuso al entorno del &#8216;9&#8217; hasta d\u00f3nde pod\u00eda llegar y qu\u00e9 espacio de Fair Play Financiero ten\u00eda reservado para esta operaci\u00f3n<\/strong>, lo que incluir\u00eda la amortizaci\u00f3n del precio de traspaso, en el que el Arsenal puso todas las facilidades, principalmente por la profesionalidad que Gabriel Jesus ha mostrado durante toda su etapa como &#8216;gunner&#8217;.<\/p>\n<p class=\"ft-text\">El italiano <strong>Andrea Berta,<\/strong> director deportivo del Arsenal, y su hom\u00f3logo<strong> Deco<\/strong>, que mantienen una relaci\u00f3n profesional muy cordial desde hace a\u00f1os, cerraron la transacci\u00f3n, que se fij\u00f3 en diez millones de euros m\u00e1s cuatro en variables.<\/p>\n<p class=\"ft-text\">Y fue entonces cuando se materializ\u00f3 el esfuerzo financiero de Gabriel Jesus, que, <strong>en el Arsenal, percib\u00eda 265.000 libras semanales, lo que supon\u00eda una ficha anual de 16,1 millones de euros brutos.<\/strong> El Bar\u00e7a nunca se ha planteado igualar esta cifra.<\/p>\n<p><img decoding=\"async\" src=\"https:\/\/www.europesays.com\/es\/wp-content\/uploads\/2026\/09\/8f8ccd22-450a-4dbf-a719-cdb624c7e359_alta-libre-aspect-ratio_default_0_x600y225.jpg\" width=\"1200\" height=\"675\" alt=\"Gabriel Jesus, el '9' del Bar\u00e7a de Hansi Flick\" class=\"ft-helper-img-rd\" loading=\"lazy\" fetchpriority=\"auto\"\/><\/p>\n<p class=\"ft-helper-fontColor-quaternary ft-helper-fontSize-body-S ft-helper-spacer-t-xxs\">Gabriel Jesus, el &#8216;9&#8217; del Bar\u00e7a de Hansi Flick  \/ FCB<\/p>\n<p>Cobrar\u00e1 3 &#8216;kilos&#8217; menos que en el Arsenal<\/p>\n<p class=\"ft-text\">El contrato de Gabriel Jesus con el Bar\u00e7a,<a class=\"ft-link ft-link--decoration\" href=\"https:\/\/www.sport.es\/es\/noticias\/barca\/cambios-contrato-gabriel-jesus-133828713\" rel=\"nofollow noopener\" target=\"_blank\"> que al final ha sido de tres temporadas y no de dos m\u00e1s uno, como al principio se supuso<\/a>, se ha adecuado de forma muy estricta a la pir\u00e1mide salarial actual. Al brasile\u00f1o le pareci\u00f3 l\u00f3gico.<strong> Sus emolumentos anuales pasan a ser de alrededor de 13 millones de euros brutos<\/strong>, lo que significa que el internacional canarinho deja de percibir unos tres millones de euros menos por temporada. Una disminuci\u00f3n de ingresos nada menor.<\/p>\n<p class=\"ft-text\">\u00ab<strong>S\u00ed, he hecho un esfuerzo econ\u00f3mico, pero no solo yo. El Bar\u00e7a tambi\u00e9n ha hecho un esfuerzo muy grande para que este movimiento pudiera hacerse. Yo he bajado mi salario significativamente. <\/strong>Es un sue\u00f1o estar aqu\u00ed. Si me hubieras preguntado hace un mes, te habr\u00eda dicho que era muy dif\u00edcil. Con 29 a\u00f1os no pensaba que tendr\u00eda la posibilidad de estar aqu\u00ed, en el Bar\u00e7a, y ayudar al equipo\u00bb, detall\u00f3 el delantero en sus primeras palabras como jugador del club blaugrana.<\/p>\n","protected":false},"excerpt":{"rendered":"Deco supo que Gabriel Jesus estaba en el mercado y que a\u00fan no hab\u00eda cerrado con nadie, aunque&hellip;\n","protected":false},"author":2,"featured_media":744461,"comment_status":"","ping_status":"","sticky":false,"template":"","format":"standard","meta":{"footnotes":""},"categories":[268],"tags":[5031,2296,210,168,25,24,1750,280,282,131327,9753,281,23,167,15563],"class_list":["post-744460","post","type-post","status-publish","format-standard","has-post-thumbnail","category-futbol","tag-arsenal","tag-barca","tag-barcelona","tag-deportes","tag-es","tag-espana","tag-ficha","tag-football","tag-futbol","tag-gabriel-jesus","tag-salario","tag-soccer","tag-spain","tag-sports","tag-sueldo"],"share_on_mastodon":{"url":"https:\/\/pubeurope.com\/@es\/117202980424001051","error":""},"_links":{"self":[{"href":"https:\/\/www.europesays.com\/es\/wp-json\/wp\/v2\/posts\/744460","targetHints":{"allow":["GET"]}}],"collection":[{"href":"https:\/\/www.europesays.com\/es\/wp-json\/wp\/v2\/posts"}],"about":[{"href":"https:\/\/www.europesays.com\/es\/wp-json\/wp\/v2\/types\/post"}],"author":[{"embeddable":true,"href":"https:\/\/www.europesays.com\/es\/wp-json\/wp\/v2\/users\/2"}],"replies":[{"embeddable":true,"href":"https:\/\/www.europesays.com\/es\/wp-json\/wp\/v2\/comments?post=744460"}],"version-history":[{"count":0,"href":"https:\/\/www.europesays.com\/es\/wp-json\/wp\/v2\/posts\/744460\/revisions"}],"wp:featuredmedia":[{"embeddable":true,"href":"https:\/\/www.europesays.com\/es\/wp-json\/wp\/v2\/media\/744461"}],"wp:attachment":[{"href":"https:\/\/www.europesays.com\/es\/wp-json\/wp\/v2\/media?parent=744460"}],"wp:term":[{"taxonomy":"category","embeddable":true,"href":"https:\/\/www.europesays.com\/es\/wp-json\/wp\/v2\/categories?post=744460"},{"taxonomy":"post_tag","embeddable":true,"href":"https:\/\/www.europesays.com\/es\/wp-json\/wp\/v2\/tags?post=744460"}],"curies":[{"name":"wp","href":"https:\/\/api.w.org\/{rel}","templated":true}]}}