{"id":744462,"date":"2026-09-02T19:01:17","date_gmt":"2026-09-02T19:01:17","guid":{"rendered":"https:\/\/www.europesays.com\/es\/744462\/"},"modified":"2026-09-02T19:01:17","modified_gmt":"2026-09-02T19:01:17","slug":"bianca-cambia-de-estrategia-con-fina-en-el-avance-del-capitulo-640-del-jueves-3-de-septiembre-de-suenos-de-libertad-la-serie-diaria-de-antena-3","status":"publish","type":"post","link":"https:\/\/www.europesays.com\/es\/744462\/","title":{"rendered":"Bianca cambia de estrategia con Fina en el avance del cap\u00edtulo 640 del jueves 3 de septiembre de &#8216;Sue\u00f1os de libertad&#8217;, la serie diaria de Antena 3"},"content":{"rendered":"<p data-journey-content=\"true\" data-node-id=\"3\" class=\"css-1ood0zq emevuu60\">En los \u00faltimos cap\u00edtulos de la serie &#8216;<a href=\"https:\/\/www.diezminutos.es\/suenos-de-libertad\/\" target=\"_blank\" data-vars-ga-outbound-link=\"https:\/\/www.diezminutos.es\/suenos-de-libertad\/\" data-vars-ga-ux-element=\"Hyperlink\" data-vars-ga-call-to-action=\"Sue\u00f1os de libertad\" data-node-id=\"3.1\" class=\"body-link css-1v1lrc0 emevuu60\" rel=\"nofollow noopener\">Sue\u00f1os de libertad<\/a>&#8216;, en Antena 3, <a href=\"https:\/\/www.diezminutos.es\/telenovela\/espanolas\/a73529740\/suenos-de-libertad-capitulo-635-avance-jueves-27-agosto-serie-antena-3\/\" target=\"_blank\" data-vars-ga-outbound-link=\"https:\/\/www.diezminutos.es\/telenovela\/espanolas\/a73529740\/suenos-de-libertad-capitulo-635-avance-jueves-27-agosto-serie-antena-3\/\" data-vars-ga-ux-element=\"Hyperlink\" data-vars-ga-call-to-action=\"Marta decide actuar\" data-node-id=\"3.3\" class=\"body-link css-1v1lrc0 emevuu60\" rel=\"nofollow noopener\">Marta decide actuar<\/a> y tomar medidas en las tiendas tras descubrir los movimientos de Gabriel. Miguel intenta transmitirle toda su fuerza a Pablo antes de que se someta a una operaci\u00f3n, tratando de tranquilizarlo ante un momento especialmente delicado. Mientras tanto, <strong data-node-id=\"3.5\">Marta habla con las chicas y les pide que cedan ante Gabriel<\/strong>, una situaci\u00f3n que podr\u00eda generar nuevos conflictos. Por su parte, Mabel tiene que enfrentarse a una decisi\u00f3n trascendental relacionada con su relaci\u00f3n con Salva y debe valorar qu\u00e9 camino quiere seguir a partir de ahora. Roque tambi\u00e9n da un paso adelante y decide sincerarse con Dami\u00e1n, compartiendo con \u00e9l aquello que hasta ahora hab\u00eda mantenido oculto.<\/p>\n<p><img draggable=\"true\" alt=\"marta y fina en 'suenos de libertad'\" title=\"Marta y Fina en 'Suenos de libertad'\" loading=\"lazy\" width=\"3500\" height=\"2333\" decoding=\"async\" data-nimg=\"1\" style=\"color:transparent;width:100%;height:auto;\"   src=\"https:\/\/www.europesays.com\/es\/wp-content\/uploads\/2026\/09\/800da786-6807-475c-aaa2-1370197b6b18.jpg\" class=\"css-0 e1ddfba50\"\/><\/p>\n<p>Manuel Fiestas Moreno<\/p>\n<p>Marta y Fina dejan atr\u00e1s sus diferencias en &#8216;Sue\u00f1os de libertad&#8217;<\/p>\n<p data-journey-content=\"true\" data-node-id=\"11\" class=\"css-1ood0zq emevuu60\">La tensi\u00f3n aumenta en la casa cuando Pablo es trasladado de urgencia al quir\u00f3fano, dejando a todos profundamente preocupados por su estado. Mientras tanto, Valentina presencia un gesto c\u00f3mplice entre Andr\u00e9s y Bego\u00f1a que despierta sus sospechas y podr\u00eda cambiar la relaci\u00f3n entre varios personajes. Por otro lado, <strong data-node-id=\"11.1\">Dami\u00e1n debe tomar una importante decisi\u00f3n<\/strong> acerca de la permanencia de Eduardo en la casa, una elecci\u00f3n que podr\u00eda tener consecuencias inesperadas para todos. En medio de este ambiente, Marta y Fina deciden dejar atr\u00e1s sus diferencias y unir fuerzas para trabajar juntas, demostrando que son capaces de superar sus conflictos cuando la situaci\u00f3n lo requiere.<\/p>\n<p>Cap\u00edtulo 640 del jueves 3 de septiembre de &#8216;Sue\u00f1os de libertad&#8217;<img draggable=\"true\" alt=\"pablo y mabel en 'suenos de libertad'\" title=\"Pablo y Mabel en 'Suenos de libertad'\" loading=\"lazy\" width=\"3500\" height=\"2333\" decoding=\"async\" data-nimg=\"1\" style=\"color:transparent;width:100%;height:auto;\"   src=\"https:\/\/www.europesays.com\/es\/wp-content\/uploads\/2026\/09\/efd8ef6f-4371-437f-9889-f491863373a4.jpg\" class=\"css-0 e1ddfba50\"\/><\/p>\n<p>Manuel Fiestas Moreno<\/p>\n<p data-journey-content=\"true\" data-node-id=\"17\" class=\"css-1ood0zq emevuu60\">Pablo despierta finalmente despu\u00e9s de la operaci\u00f3n, dando un giro importante a la situaci\u00f3n y generando nuevas expectativas entre quienes permanec\u00edan pendientes de su estado. Mientras tanto, Gabriel decide enfrentarse directamente a Bego\u00f1a para pedirle explicaciones sobre las fotograf\u00edas en las que aparece junto a Andr\u00e9s, una situaci\u00f3n que podr\u00eda poner en peligro varias relaciones y despertar nuevas sospechas. Por otro lado, Bianca vuelve a mover ficha con Fina y deja claro que no est\u00e1 dispuesta a renunciar f\u00e1cilmente a sus objetivos. <strong data-node-id=\"17.1\">Miguel, por su parte, se acerca a Claudia para hacerle una petici\u00f3n<\/strong> que podr\u00eda cambiar el rumbo de los acontecimientos y afectar a ambos. Al mismo tiempo, Dami\u00e1n intenta orientar a Roque y le ofrece un consejo sobre las decisiones que deber\u00e1 tomar respecto a su futuro. Finalmente, Beatriz sorprende a Gabriel con una propuesta completamente inesperada que podr\u00eda alterar sus planes y provocar nuevas tensiones.<\/p>\n<p><img src=\"https:\/\/www.europesays.com\/es\/wp-content\/uploads\/2026\/09\/1788375677_379_43af9b8f-983e-4e74-8e74-9a7479b0966b_1681831601.file.png\" alt=\"Headshot of Pilar Mart\u00ednez\" title=\"Headshot of Pilar Mart\u00ednez\" width=\"100%\" height=\"100%\" decoding=\"async\" loading=\"lazy\" class=\"css-o0wq4v ev8dhu53\"\/><\/p>\n<p>Pilar Mart\u00ednez es periodista especializada en contenidos de televisi\u00f3n y cultura, se gradu\u00f3 en la carrera en Periodismo en la Facultad de Ciencias de la Informaci\u00f3n (Universidad Complutense de Madrid) en el a\u00f1o 2018. Desde entonces ha pasado por las redacciones de Ecoteuve (El Economista), donde realiz\u00f3 sus primeras pr\u00e1cticas durante el verano del 2016.<\/p>\n<p>Posteriormente, concretamente, en el a\u00f1o 2017 se pas\u00f3 al grupo Hearst Espa\u00f1a, donde comenz\u00f3 su andadura en las revistas de televisi\u00f3n: Supertele, Teleprograma, Telenovela. Ahora colabora con Diez Minutos, en su versi\u00f3n web, donde se encarga de realizar los avances semanales de las ficciones diarias de moda, as\u00ed como entrevistas y art\u00edculos sobre los melodramas o telenovelas que aterrizan en nuestro pa\u00eds y aquellos que est\u00e1n por venir.<\/p>\n<p>Toda una cazadora de exclusivas. A esto, se suma su puesto como redactora jefe de la secci\u00f3n de novela narrativa en la revista Culturamas, medio digital de alto impacto al que lleva unida desde el a\u00f1o 2013. \u00c1vida lectora, cin\u00e9fila y seri\u00e9fila de primer nivel, ha hecho de su vocaci\u00f3n su oficio. \u00a0<\/p>\n","protected":false},"excerpt":{"rendered":"En los \u00faltimos cap\u00edtulos de la serie &#8216;Sue\u00f1os de libertad&#8216;, en Antena 3, Marta decide actuar y tomar&hellip;\n","protected":false},"author":2,"featured_media":744463,"comment_status":"","ping_status":"","sticky":false,"template":"","format":"standard","meta":{"footnotes":""},"categories":[171],"tags":[253,146,147,25,24,23,214],"class_list":["post-744462","post","type-post","status-publish","format-standard","has-post-thumbnail","category-tv","tag-discover","tag-entertainment","tag-entretenimiento","tag-es","tag-espana","tag-spain","tag-tv"],"share_on_mastodon":{"url":"https:\/\/pubeurope.com\/@es\/117202996776278832","error":""},"_links":{"self":[{"href":"https:\/\/www.europesays.com\/es\/wp-json\/wp\/v2\/posts\/744462","targetHints":{"allow":["GET"]}}],"collection":[{"href":"https:\/\/www.europesays.com\/es\/wp-json\/wp\/v2\/posts"}],"about":[{"href":"https:\/\/www.europesays.com\/es\/wp-json\/wp\/v2\/types\/post"}],"author":[{"embeddable":true,"href":"https:\/\/www.europesays.com\/es\/wp-json\/wp\/v2\/users\/2"}],"replies":[{"embeddable":true,"href":"https:\/\/www.europesays.com\/es\/wp-json\/wp\/v2\/comments?post=744462"}],"version-history":[{"count":0,"href":"https:\/\/www.europesays.com\/es\/wp-json\/wp\/v2\/posts\/744462\/revisions"}],"wp:featuredmedia":[{"embeddable":true,"href":"https:\/\/www.europesays.com\/es\/wp-json\/wp\/v2\/media\/744463"}],"wp:attachment":[{"href":"https:\/\/www.europesays.com\/es\/wp-json\/wp\/v2\/media?parent=744462"}],"wp:term":[{"taxonomy":"category","embeddable":true,"href":"https:\/\/www.europesays.com\/es\/wp-json\/wp\/v2\/categories?post=744462"},{"taxonomy":"post_tag","embeddable":true,"href":"https:\/\/www.europesays.com\/es\/wp-json\/wp\/v2\/tags?post=744462"}],"curies":[{"name":"wp","href":"https:\/\/api.w.org\/{rel}","templated":true}]}}