{"id":744464,"date":"2026-09-02T19:02:47","date_gmt":"2026-09-02T19:02:47","guid":{"rendered":"https:\/\/www.europesays.com\/es\/744464\/"},"modified":"2026-09-02T19:02:47","modified_gmt":"2026-09-02T19:02:47","slug":"marcelo-d2-hizo-vibrar-buenos-aires-pagina12-com-ar","status":"publish","type":"post","link":"https:\/\/www.europesays.com\/es\/744464\/","title":{"rendered":"Marcelo D2 hizo vibrar Buenos Aires &#8211; pagina12.com.ar"},"content":{"rendered":"<ol>\n<li><a href=\"https:\/\/news.google.com\/rss\/articles\/CBMigAFBVV95cUxPY01TZUIxb1o5RHdCSjdKTEtpNHYzSlE5S3RfSFc1dV9MR3R6UDJBbERQZEpfZDVCc3VfcEpURzVxVzVkMzAyQzVRVHJLWFdrN2I1Q0VQRWVzMm1Db090UHJFMi1ZVXFDLTV2RG9Ma2NUR3FEYlpTWEFzTU1FR2tJeA?oc=5\" target=\"_blank\" rel=\"nofollow noopener\">Marcelo D2 hizo vibrar Buenos Aires<\/a>&nbsp;&nbsp;pagina12.com.ar<\/li>\n<li><a href=\"https:\/\/news.google.com\/rss\/articles\/CBMiiAJBVV95cUxPeWdpRXN4RVFHb0tybGd5VWplbVh6Qk45VEI0Zm1Lalc1UUJLVUZybHA1bUFsOVJQTDEtcC0xdjlIclN5UDRvbEVsYVVKakswZ051Tlo5N2NZVWV3c2RuUEE2V3V4b25KbFBOelhwMnljaU1TeTdwb2pzS29jbDI5VzlGS0dlRnBLVjQtcnVhZi00dEFuWmxlRzJoclJRTTZ1NDF3SVpaN2NCV0E1dHhmdFljTUVmaUVoME82ZXdUTjJseFBpenhrMjdJYWZENXVTYlhjSC1kdW9oOWpZcTFQeXBWTURNVGRBQ0h1eE1TMFQ3Qm85eHNFYTBZX2hQeU4za0V0Z2VsYzTSAY4CQVVfeXFMUDBPMUlSdnNUOE81dGxlZ0tpaGY4SU5Ed0xGaEhrcmpidG5jaTNvTU81c05VVUtlRUlOaGJoR1pRWDBlR21VZTRtdnVmeUZjd3h4YTl1eU5QcW9GOWZLMHYwR3NPRmpPS3hlY2ZvTXROUldpLWVnWDV4Vk9kTFZBUEozWWxMamJhSzZXcXkwMktaOEx0blVKUDRoZ2xKYkZMMTJ1UzJqdVFaZnRRZGJHLXJWcTdfdDVQTGR6VmlFY3FSazdaYU1vYWdKT0Z2VHBWbmgwdHBqd1pXRWhEU010MlNKcmVtd3FRSUlKNlhaVE5DZEFzTVl1NnRhVzJvNXJ5em1QeVJ5c1BfT1pIMUR3?oc=5\" target=\"_blank\" rel=\"nofollow noopener\">Marcelo D2 llega a la Argentina con su propuesta de samba: \u00abEs un arco y flecha que se tensa con el pasado par<\/a>&nbsp;&nbsp;Cr\u00f3nica<\/li>\n<li><a href=\"https:\/\/news.google.com\/rss\/articles\/CBMirwFBVV95cUxQS3dUaS1ST2JFQURLN0hHeWVsQWxUeHFiZWhSb0NQZnE3M2liSGxFUzY5U3FGakJOTUg5YjExNjM4ZVVQSnhjUVNMU2ZNcHp4dnNPMlhESXR5c3JIZUVrZkJKVEJUWV9rUXZQREhfTGVwdHk5RkhzQnFEOWg2SUZaR2xvS2xaOUtQLWtZVmVZZGdnVXRKZ2w2VkZUSFpNVWF0cC01a25BLXlvOTJfMVRn?oc=5\" target=\"_blank\" rel=\"nofollow noopener\">Marcelo D2: \u00abCuanto m\u00e1s represento a mi gente, m\u00e1s lejos puede llegar mi m\u00fasica\u00bb<\/a>&nbsp;&nbsp;Billboard Argentina<\/li>\n<li><a href=\"https:\/\/news.google.com\/rss\/articles\/CBMigAJBVV95cUxPaF91N25oTlBJNWtCRE5ic19xXzJ5Y21VRUFQOE5uT1VDbGVDSXlOMl9IVkZfUjJucDA3NG1CTjRKUzhMYmEzUHVwLWlBaW9nLUJSczdfOEF3ZEVvUGdRYW5FVEF6X212dlNTQS10ZEZrV253SXpQWHZmZlU5UUFWcEdGWmwtTnVkdzE5ZVJWLU1RN2RyQTF6NEVsU2NxdXpJZXdjcGZ3QXlqbjMteU5ISjVpSjVkcXdmcjhhSGtkWjlxOTZVb1piQWNTUXEtd1pYNVZhTVR0bmk1THJ5SXlkaEl3VUQtZ0FfMDBDWnRQSzhwQlB3RzFLTVlCS0N3a0g5?oc=5\" target=\"_blank\" rel=\"nofollow noopener\">El rapero brasile\u00f1o Marcelo D2 vuelve a Buenos Aires con un show que repasa 30 a\u00f1os de fascinante fusi\u00f3n entre samba y hip hop<\/a>&nbsp;&nbsp;lafolkargentina.com.ar<\/li>\n<\/ol>\n","protected":false},"excerpt":{"rendered":"Marcelo D2 hizo vibrar Buenos Aires&nbsp;&nbsp;pagina12.com.ar Marcelo D2 llega a la Argentina con su propuesta de samba: \u00abEs&hellip;\n","protected":false},"author":2,"featured_media":744465,"comment_status":"","ping_status":"","sticky":false,"template":"","format":"standard","meta":{"footnotes":""},"categories":[170],"tags":[132070,3216,146,147,25,24,184,185,213,23],"class_list":["post-744464","post","type-post","status-publish","format-standard","has-post-thumbnail","category-musica","tag-afrodescendientes","tag-brasil","tag-entertainment","tag-entretenimiento","tag-es","tag-espana","tag-music","tag-musica","tag-rap","tag-spain"],"share_on_mastodon":{"url":"https:\/\/pubeurope.com\/@es\/117203003432932741","error":""},"_links":{"self":[{"href":"https:\/\/www.europesays.com\/es\/wp-json\/wp\/v2\/posts\/744464","targetHints":{"allow":["GET"]}}],"collection":[{"href":"https:\/\/www.europesays.com\/es\/wp-json\/wp\/v2\/posts"}],"about":[{"href":"https:\/\/www.europesays.com\/es\/wp-json\/wp\/v2\/types\/post"}],"author":[{"embeddable":true,"href":"https:\/\/www.europesays.com\/es\/wp-json\/wp\/v2\/users\/2"}],"replies":[{"embeddable":true,"href":"https:\/\/www.europesays.com\/es\/wp-json\/wp\/v2\/comments?post=744464"}],"version-history":[{"count":0,"href":"https:\/\/www.europesays.com\/es\/wp-json\/wp\/v2\/posts\/744464\/revisions"}],"wp:featuredmedia":[{"embeddable":true,"href":"https:\/\/www.europesays.com\/es\/wp-json\/wp\/v2\/media\/744465"}],"wp:attachment":[{"href":"https:\/\/www.europesays.com\/es\/wp-json\/wp\/v2\/media?parent=744464"}],"wp:term":[{"taxonomy":"category","embeddable":true,"href":"https:\/\/www.europesays.com\/es\/wp-json\/wp\/v2\/categories?post=744464"},{"taxonomy":"post_tag","embeddable":true,"href":"https:\/\/www.europesays.com\/es\/wp-json\/wp\/v2\/tags?post=744464"}],"curies":[{"name":"wp","href":"https:\/\/api.w.org\/{rel}","templated":true}]}}