{"id":744466,"date":"2026-09-02T19:04:16","date_gmt":"2026-09-02T19:04:16","guid":{"rendered":"https:\/\/www.europesays.com\/es\/744466\/"},"modified":"2026-09-02T19:04:16","modified_gmt":"2026-09-02T19:04:16","slug":"tenoch-huerta-vuelve-a-hollywood-compartira-creditos-con-miles-teller-y-jason-momoa","status":"publish","type":"post","link":"https:\/\/www.europesays.com\/es\/744466\/","title":{"rendered":"Tenoch Huerta vuelve a Hollywood, compartir\u00e1 cr\u00e9ditos con Miles Teller y Jason Momoa"},"content":{"rendered":"<p itemprop=\"description\" class=\"sc__font-paragraph\">Tras dar vida al<b> rey de Talokan<\/b> y a uno de los primeros mutantes de Marvel,<a itemprop=\"url\" href=\"https:\/\/www.eluniversal.com.mx\/tag\/tenoch-huerta\/\" target=\"_blank\" rel=\"noreferrer nofollow noopener\" title=\"https:\/\/www.eluniversal.com.mx\/tag\/tenoch-huerta\/\"> Tenoch Huerta<\/a> <b>vuelve a Hollywood <\/b>para formar parte de un <b>nuevo thriller.<\/b><\/p>\n<p itemprop=\"description\" class=\"sc__font-paragraph\">De acuerdo con informaci\u00f3n publicada por el sitio \u00abDeadline\u00bb, el <b>actor mexicano<\/b> acaba de <b>unirse al elenco de \u00abCopperhead\u00bb<\/b>, filme protagonizado por <b>Miles Teller,<\/b> en el que tambi\u00e9n <b>compartir\u00e1 cr\u00e9ditos con Jason Momoa.<\/b> <\/p>\n<p itemprop=\"description\" class=\"sc__font-paragraph\">La noticia fue confirmada por la productora Black Label Media, aunque los detalles sobre el personaje que interpretar\u00e1 Huerta no han sido revelados. <\/p>\n<p itemprop=\"description\" class=\"sc__font-paragraph\"><b>Lee tambi\u00e9n <\/b><a itemprop=\"url\" href=\"https:\/\/www.eluniversal.com.mx\/espectaculos\/tenoch-huerta-es-captado-en-el-centro-de-coyoacan-participo-en-un-show-de-payasos\/\" target=\"_blank\" rel=\"noreferrer nofollow noopener\" title=\"https:\/\/www.eluniversal.com.mx\/espectaculos\/tenoch-huerta-es-captado-en-el-centro-de-coyoacan-participo-en-un-show-de-payasos\/\"><b>Tenoch Huerta es captado en Coyoac\u00e1n; particip\u00f3 en un show de payasos: \u00abbien humilde, mi beb\u00e9 Namor\u00bb, dicen fans<\/b><\/a><\/p>\n<p itemprop=\"description\" class=\"sc__font-paragraph\">La historia seguir\u00e1 a un detective veterano que, despu\u00e9s de que una operaci\u00f3n encubierta de narcotr\u00e1fico termina en violencia, deber\u00e1 unirse a un joven agente federal para descubrir una conspiraci\u00f3n dentro de su propio grupo de trabajo.<\/p>\n<p itemprop=\"description\" class=\"sc__font-paragraph\">El <b>rodaje iniciar\u00e1 en septiembre<\/b>, bajo la direcci\u00f3n de John Swab. Adem\u00e1s de Tenoch, <b>Adria Arjona y Kiefer Sutherland,<\/b> protagonista de la serie \u00ab24\u00bb, tambi\u00e9n se sumaron al proyecto.<\/p>\n<p itemprop=\"description\" class=\"sc__font-paragraph\">Este nuevo file se suma a la agenda del actor, quien volver\u00e1 a interpretar a Namor en \u00abAvengers: Doomsday\u00bb. Adem\u00e1s de protagonizar, junto a Taylor Kitsch ,el thriller \u00abEleven Days\u00bb.<\/p>\n<p itemprop=\"description\" class=\"sc__font-paragraph\"><b>Lee tambi\u00e9n <\/b><a itemprop=\"url\" href=\"https:\/\/www.eluniversal.com.mx\/espectaculos\/tenoch-huerta-celebra-su-regreso-a-marvel-con-avengers-doomsday\/\" target=\"_blank\" rel=\"noreferrer nofollow noopener\" title=\"https:\/\/www.eluniversal.com.mx\/espectaculos\/tenoch-huerta-celebra-su-regreso-a-marvel-con-avengers-doomsday\/\"><b>Tenoch Huerta celebra su regreso a Marvel con \u00abAvengers: Doomsday\u00bb<\/b><\/a><\/p>\n","protected":false},"excerpt":{"rendered":"Tras dar vida al rey de Talokan y a uno de los primeros mutantes de Marvel, Tenoch Huerta&hellip;\n","protected":false},"author":2,"featured_media":744467,"comment_status":"","ping_status":"","sticky":false,"template":"","format":"standard","meta":{"footnotes":""},"categories":[169],"tags":[177,146,147,25,24,176,1505,47357,175,23,132071],"class_list":["post-744466","post","type-post","status-publish","format-standard","has-post-thumbnail","category-cine","tag-cine","tag-entertainment","tag-entretenimiento","tag-es","tag-espana","tag-film","tag-hollywood","tag-jason-momoa","tag-movies","tag-spain","tag-tenoch-huerta"],"share_on_mastodon":{"url":"https:\/\/pubeurope.com\/@es\/117203007533477209","error":""},"_links":{"self":[{"href":"https:\/\/www.europesays.com\/es\/wp-json\/wp\/v2\/posts\/744466","targetHints":{"allow":["GET"]}}],"collection":[{"href":"https:\/\/www.europesays.com\/es\/wp-json\/wp\/v2\/posts"}],"about":[{"href":"https:\/\/www.europesays.com\/es\/wp-json\/wp\/v2\/types\/post"}],"author":[{"embeddable":true,"href":"https:\/\/www.europesays.com\/es\/wp-json\/wp\/v2\/users\/2"}],"replies":[{"embeddable":true,"href":"https:\/\/www.europesays.com\/es\/wp-json\/wp\/v2\/comments?post=744466"}],"version-history":[{"count":0,"href":"https:\/\/www.europesays.com\/es\/wp-json\/wp\/v2\/posts\/744466\/revisions"}],"wp:featuredmedia":[{"embeddable":true,"href":"https:\/\/www.europesays.com\/es\/wp-json\/wp\/v2\/media\/744467"}],"wp:attachment":[{"href":"https:\/\/www.europesays.com\/es\/wp-json\/wp\/v2\/media?parent=744466"}],"wp:term":[{"taxonomy":"category","embeddable":true,"href":"https:\/\/www.europesays.com\/es\/wp-json\/wp\/v2\/categories?post=744466"},{"taxonomy":"post_tag","embeddable":true,"href":"https:\/\/www.europesays.com\/es\/wp-json\/wp\/v2\/tags?post=744466"}],"curies":[{"name":"wp","href":"https:\/\/api.w.org\/{rel}","templated":true}]}}