{"id":744470,"date":"2026-09-02T19:06:16","date_gmt":"2026-09-02T19:06:16","guid":{"rendered":"https:\/\/www.europesays.com\/es\/744470\/"},"modified":"2026-09-02T19:06:16","modified_gmt":"2026-09-02T19:06:16","slug":"el-exceso-de-peso-es-el-factor-de-riesgo-cardiovascular-mas-comun-entre-los-profesionales-sanitarios","status":"publish","type":"post","link":"https:\/\/www.europesays.com\/es\/744470\/","title":{"rendered":"El exceso de peso es\u00a0el factor de riesgo cardiovascular m\u00e1s com\u00fan entre los profesionales sanitarios"},"content":{"rendered":"<p>Los profesionales sanitarios desempe\u00f1an un papel fundamental en la atenci\u00f3n preventiva cardiovascular, sin embargo, se han detectado importantes lagunas relacionadas con el autocuidado relativo a la patolog\u00eda card\u00edaca.\u00a0As\u00ed lo ha constatado un estudio presentado en el reciente Congreso de la Sociedad Europea de Cardiolog\u00eda (ESC), celebrado en M\u00fanich (Alemania), cuyos &#8230;            &#13;\n        <\/p>\n<p> &#13;<br \/>\n&#13;<\/p>\n<p>Los profesionales sanitarios desempe\u00f1an un papel fundamental en la atenci\u00f3n preventiva cardiovascular, sin embargo, se han detectado importantes lagunas relacionadas con el autocuidado relativo a la patolog\u00eda card\u00edaca.\u00a0As\u00ed lo ha constatado un estudio presentado en el reciente Congreso de la Sociedad Europea de Cardiolog\u00eda (ESC), celebrado en M\u00fanich (Alemania), cuyos resultados han sido publicados en el &#8216;European Heart Journal&#8217;.<\/p>\n<p>\u00abNuestros hallazgos demuestran que los profesionales de la salud no son inmunes a las mismas barreras que limitan la prevenci\u00f3n cardiovascular en la poblaci\u00f3n general\u00bb, indic\u00f3, al respecto, el primer autor, el prof.\u00a0Florian A. Wenzl,\u00a0del Centro de Cardiolog\u00eda Molecular de la Universidad de Z\u00farich y del Departamento de Medicina Radcliffe de la Universidad de Oxford.<\/p>\n<p>Los 1.300 profesionales sanitarios que participaron en el programa de evaluaci\u00f3n cardiovascular\u00a0se sometieron a una evaluaci\u00f3n estandarizada de los factores de riesgo cardiovascular, el uso de medicamentos, los objetivos del tratamiento y la ecograf\u00eda carot\u00eddea en un subgrupo. Aquellos sin enfermedad cardiovascular ateroscler\u00f3tica (ECVA) establecida se compararon con individuos de la poblaci\u00f3n general de la misma edad y sexo.<\/p>\n<p><strong>Factores de riesgo m\u00e1s pronunciados<\/strong><\/p>\n<p> &#13;<br \/>\n&#13;<\/p>\n<p>Entre lo m\u00e1s destacable del estudio cabe se\u00f1alar que\u00a0el exceso de peso corporal fue el factor de riesgo modificable m\u00e1s frecuente (46,8%), seguido de la hipertensi\u00f3n (23,2%) y la hiperlipidemia (22,7%). La enfermedad cardiovascular ateroscler\u00f3tica establecida se present\u00f3 en el 11,1% y la aterosclerosis subcl\u00ednica se detect\u00f3 en el 21,8% de los profesionales sanitarios sin enfermedad cardiovascular ateroscler\u00f3tica establecida.<\/p>\n<p>Por otra parte, se observaron deficiencias en el tratamiento entre los profesionales sanitarios con enfermedad cardiovascular establecida. En este grupo, el 41,4 % recib\u00eda terapia hipolipemiante y el 9,2 % tomaba medicamentos antiplaquetarios a pesar de las indicaciones de las gu\u00edas cl\u00ednicas.\u00a0<\/p>\n<p>Al respecto, cuando los profesionales sanitarios recibieron tratamiento, tuvieron m\u00e1s probabilidades que los grupos de control equiparados de alcanzar los objetivos recomendados de colesterol LDL y presi\u00f3n arterial en la prevenci\u00f3n primaria.<\/p>\n<p>\u00abIncluso quienes dedican su carrera profesional a tratar enfermedades cardiovasculares a menudo no reciben pero tampoco buscan el mismo nivel de atenci\u00f3n preventiva para s\u00ed mismos\u00bb, reconoci\u00f3 el\u00a0presidente de la ESC,\u00a0el prof.\u00a0Thomas F. L\u00fcscher,\u00a0 coautor principal y . \u00abEsto no es una falta de conocimiento, sino de implementaci\u00f3n, y pone de manifiesto barreras sist\u00e9micas que merecen atenci\u00f3n\u00bb.<\/p>\n<p>De ah\u00ed que los autores consideran que los hallazgos resaltan el valor potencial de los programas estructurados de detecci\u00f3n cardiovascular y de atenci\u00f3n preventiva para los profesionales de la salud, en lugar de depender \u00fanicamente del conocimiento profesional y del autocuidado.<\/p>\n<p>En definitiva, se considera\u00a0 necesario seguir trabajando para identificar enfoques que puedan mejorar la prevenci\u00f3n cardiovascular entre los profesionales sanitarios, incluidos programas de cribado espec\u00edficos y modelos de apoyo entre pares, y ayudar a cerrar la brecha de implementaci\u00f3n identificada en el estudio.\u00a0<\/p>\n","protected":false},"excerpt":{"rendered":"Los profesionales sanitarios desempe\u00f1an un papel fundamental en la atenci\u00f3n preventiva cardiovascular, sin embargo, se han detectado importantes&hellip;\n","protected":false},"author":2,"featured_media":744471,"comment_status":"","ping_status":"","sticky":false,"template":"","format":"standard","meta":{"footnotes":""},"categories":[92],"tags":[1348,19531,132074,17781,10052,132073,6525,36859,25,132072,24,1292,48302,8834,11657,165,8633,62991,3483,853,597,29087,16600,24025,37845,8457,885,1288,166,16587,23,4710,6989],"class_list":["post-744470","post","type-post","status-publish","format-standard","has-post-thumbnail","category-salud","tag-atencion","tag-cardiovascular","tag-cardiovascular-asi","tag-colectivo","tag-comun","tag-considera-necesario","tag-deteccion","tag-enfoques","tag-es","tag-es-el","tag-espana","tag-estudio","tag-exceso","tag-factor","tag-fondo","tag-health","tag-identificar","tag-incluidos","tag-mejorar","tag-peso","tag-prevencion","tag-preventiva","tag-profesionales","tag-programas","tag-puedan","tag-reciente","tag-resultados","tag-riesgo","tag-salud","tag-sanitarios","tag-spain","tag-trabajar","tag-vista"],"share_on_mastodon":{"url":"https:\/\/pubeurope.com\/@es\/117203015127515659","error":""},"_links":{"self":[{"href":"https:\/\/www.europesays.com\/es\/wp-json\/wp\/v2\/posts\/744470","targetHints":{"allow":["GET"]}}],"collection":[{"href":"https:\/\/www.europesays.com\/es\/wp-json\/wp\/v2\/posts"}],"about":[{"href":"https:\/\/www.europesays.com\/es\/wp-json\/wp\/v2\/types\/post"}],"author":[{"embeddable":true,"href":"https:\/\/www.europesays.com\/es\/wp-json\/wp\/v2\/users\/2"}],"replies":[{"embeddable":true,"href":"https:\/\/www.europesays.com\/es\/wp-json\/wp\/v2\/comments?post=744470"}],"version-history":[{"count":0,"href":"https:\/\/www.europesays.com\/es\/wp-json\/wp\/v2\/posts\/744470\/revisions"}],"wp:featuredmedia":[{"embeddable":true,"href":"https:\/\/www.europesays.com\/es\/wp-json\/wp\/v2\/media\/744471"}],"wp:attachment":[{"href":"https:\/\/www.europesays.com\/es\/wp-json\/wp\/v2\/media?parent=744470"}],"wp:term":[{"taxonomy":"category","embeddable":true,"href":"https:\/\/www.europesays.com\/es\/wp-json\/wp\/v2\/categories?post=744470"},{"taxonomy":"post_tag","embeddable":true,"href":"https:\/\/www.europesays.com\/es\/wp-json\/wp\/v2\/tags?post=744470"}],"curies":[{"name":"wp","href":"https:\/\/api.w.org\/{rel}","templated":true}]}}