{"id":744482,"date":"2026-09-02T19:12:14","date_gmt":"2026-09-02T19:12:14","guid":{"rendered":"https:\/\/www.europesays.com\/es\/744482\/"},"modified":"2026-09-02T19:12:14","modified_gmt":"2026-09-02T19:12:14","slug":"el-95-del-alumnado-de-granada-del-primer-ciclo-de-infantil-tiene-educacion-gratuita-este-curso","status":"publish","type":"post","link":"https:\/\/www.europesays.com\/es\/744482\/","title":{"rendered":"El 95% del alumnado de Granada del Primer ciclo de Infantil tiene educaci\u00f3n gratuita este curso"},"content":{"rendered":"<p class=\"has-text-align-right\">EL FARO<\/p>\n<p class=\"has-text-align-center\"><strong>9.873 menores de tres a\u00f1os, 406 m\u00e1s, inician el curso escolar 2026\/27 el 3 de septiembre en las Escuelas Infantiles de la provincia<\/strong><\/p>\n<p><img fetchpriority=\"high\" decoding=\"async\" width=\"1024\" height=\"683\" src=\"https:\/\/www.europesays.com\/es\/wp-content\/uploads\/2026\/09\/image-8.webp\" alt=\"\" class=\"wp-image-306847\"  \/> Un aula con alumnos del primer ciclo de Infantil (Gabinete) <\/p>\n<p>El 95% de los 9.873 ni\u00f1os y ni\u00f1as de Granada escolarizados en el inicio del curso 2026\/27 en el primer ciclo de Infantil (0-3) dispone de educaci\u00f3n gratuita, despu\u00e9s de que la Junta de Andaluc\u00eda haya ampliado esta medida al tramo de los alumnos de un a\u00f1o. De este modo, el coste del servicio de atenci\u00f3n socioeducativa para 9.351 alumnos, tanto en las escuelas infantiles de la Junta como en los centros adheridos al programa de ayuda a las familias, lo asume la administraci\u00f3n auton\u00f3mica.<\/p>\n<p>Seg\u00fan los datos de matriculaci\u00f3n registrados a d\u00eda hoy, un total de 9.873 menores de tres a\u00f1os inician el pr\u00f3ximo jueves 3 de septiembre el curso escolar 2026\/27 en las escuelas y centros de educaci\u00f3n infantil de Granada. Esta cifra supone 406 escolares m\u00e1s que en el curso pasado en estas mismas fechas, un crecimiento que corresponde en su mayor\u00eda al tramo de un a\u00f1o. As\u00ed, la distribuci\u00f3n es la siguiente: en cero a\u00f1os son 746 ni\u00f1as y ni\u00f1os, en un a\u00f1o 4.038 y en dos 5.089 escolares. La matriculaci\u00f3n en el primer ciclo de infantil permanece abierta durante todo el curso escolar.<\/p>\n<p>El avance hacia la gratuidad se inici\u00f3 el curso pasado en el tramo de 2 a\u00f1os, y se ha ampliado este curso a los escolares de 1 a\u00f1o, con el objetivo de fomentar la escolarizaci\u00f3n temprana, facilitar la conciliaci\u00f3n entre la vida laboral y familiar, especialmente entre las clases medias y trabajadoras, as\u00ed como de apoyo al sector. En el tramo de cero a\u00f1os contin\u00faan las bonificaciones a las familias, de tal forma que alrededor del 30%, 223 ni\u00f1os y ni\u00f1as, tambi\u00e9n disponen de educaci\u00f3n gratuita. La previsi\u00f3n de la Junta de Andaluc\u00eda es que la gratuidad total de la educaci\u00f3n en el tramo de cero a\u00f1os se implemente en el curso 2027\/28, alcanzando as\u00ed al ciclo al completo.<\/p>\n<p>La inversi\u00f3n prevista para llevar a cabo la medida de gratuidad en el tramo de 1 a\u00f1o en este curso es de 40 millones de euros. En el conjunto de la etapa, la Consejer\u00eda destina una inversi\u00f3n de 290 millones a ayudas a las familias, para un presupuesto total para toda la etapa de 420 millones, lo que supone un 58% de incremento respecto a 2018.<\/p>\n","protected":false},"excerpt":{"rendered":"EL FARO 9.873 menores de tres a\u00f1os, 406 m\u00e1s, inician el curso escolar 2026\/27 el 3 de septiembre&hellip;\n","protected":false},"author":2,"featured_media":744483,"comment_status":"","ping_status":"","sticky":false,"template":"","format":"standard","meta":{"footnotes":""},"categories":[5],"tags":[17,18,25,24,13,14,11,19,20,9,10,15,16,23,12,21,22],"class_list":["post-744482","post","type-post","status-publish","format-standard","has-post-thumbnail","category-titulares","tag-breaking-news","tag-breakingnews","tag-es","tag-espana","tag-featured-news","tag-featurednews","tag-headlines","tag-latest-news","tag-latestnews","tag-news","tag-noticias","tag-noticias-destacadas","tag-noticiasdestacadas","tag-spain","tag-titulares","tag-ultimas-noticias","tag-ultimasnoticias"],"share_on_mastodon":{"url":"https:\/\/pubeurope.com\/@es\/117203039620113914","error":""},"_links":{"self":[{"href":"https:\/\/www.europesays.com\/es\/wp-json\/wp\/v2\/posts\/744482","targetHints":{"allow":["GET"]}}],"collection":[{"href":"https:\/\/www.europesays.com\/es\/wp-json\/wp\/v2\/posts"}],"about":[{"href":"https:\/\/www.europesays.com\/es\/wp-json\/wp\/v2\/types\/post"}],"author":[{"embeddable":true,"href":"https:\/\/www.europesays.com\/es\/wp-json\/wp\/v2\/users\/2"}],"replies":[{"embeddable":true,"href":"https:\/\/www.europesays.com\/es\/wp-json\/wp\/v2\/comments?post=744482"}],"version-history":[{"count":0,"href":"https:\/\/www.europesays.com\/es\/wp-json\/wp\/v2\/posts\/744482\/revisions"}],"wp:featuredmedia":[{"embeddable":true,"href":"https:\/\/www.europesays.com\/es\/wp-json\/wp\/v2\/media\/744483"}],"wp:attachment":[{"href":"https:\/\/www.europesays.com\/es\/wp-json\/wp\/v2\/media?parent=744482"}],"wp:term":[{"taxonomy":"category","embeddable":true,"href":"https:\/\/www.europesays.com\/es\/wp-json\/wp\/v2\/categories?post=744482"},{"taxonomy":"post_tag","embeddable":true,"href":"https:\/\/www.europesays.com\/es\/wp-json\/wp\/v2\/tags?post=744482"}],"curies":[{"name":"wp","href":"https:\/\/api.w.org\/{rel}","templated":true}]}}