{"id":744488,"date":"2026-09-02T19:21:10","date_gmt":"2026-09-02T19:21:10","guid":{"rendered":"https:\/\/www.europesays.com\/es\/744488\/"},"modified":"2026-09-02T19:21:10","modified_gmt":"2026-09-02T19:21:10","slug":"el-viraje-del-barcelona-con-el-deportivo-que-dejo-a-marc-casado-el-martes-en-el-prat","status":"publish","type":"post","link":"https:\/\/www.europesays.com\/es\/744488\/","title":{"rendered":"El viraje del Barcelona con el Deportivo que dej\u00f3 a Marc Casad\u00f3 el martes en el Prat"},"content":{"rendered":"<p class=\"ft-text\"><a class=\"ft-link ft-link--decoration\" href=\"https:\/\/www.laopinioncoruna.es\/deportivo\/2026\/09\/02\/primeras-palabras-marc-casado-nuevo-133868356.html\" rel=\"nofollow noopener\" target=\"_blank\">El fichaje de <\/a><a class=\"ft-link ft-link--decoration\" href=\"https:\/\/www.laopinioncoruna.es\/deportivo\/2026\/09\/02\/primeras-palabras-marc-casado-nuevo-133868356.html\" rel=\"nofollow noopener\" target=\"_blank\"><strong>Marc Casad\u00f3 <\/strong><\/a>por el <strong>Deportivo <\/strong>fue cocinado a fuego lento y a la vez tuvo un poco de operaci\u00f3n rel\u00e1mpago. El club coru\u00f1\u00e9s siempre lo quiso pero con media <strong>Europa <\/strong>mirando para el internacional espa\u00f1ol hab\u00eda que esperar el momento. Se fueron cayendo los pretendientes para el mediocentro catal\u00e1n y ya era <strong>Turqu\u00eda y Arabia Saud\u00ed o A Coru\u00f1a, <\/strong>y el jugador eligi\u00f3 <strong>Riazor<\/strong>. A pr\u00e9stamos en vez de traspasado y no perd\u00eda el v\u00ednculo del todo con el <strong>Camp Nou<\/strong>. El <strong>Deportivo <\/strong>deb\u00eda cuadrar su operaci\u00f3n con la de <a class=\"ft-link ft-link--decoration\" href=\"https:\/\/www.laopinioncoruna.es\/deportivo\/2026\/09\/01\/deportivo-trabaja-llegada-jose-maria-133834996.html\" rel=\"nofollow noopener\" target=\"_blank\"><strong>Jos\u00e9 Mar\u00eda Gim\u00e9nez<\/strong><\/a><strong>, <\/strong>que ten\u00eda prioridad. A media tarde el acuerdo era un hecho y solo quedaba que las dos entidades intercambiasen los documentos, una fase del trato que tambi\u00e9n requiere de tiempo. Ah\u00ed fue cuando el <strong>Barcelona <\/strong>pas\u00f3 de solicitar una cesi\u00f3n pura y dura a querer incluir una operaci\u00f3n de compra, que finalmente ser\u00e1 de 30 millones y no obligatoria. Mientras llegan de nuevo a un punto de encuentro, las horas pasaban y al jugador ya le pill\u00f3 en pleno proceso para viajar hasta la que ser\u00e1 su nueva ciudad hasta el 30 de junio. Debi\u00f3 posponer esa conexi\u00f3n casi con un pie en la terminal y ser\u00e1 este mi\u00e9rcoles a primera hora de la tarde cuando ya est\u00e9 en<strong> A Coru\u00f1a <\/strong>y as\u00ed se podr\u00e1 incorporar este jueves a la din\u00e1mica de <strong>Antonio Hidalgo<\/strong> en <strong>Abegondo<\/strong>. La negociaci\u00f3n no peligr\u00f3, pero con el horizonte de la medianoche se arriesgaban a cualquier contratiempo inesperado.<\/p>\n<p class=\"ft-text\">Antes de coger esa aeronave esta ma\u00f1ana,<a class=\"ft-link ft-link--decoration\" href=\"https:\/\/www.laopinioncoruna.es\/deportivo\/2026\/09\/02\/primeras-palabras-marc-casado-nuevo-133868356.html\" rel=\"nofollow noopener\" target=\"_blank\"> el pivote fue asaltado por la prensa de Barcelona en el Prat antes de subirse al avi\u00f3n<\/a>. En el medio de reflexiones por su salida del club cul\u00e9, mostraba su entusiasmo por desembarcar en <strong>Riazor<\/strong>. \u00abDejar de jugar un a\u00f1o en el <strong>Barcelona <\/strong>siempre es complicado, cuesta marchar de casa, pero me han hecho llegar un proyecto muy guapo, un buen proyecto, y estoy muy ilusionado con lo que viene\u00bb, razonaba el futbolista, mientras enfilaba la zona de facturaci\u00f3n. Tambi\u00e9n tuvo tiempo para enjuiciar algunas decisiones del club cul\u00e9 con \u00e9l, que relativiza. \u00ab\u00bfQuitarme el dorsal? Ya he hablado con ellos. Todos tenemos cosas que mejorar, todos hacemos cosas bien y cosas mal y ya est\u00e1\u00bb, zanja.<\/p>\n<p>As\u00ed fue su contrataci\u00f3n<\/p>\n<p class=\"ft-text\">Dentro de lo que supone para un reci\u00e9n ascendido asumir la contrataci\u00f3n a pr\u00e9stamo de dos futbolistas como <strong>Casad\u00f3 <\/strong>y <strong>Gim\u00e9nez<\/strong>, el <strong>Deportivo <\/strong>hizo malabares para encontrar encaje a la llegada del pivote catal\u00e1n. El <strong>Deportivo <\/strong>realiz\u00f3 un movimiento en las \u00faltimas horas de mercado, tal y como apunt\u00f3 <strong>Sport<\/strong>, del mismo grupo que<strong> LA OPINI\u00d3N. <\/strong>A pesar de que contaba con ofertas importantes de <strong>Turqu\u00eda <\/strong>y <strong>Arabia Saud\u00ed, <\/strong>el pivote se mostr\u00f3 receptivo a la posibilidad de llegar a pr\u00e9stamo a <strong>Riazor<\/strong>. Quer\u00eda ser el d\u00e9cimo fichaje y as\u00ed es. En <strong>Abegondo <\/strong>se trabaj\u00f3 para hacer posibles las dos operaciones, para poder permit\u00edrselas.<\/p>\n<p class=\"ft-text\">El <strong>Barcelona <\/strong>le dio espacio a <strong>Casad\u00f3 <\/strong>para elegir lo mejor en el siguiente paso de su carrera y todo parec\u00eda listo y acordado a mitad de tarde con un pr\u00e9stamo simple, pero la entidad cul\u00e9, con el jugador listo para viajar, solicit\u00f3 una opci\u00f3n de compra no obligatoria en el trato, que asciende a 30 millones de euros. La operaci\u00f3n se pospuso hasta casi la medianoche, pero el convencimiento del internacional espa\u00f1ol de llegar a <strong>A Coru\u00f1a<\/strong> fue clave. La entidad del Camp Nou asume parte de la ficha.<\/p>\n","protected":false},"excerpt":{"rendered":"El fichaje de Marc Casad\u00f3 por el Deportivo fue cocinado a fuego lento y a la vez tuvo&hellip;\n","protected":false},"author":2,"featured_media":744489,"comment_status":"","ping_status":"","sticky":false,"template":"","format":"standard","meta":{"footnotes":""},"categories":[268],"tags":[210,8600,168,412,25,24,280,282,6489,281,23,167,50619],"class_list":["post-744488","post","type-post","status-publish","format-standard","has-post-thumbnail","category-futbol","tag-barcelona","tag-dejo","tag-deportes","tag-deportivo","tag-es","tag-espana","tag-football","tag-futbol","tag-marc","tag-soccer","tag-spain","tag-sports","tag-viraje"],"share_on_mastodon":{"url":"https:\/\/pubeurope.com\/@es\/117203074140123071","error":""},"_links":{"self":[{"href":"https:\/\/www.europesays.com\/es\/wp-json\/wp\/v2\/posts\/744488","targetHints":{"allow":["GET"]}}],"collection":[{"href":"https:\/\/www.europesays.com\/es\/wp-json\/wp\/v2\/posts"}],"about":[{"href":"https:\/\/www.europesays.com\/es\/wp-json\/wp\/v2\/types\/post"}],"author":[{"embeddable":true,"href":"https:\/\/www.europesays.com\/es\/wp-json\/wp\/v2\/users\/2"}],"replies":[{"embeddable":true,"href":"https:\/\/www.europesays.com\/es\/wp-json\/wp\/v2\/comments?post=744488"}],"version-history":[{"count":0,"href":"https:\/\/www.europesays.com\/es\/wp-json\/wp\/v2\/posts\/744488\/revisions"}],"wp:featuredmedia":[{"embeddable":true,"href":"https:\/\/www.europesays.com\/es\/wp-json\/wp\/v2\/media\/744489"}],"wp:attachment":[{"href":"https:\/\/www.europesays.com\/es\/wp-json\/wp\/v2\/media?parent=744488"}],"wp:term":[{"taxonomy":"category","embeddable":true,"href":"https:\/\/www.europesays.com\/es\/wp-json\/wp\/v2\/categories?post=744488"},{"taxonomy":"post_tag","embeddable":true,"href":"https:\/\/www.europesays.com\/es\/wp-json\/wp\/v2\/tags?post=744488"}],"curies":[{"name":"wp","href":"https:\/\/api.w.org\/{rel}","templated":true}]}}