{"id":744510,"date":"2026-09-02T19:37:09","date_gmt":"2026-09-02T19:37:09","guid":{"rendered":"https:\/\/www.europesays.com\/es\/744510\/"},"modified":"2026-09-02T19:37:09","modified_gmt":"2026-09-02T19:37:09","slug":"el-informe-de-la-policia-apunta-al-guiado-activo-de-las-fuerzas-marroquies-en-el-asalto-masivo-a-ceuta-la-voz-de-galicia","status":"publish","type":"post","link":"https:\/\/www.europesays.com\/es\/744510\/","title":{"rendered":"El informe de la polic\u00eda apunta al \u00abguiado activo\u00bb de las fuerzas marroqu\u00edes en el asalto masivo a Ceuta &#8211; La Voz de Galicia"},"content":{"rendered":"<ol>\n<li><a href=\"https:\/\/news.google.com\/rss\/articles\/CBMi7gFBVV95cUxOWHBsQkNITnNtWHFpaWFOWGcyaHNGdG4tTmtqRFJrRW9KNGVTb3hwNGVlcE9pVmxIQjhGVXJnd3hmS3RxSzRqWVlxSWs5b2k5Z3huTHdoV0FhbURsUnhyT19nMy1mY29JQWI1OTl2VXNVUHA2MUliX0hzRnA4Sm1sQzFpQ2s1Zllaa3ItbGhreDNleVA0YTU0WXhoTmZoZjJQWFllZG01SnRIcWkwc3U4akFnN2tNNjhpXzItZGM1VTU3eDhQYnVockVNLXVjT21zZDQ1Rzg5N20tY015QngyazZJUFFpMjdTUjE3UHNR0gGKAkFVX3lxTE5xYlRSckc4VmRZYTRZWUhNWEFRbzJ4VFpKSDMzX0g5bmxWQ21maF82ZTRsMGtYN0xWQ0ZkMnJRbUY0MzJCV195ZjZZWG1kbUVvendPYkYxQUMzZFpOY0ktelFES1QwSDhRNUFiemRMVWFoUVBxbl9HWDJTcE5CRGxtSlE5dkxTUU5WTjRPdXR3TVNuSWlFOGRHRGJHRXlpYzVSM2VTQnN3c1JObzh2bkdjb3Rqb2dRdjdZY3RkTUFyWWlDQU40eTRIRk5KYl9Wb2hFQ3Z2bnlXWF8zZGVLZjNETFpwcGkwOUNNdnFCQXBWcDJHV2lFT0Y5Y1c4X2cyQWhwYV9zOWRjVUJn?oc=5\" target=\"_blank\" rel=\"nofollow noopener\">El informe de la polic\u00eda apunta al \u00abguiado activo\u00bb de las fuerzas marroqu\u00edes en el asalto masivo a Ceuta<\/a>&nbsp;&nbsp;La Voz de Galicia<\/li>\n<li><a href=\"https:\/\/news.google.com\/rss\/articles\/CBMiekFVX3lxTFBqWlVJT1MtaGl1c1JxNEhCS1ZNVUxDYmR4cWhFSUs2T3BrcjA2ZTNvOXUzdFlDMkFyRWNzOW9SMkdZSTdRcUlJa21xT2FmVWhwSjlrSlBQQVZROS1xbnpBVWxfNU9BZXZIZU9Ec0xXa1hTWFBXdklGcVp30gF6QVVfeXFMT3NHSjFIeEdjOU9RbE0xdzFMVndjd3B2cUZlMUtaWjY3ZFRnazVrQTFWeS1sUVpJdU5pb05wc29zSHZoOWlWNXQwS2cwRXg5Zm9tbTBGQ29uWThLTEdGWTdJT3JEdVFDR1JaSDFUejh4VG83XzZoTEl5WEE?oc=5\" target=\"_blank\" rel=\"nofollow noopener\">Las im\u00e1genes que demuestran la participaci\u00f3n de agentes marroqu\u00edes en la invasi\u00f3n de Ceuta<\/a>&nbsp;&nbsp;El Mundo<\/li>\n<li><a href=\"https:\/\/news.google.com\/rss\/articles\/CBMi-AFBVV95cUxPR2ZoMVhwVU9RZW1WMkszSkozRElzekctU0FsOE9iOFc5cGYwUU5qX1M1Mi1rUC1JLWdfZ0RLOEZYWTcwbW9mMXFVZzlRcDcyZGg3SW5aZENjamVPbFA2bGhwVzVfek95WmZURFpWc0IwdFNvM0VXX25VeTM1b0Z1M2ZfVWVBQ1FCOHl2RWc5akJCeEZwNEFWY3dSczdXNFhfbF9hNEFTaTQ3c3dTSG40UEZkQkk3NVBWU0xCT3g4dXJsaUZzQ21ZeVp6ZF9QLWFGWG5MdVdyV185THFVbnpvQ0kyd1pPY2REaEpTTmo4VFdDdkQtdnNrZQ?oc=5\" target=\"_blank\" rel=\"nofollow noopener\">De \u201ccomplexi\u00f3n fuerte\u201d, pelo corto y gorras: as\u00ed deduce la Polic\u00eda que hab\u00eda agentes encubiertos de Rabat en la crisis<\/a>&nbsp;&nbsp;EL PA\u00cdS<\/li>\n<li><a href=\"https:\/\/news.google.com\/rss\/articles\/CBMi7wFBVV95cUxQS3NOeWlvWnJpRVk0Zjd1SnFTamc3Z1dfNU5TMk5XOW1lVnZXTUFpN2ttUlRKWTRHdnpINDNnMGw1U3ZqSEZpZ0U4OXd2alpOa3d5Z3VneXZySmt6SG1sZ1NLc2djWFVNNm9xRDBYVnlvNGpwMXBHbUstUTZPV2VyME5YcFg5ZGhGbTItYmdmekg2aW82VzNSY2lsSXA0QkIwU3oybVBnVEZHeXNGZlhzWnhId0UyRml0TXBvZkFkd3JZS21IME1JQnZYTHpoLU9KbkNmQUloV2YwUzQwZllPeUF3ck5mMkdzZnhZejNrMNIB9AFBVV95cUxNR2UwalNkNjBhQlM3eHNRRTQ1OW9nZy1nd1VydHFBOFdOOGZoQ1Z5bWN4NHNMWHVYVFl2akJEYUdkVGkxYWZzOFdyUDF1cFZXNGNEa3RoRVppQXFiWWdxT3BQZHZ2Tl9hN1ZPSng4cGtwME1tZUV0RmNVaVVaRjJENzJpX3N6RkY3TVk2ZXktUXhRRDA4Q0UyQU91OUwwaWt3VnRJWXhwV3RrWWVtYU9Zc1JPMXdqUTBncTFNNHlxNzBrS0h3aXNsTE12NFVBdFNqQm1uYkJvRDZQbzVxeGNNSVc1aVZUMDVpZTBsT3dEV0dZTlNS?oc=5\" target=\"_blank\" rel=\"nofollow noopener\">El informe policial se\u00f1ala que autoridades de Marruecos participaron en el \u00abguiado activo\u00bb de migrantes hacia Ceuta<\/a>&nbsp;&nbsp;20minutos.es<\/li>\n<li><a href=\"https:\/\/news.google.com\/rss\/articles\/CBMi1gFBVV95cUxQd004dnV6anhjcmM5U1RKOVBZLVdmaFpld0Q0Y2lXcTVlTnhwTlNxSmJuTUpua2trTS1ZaXpDOXh3ajVrZ3BpaHQyWUxUcU4wb3BmbHdnYWhHRkJhcm9hTGJwSHRCaEtrSmdkMmdPNmdBcWZiVGdZTk0xMFF4b2tjeEYzWGp2bkR4WnlYOTJFZ2NBVzRDS1lhdVNtUGlCWVUwLWVGZHVrb2tpYlJBZ0FQYWRGUXpGWnVlOWRBTDJUc0M1QVgzckdsQVJ2eDJUU01GVG5xN05R0gHbAUFVX3lxTE5FTHR5eGJBOWZFQ1p5Vi1MM3pMY1RJeDlhd3RrTHd6aHJvczdFUUx3bWx3Mi1UMHlBcnotOVNWbURWTVg1MlRWQWczTnc5SmVNVnh0YmRoeld6YmZRRUVvbDk3d2hXaDZwb0VBUk5ZX0F2MGhqOVdSa2xPeWFsMjQtTjUtLUZxc2xESVZRcUNqR0J0YU9TQVRfRHlGTGo0enJKa0dKMjhSeHlXUnBZSjFRQ1ZsS2gyZnBuTFByeXVuWnBjcjBkeTB6UjNoZnhZTEZWZWc0OWF0ZFA4MA?oc=5\" target=\"_blank\" rel=\"nofollow noopener\">El director de la Polic\u00eda asegura que el informe no atribuye a Marruecos \u201cla planificaci\u00f3n o ejecuci\u00f3n\u201d del cruce masivo<\/a>&nbsp;&nbsp;La Vanguardia<\/li>\n<\/ol>\n","protected":false},"excerpt":{"rendered":"El informe de la polic\u00eda apunta al \u00abguiado activo\u00bb de las fuerzas marroqu\u00edes en el asalto masivo a&hellip;\n","protected":false},"author":2,"featured_media":744511,"comment_status":"","ping_status":"","sticky":false,"template":"","format":"standard","meta":{"footnotes":""},"categories":[5],"tags":[17,18,25,24,13,14,11,19,20,9,10,15,16,23,12,21,22],"class_list":["post-744510","post","type-post","status-publish","format-standard","has-post-thumbnail","category-titulares","tag-breaking-news","tag-breakingnews","tag-es","tag-espana","tag-featured-news","tag-featurednews","tag-headlines","tag-latest-news","tag-latestnews","tag-news","tag-noticias","tag-noticias-destacadas","tag-noticiasdestacadas","tag-spain","tag-titulares","tag-ultimas-noticias","tag-ultimasnoticias"],"share_on_mastodon":{"url":"https:\/\/pubeurope.com\/@es\/117203137107634646","error":""},"_links":{"self":[{"href":"https:\/\/www.europesays.com\/es\/wp-json\/wp\/v2\/posts\/744510","targetHints":{"allow":["GET"]}}],"collection":[{"href":"https:\/\/www.europesays.com\/es\/wp-json\/wp\/v2\/posts"}],"about":[{"href":"https:\/\/www.europesays.com\/es\/wp-json\/wp\/v2\/types\/post"}],"author":[{"embeddable":true,"href":"https:\/\/www.europesays.com\/es\/wp-json\/wp\/v2\/users\/2"}],"replies":[{"embeddable":true,"href":"https:\/\/www.europesays.com\/es\/wp-json\/wp\/v2\/comments?post=744510"}],"version-history":[{"count":0,"href":"https:\/\/www.europesays.com\/es\/wp-json\/wp\/v2\/posts\/744510\/revisions"}],"wp:featuredmedia":[{"embeddable":true,"href":"https:\/\/www.europesays.com\/es\/wp-json\/wp\/v2\/media\/744511"}],"wp:attachment":[{"href":"https:\/\/www.europesays.com\/es\/wp-json\/wp\/v2\/media?parent=744510"}],"wp:term":[{"taxonomy":"category","embeddable":true,"href":"https:\/\/www.europesays.com\/es\/wp-json\/wp\/v2\/categories?post=744510"},{"taxonomy":"post_tag","embeddable":true,"href":"https:\/\/www.europesays.com\/es\/wp-json\/wp\/v2\/tags?post=744510"}],"curies":[{"name":"wp","href":"https:\/\/api.w.org\/{rel}","templated":true}]}}