{"id":744530,"date":"2026-09-02T19:56:14","date_gmt":"2026-09-02T19:56:14","guid":{"rendered":"https:\/\/www.europesays.com\/es\/744530\/"},"modified":"2026-09-02T19:56:14","modified_gmt":"2026-09-02T19:56:14","slug":"amal-clooney-impacta-con-un-sensual-vestido-negro-y-ajustado-en-la-primera-noche-de-venecia-un-diseno-a-medida-con-frunces-que-esculpen-a-la-perfeccion-su-figura","status":"publish","type":"post","link":"https:\/\/www.europesays.com\/es\/744530\/","title":{"rendered":"Amal Clooney impacta con un sensual vestido negro y ajustado en la primera noche de Venecia: un dise\u00f1o a medida con frunces que esculpen a la perfecci\u00f3n su figura"},"content":{"rendered":"<p id=\"eVE1jptzEG\" data-wc=\"136\">Este martes, demostrando una vez m\u00e1s su lealtad a la magia italiana, <a class=\"hm-link ho-link\" href=\"https:\/\/www.hola.com\/moda\/20260901921091\/amal-george-clooney-venecia-look-comodo-viajar-elegante\/\" data-mrf-recirculation=\"article-body-link\" rel=\"nofollow noopener\" target=\"_blank\">el matrimonio Clooney ha aterrizado una vez m\u00e1s en la hist\u00f3rica ciudad de los canales<\/a>. Y, como manda la tradici\u00f3n cada a\u00f1o desde que hicieron su esperado debut en la alfombra roja como pareja, all\u00e1 por 2017, lo han hecho para asistir a la gran cita del s\u00e9ptimo arte. Este 2 de septiembre ha arrancado una nueva y emocionante edici\u00f3n del que presume de ser <a class=\"hm-link ho-link\" href=\"https:\/\/www.hola.com\/moda\/20260902921340\/carlos-sainz-jr-rebecca-donaldson-festival-de-venecia-2026-alfombra-roja-looks-inauguracion\/\" data-mrf-recirculation=\"article-body-link\" rel=\"nofollow noopener\" target=\"_blank\">el certamen de cine m\u00e1s antiguo del mundo<\/a>, pero la visita de la abogada y el actor tiene una raz\u00f3n adicional y especialmente emotiva: George Clooney ser\u00e1 galardonado con el codiciado Le\u00f3n de Oro honor\u00edfico en La Mostra, un reconocimiento absoluto a su brillante trayectoria, y su lado, como no pod\u00eda ser de otra forma, est\u00e1 y estar\u00e1 Amal.<\/p>\n<p>Te recomendamosSeguir leyendo<br \/>\n <img src=\"https:\/\/www.europesays.com\/es\/wp-content\/uploads\/2026\/09\/d124c96fa0bc-u616905085.jpg\"   width=\"682\" height=\"1024\" loading=\"lazy\" decoding=\"async\" alt=\"Amal Clooney y George Clooney en el festival de Venecia 2026\" fetchpriority=\"auto\" class=\"image ho-image\"\/>\u00a9 GTRES<br \/>\nAmal Clooney, la m\u00e1s elegante de negro en Venecia con un vestido ajustado y fruncido<\/p>\n<p id=\"eD4m79WAZg\" data-wc=\"119\">Venecia siempre ocupar\u00e1 un lugar inmensamente importante en los corazones de George y Amal Clooney. Fue exactamente all\u00ed donde tuvo lugar su inolvidable boda en septiembre de 2014, una rom\u00e1ntica y fastuosa celebraci\u00f3n que se prolong\u00f3 durante cuatro d\u00edas y a la que asistieron grandes estrellas de la talla de Cindy Crawford, Matt Damon o el carism\u00e1tico Bono, l\u00edder de U2. Desde entonces, el matrimonio siempre que ha podido se ha escapado a Venecia, ya sea por compromisos de trabajo o sencillamente para celebrar su aniversario en la intimidad. Al fin y al cabo, pasan largas temporadas en Italia, pues poseen una majestuosa villa en el Lago de Como que se ha convertido en su refugio europeo por excelencia.\u00a0<\/p>\n<p id=\"eHX8UNuleM\" data-wc=\"55\">Fue all\u00ed donde, hace tan solo una semana, su fundaci\u00f3n organiz\u00f3 una fiesta a la que <a class=\"hm-link ho-link\" href=\"https:\/\/www.hola.com\/moda\/20260829920644\/amal-clooney-vestido-lencero-vintage-lago-de-como-john-galliano-zara\/\" data-mrf-recirculation=\"article-body-link\" rel=\"nofollow noopener\" target=\"_blank\">la abogada acudi\u00f3 con un tesoro vintage de hace 20 a\u00f1os<\/a> que firma nada menos que <a class=\"hm-link ho-link\" href=\"https:\/\/www.hola.com\/moda\/20260831920852\/john-galliano-cancela-exhibicion-met-gala-2027-motivos\/\" data-mrf-recirculation=\"article-body-link\" rel=\"nofollow noopener\" target=\"_blank\">John Galliano, el dise\u00f1ador del que todo mundo est\u00e1 hablando en este preciso instante por la cancelaci\u00f3n de su exhibici\u00f3n en el MET<\/a>.\u00a0<\/p>\n<p> <img src=\"https:\/\/www.europesays.com\/es\/wp-content\/uploads\/2026\/09\/65168a081e72-u616905089.jpg\"   width=\"765\" height=\"1024\" loading=\"lazy\" decoding=\"async\" alt=\"Amal Clooney y George Clooney en el festival de Venecia 2026\" fetchpriority=\"auto\" class=\"image ho-image\"\/>\u00a9 GTRES<\/p>\n<p id=\"eEOXAwATo5\" data-wc=\"88\">Si bien eventos como este celebren el trabajo de su marido, Amal posee un magnetismo est\u00e9tico y un carisma que nos han robado el coraz\u00f3n. Su profesi\u00f3n no tiene absolutamente nada que ver con la industria de la moda, pues es de sobra conocido que es una de las abogadas m\u00e1s reputadas a nivel internacional en materia de derechos humanos; sin embargo, desde los inicios de su relaci\u00f3n con el oscarizado actor, siempre ha llamado poderosamente la atenci\u00f3n el impecable gusto que tiene a la hora de vestir.\u00a0<\/p>\n<p id=\"e_tE_ukhvF\" data-wc=\"39\">No se le conoce estilista y, francamente, tampoco le hace falta para derrochar elegancia con cada aparici\u00f3n p\u00fablica. La de este martes, en la inauguraci\u00f3n de la 83\u00ba edici\u00f3n de la alfombra roja veneciana, no ha sido la excepci\u00f3n.\u00a0<\/p>\n<p> <img src=\"https:\/\/www.europesays.com\/es\/wp-content\/uploads\/2026\/09\/c913ab5f02a3-u616905087.jpg\"   width=\"739\" height=\"1024\" loading=\"lazy\" decoding=\"async\" alt=\"Amal Clooney y George Clooney en el festival de Venecia 2026\" fetchpriority=\"auto\" class=\"image ho-image\"\/>\u00a9 GTRES<br \/>\nLos detalles de su look en la inauguraci\u00f3n del Festival de Cine\u00a0<\/p>\n<p id=\"emgtz1LMmlW\" data-wc=\"128\">La abogada ha vuelto a dictar sentencia en cuesti\u00f3n de moda. Amal se ha decantado por un vestido largo de color negro,<strong> dise\u00f1ado por Haider Ackermann para Tom Ford<\/strong>, que eleva el minimalismo gracias a su uso de la textura. La prenda presenta un intrincado dise\u00f1o de fruncidos horizontales y paneles verticales que recorre toda la silueta, creando un efecto visual tridimensional que esculpe y alarga su figura. Cuenta con un sofisticado<strong>\u00a0escote recto adornado con un delicado ribete de vinilo negro<\/strong> <strong>y sostenido por tirantes finos<\/strong>, uno de ellos cayendo despreocupadamente sobre el costado del brazo, y se ajusta a su cuerpo como un guante mientras posa por la alfombra roja de la mano de su apuesto marido, quien complementa la escena con un impecable esmoquin cl\u00e1sico.\u00a0<\/p>\n<p>Que no falten los diamantes y un toque Old Hollywood<\/p>\n<p id=\"eJTJSgWW-n\" data-wc=\"59\">El bajo del vestido, casi a ras de suelo revela unos zapatos de sal\u00f3n negros terminados en punta, asomados sutilmente bajo el dobladillo, que se coordina con su bolso de mano tipo clutch, tambi\u00e9n negro. El punto de luz lo aportan sus brillantes joyas de diamantes, incluyendo unos pendientes largos en forma de l\u00e1grima y una pulsera a juego.\u00a0<\/p>\n<p id=\"e4hmusiVe6F\" data-wc=\"41\">Por supuesto, el gran protagonista\u00a0beauty\u00a0ha vuelto a ser su espectacular melena casta\u00f1a, peinada con esas inconfundibles ondas voluminosas llenas de vitalidad que le quedan tan bien. Una vez m\u00e1s, Venecia se rinde incondicionalmente a los pies de los Clooney.<\/p>\n","protected":false},"excerpt":{"rendered":"Este martes, demostrando una vez m\u00e1s su lealtad a la magia italiana, el matrimonio Clooney ha aterrizado una&hellip;\n","protected":false},"author":2,"featured_media":744531,"comment_status":"","ping_status":"","sticky":false,"template":"","format":"standard","meta":{"footnotes":""},"categories":[91],"tags":[1024,29451,253,146,147,25,24,29282,13532,1023,338,23],"class_list":["post-744530","post","type-post","status-publish","format-standard","has-post-thumbnail","category-entretenimiento","tag-actualidad-moda","tag-amal-clooney","tag-discover","tag-entertainment","tag-entretenimiento","tag-es","tag-espana","tag-festival-de-venecia","tag-george-clooney","tag-moda","tag-portada","tag-spain"],"share_on_mastodon":{"url":"https:\/\/pubeurope.com\/@es\/117203212083393747","error":""},"_links":{"self":[{"href":"https:\/\/www.europesays.com\/es\/wp-json\/wp\/v2\/posts\/744530","targetHints":{"allow":["GET"]}}],"collection":[{"href":"https:\/\/www.europesays.com\/es\/wp-json\/wp\/v2\/posts"}],"about":[{"href":"https:\/\/www.europesays.com\/es\/wp-json\/wp\/v2\/types\/post"}],"author":[{"embeddable":true,"href":"https:\/\/www.europesays.com\/es\/wp-json\/wp\/v2\/users\/2"}],"replies":[{"embeddable":true,"href":"https:\/\/www.europesays.com\/es\/wp-json\/wp\/v2\/comments?post=744530"}],"version-history":[{"count":0,"href":"https:\/\/www.europesays.com\/es\/wp-json\/wp\/v2\/posts\/744530\/revisions"}],"wp:featuredmedia":[{"embeddable":true,"href":"https:\/\/www.europesays.com\/es\/wp-json\/wp\/v2\/media\/744531"}],"wp:attachment":[{"href":"https:\/\/www.europesays.com\/es\/wp-json\/wp\/v2\/media?parent=744530"}],"wp:term":[{"taxonomy":"category","embeddable":true,"href":"https:\/\/www.europesays.com\/es\/wp-json\/wp\/v2\/categories?post=744530"},{"taxonomy":"post_tag","embeddable":true,"href":"https:\/\/www.europesays.com\/es\/wp-json\/wp\/v2\/tags?post=744530"}],"curies":[{"name":"wp","href":"https:\/\/api.w.org\/{rel}","templated":true}]}}