{"id":744540,"date":"2026-09-02T20:01:19","date_gmt":"2026-09-02T20:01:19","guid":{"rendered":"https:\/\/www.europesays.com\/es\/744540\/"},"modified":"2026-09-02T20:01:19","modified_gmt":"2026-09-02T20:01:19","slug":"talleres-cursos-y-actividades-de-otono-en-los-centros-civicos-de-sant-marti-distrito-de-sant-marti","status":"publish","type":"post","link":"https:\/\/www.europesays.com\/es\/744540\/","title":{"rendered":"Talleres, cursos y actividades de oto\u00f1o en los centros c\u00edvicos de Sant Mart\u00ed | Distrito de Sant Mart\u00ed"},"content":{"rendered":"<p>Los centros c\u00edvicos de Sant Mart\u00ed abren las inscripciones de la programaci\u00f3n de oto\u00f1o con una amplia oferta de talleres, cursos y actividades dirigidas a personas de todas las edades. Entre los meses de septiembre y diciembre, los equipamientos del distrito proponen decenas y decenas de sesiones para aprender, crear, compartir conocimiento y disfrutar del tiempo libre en un entorno cercano.<\/p>\n<p>La programaci\u00f3n incluye actividades vinculadas a las artes pl\u00e1sticas y esc\u00e9nicas, la m\u00fasica, la danza, los idiomas, las humanidades, la fotograf\u00eda, la cocina, la tecnolog\u00eda, la salud y el bienestar, entre muchos otros \u00e1mbitos. La oferta tambi\u00e9n incorpora propuestas familiares y actividades orientadas al desarrollo de habilidades creativas, expresivas y digitales.<\/p>\n<p style=\"margin-left: 3em\"><strong>LA PROGRAMACI\u00d3N DE LOS EQUIPAMIENTOS DE SANT MART\u00cd<br \/><\/strong><a href=\"https:\/\/ajuntament.barcelona.cat\/ccivics\/santmarti\" target=\"_blank\" style=\"color: rgb(0, 151, 167); background-color: rgb(242, 242, 242);\" rel=\"nofollow noopener\">Centre C\u00edvic Sant Mart\u00ed<\/a> (inscripciones, desde el martes 8 de setiembre)<strong><br \/><\/strong><a href=\"https:\/\/www.cccanfelipa.cat\/\" target=\"_blank\" style=\"color: rgb(0, 151, 167); background-color: rgb(242, 242, 242);\" rel=\"nofollow noopener\">Centre C\u00edvic Can Felipa<\/a> (inscripciones, desde el lunes 7 de setiembre)<strong><br \/><\/strong><a href=\"https:\/\/ajuntament.barcelona.cat\/ccivics\/elbesosielmaresme\" target=\"_blank\" style=\"color: rgb(0, 151, 167); background-color: rgb(242, 242, 242);\" rel=\"nofollow noopener\">Centre C\u00edvic del Bes\u00f2s i el Maresme<\/a> (inscripciones, desde el lunes 14 de setiembre)<strong><br \/><\/strong><a href=\"https:\/\/ajuntament.barcelona.cat\/ccivics\/parcsandaru\" target=\"_blank\" style=\"color: rgb(0, 151, 167); background-color: rgb(242, 242, 242);\" rel=\"nofollow noopener\">Centre C\u00edvic Parc Sandaru<\/a> (inscripciones, desde el mi\u00e9rcoles 9 de setiembre)<strong><br \/><\/strong><a href=\"https:\/\/farinera.org\/\" target=\"_blank\" style=\"color: rgb(0, 151, 167); background-color: rgb(242, 242, 242);\" rel=\"nofollow noopener\">Centre Cultural La Farinera del Clot<\/a> (inscripciones, desde el lunes 7 de setiembre)<\/p>\n<p>Los talleres de los centros c\u00edvicos son una oportunidad para descubrir nuevos intereses, profundizar en conocimientos ya adquiridos y participar activamente en la vida cultural y comunitaria de los barrios. La diversidad de formatos y tem\u00e1ticas permite encontrar actividades adaptadas a distintos perfiles, niveles de experiencia e intereses.<\/p>\n<p><strong>Las <\/strong><a href=\"https:\/\/ajuntament.barcelona.cat\/centrescivics\/ca\/activitat\/com-puc-crear-un-usuari-en-linia%22%20%5Cl%20%22taula\" target=\"_blank\" rel=\"nofollow noopener\"><strong>inscripciones<\/strong><\/a><strong> pueden formalizarse<\/strong> en l\u00ednea a trav\u00e9s de las p\u00e1ginas web de los equipamientos y, en la mayor\u00eda de los casos, tambi\u00e9n de forma presencial en los puntos de informaci\u00f3n de los centros. Se recomienda consultar las condiciones espec\u00edficas de cada actividad, as\u00ed como los horarios, los precios y las plazas disponibles antes de completar la matr\u00edcula.<\/p>\n<p>Los centros c\u00edvicos <strong>ofrecen diferentes <\/strong><a href=\"https:\/\/ajuntament.barcelona.cat\/centrescivics\/ca\/activitat\/ajuts-persones-en-situacio-datur-i-persones-que-tenen-reconeguda-una-discapacitat\" target=\"_blank\" rel=\"nofollow noopener\"><strong>reducciones y bonificaciones<\/strong><\/a> para facilitar el acceso a las actividades. Entre otros colectivos, pueden beneficiarse de ellas las personas en situaci\u00f3n de desempleo, las personas con discapacidad y las familias numerosas o monoparentales, de acuerdo con las condiciones establecidas por cada equipamiento. En estos casos, es necesario presentar la documentaci\u00f3n acreditativa correspondiente dentro de los plazos previstos.<\/p>\n","protected":false},"excerpt":{"rendered":"Los centros c\u00edvicos de Sant Mart\u00ed abren las inscripciones de la programaci\u00f3n de oto\u00f1o con una amplia oferta&hellip;\n","protected":false},"author":2,"featured_media":744541,"comment_status":"","ping_status":"","sticky":false,"template":"","format":"standard","meta":{"footnotes":""},"categories":[5],"tags":[17,18,25,24,13,14,11,19,20,9,10,15,16,23,12,21,22],"class_list":["post-744540","post","type-post","status-publish","format-standard","has-post-thumbnail","category-titulares","tag-breaking-news","tag-breakingnews","tag-es","tag-espana","tag-featured-news","tag-featurednews","tag-headlines","tag-latest-news","tag-latestnews","tag-news","tag-noticias","tag-noticias-destacadas","tag-noticiasdestacadas","tag-spain","tag-titulares","tag-ultimas-noticias","tag-ultimasnoticias"],"share_on_mastodon":{"url":"https:\/\/pubeurope.com\/@es\/117203231177303633","error":""},"_links":{"self":[{"href":"https:\/\/www.europesays.com\/es\/wp-json\/wp\/v2\/posts\/744540","targetHints":{"allow":["GET"]}}],"collection":[{"href":"https:\/\/www.europesays.com\/es\/wp-json\/wp\/v2\/posts"}],"about":[{"href":"https:\/\/www.europesays.com\/es\/wp-json\/wp\/v2\/types\/post"}],"author":[{"embeddable":true,"href":"https:\/\/www.europesays.com\/es\/wp-json\/wp\/v2\/users\/2"}],"replies":[{"embeddable":true,"href":"https:\/\/www.europesays.com\/es\/wp-json\/wp\/v2\/comments?post=744540"}],"version-history":[{"count":0,"href":"https:\/\/www.europesays.com\/es\/wp-json\/wp\/v2\/posts\/744540\/revisions"}],"wp:featuredmedia":[{"embeddable":true,"href":"https:\/\/www.europesays.com\/es\/wp-json\/wp\/v2\/media\/744541"}],"wp:attachment":[{"href":"https:\/\/www.europesays.com\/es\/wp-json\/wp\/v2\/media?parent=744540"}],"wp:term":[{"taxonomy":"category","embeddable":true,"href":"https:\/\/www.europesays.com\/es\/wp-json\/wp\/v2\/categories?post=744540"},{"taxonomy":"post_tag","embeddable":true,"href":"https:\/\/www.europesays.com\/es\/wp-json\/wp\/v2\/tags?post=744540"}],"curies":[{"name":"wp","href":"https:\/\/api.w.org\/{rel}","templated":true}]}}