{"id":744544,"date":"2026-09-02T20:09:18","date_gmt":"2026-09-02T20:09:18","guid":{"rendered":"https:\/\/www.europesays.com\/es\/744544\/"},"modified":"2026-09-02T20:09:18","modified_gmt":"2026-09-02T20:09:18","slug":"el-nuevo-barca-ya-esta-al-completo-primer-entrenamiento-con-toda-la-plantilla","status":"publish","type":"post","link":"https:\/\/www.europesays.com\/es\/744544\/","title":{"rendered":"El nuevo Bar\u00e7a ya est\u00e1 al completo: primer entrenamiento con toda la plantilla"},"content":{"rendered":"<p class=\"ft-text\">Ahora s\u00ed. Despu\u00e9s de algunas jornadas en las que <strong>varios jugadores del <\/strong><a class=\"ft-link ft-link--decoration\" href=\"https:\/\/www.sport.es\/es\/noticias\/barca\/baloncesto\/baskonia-insinua-denunciara-xevi-pujol-133871586\" rel=\"nofollow noopener\" target=\"_blank\"><strong>Bar\u00e7a<\/strong><\/a> se encontraban con sus selecciones en las \u00faltimas ventanas FIBA, incluido el entrenador <strong>Aleksander Sekulic<\/strong> (seleccionador esloveno), <strong>el conjunto azulgrana complet\u00f3 la primera sesi\u00f3n de entrenamiento al completo.<\/strong> Los <strong>15 jugadores<\/strong> del primer equipo entrenaron juntos en el Palau bajo las \u00f3rdenes del nuevo t\u00e9cnico en la que fue, ahora s\u00ed, la primera toma de contacto real con todo el grupo.<\/p>\n<p class=\"ft-text\"><strong>Joel Parra y Dar\u00edo Brizuela fueron los \u00faltimos en regresar a Barcelona<\/strong> tras el \u00faltimo compromiso de selecciones disputado en Atenas el pasado lunes. Ellos son dos de los \u00fanicos cuatro &#8216;supervivientes&#8217; de la pasada temporada, y todav\u00eda ten\u00edan pendiente conocer a algunos de sus nuevos compa\u00f1eros. <strong>Juan N\u00fa\u00f1ez y Kevin Punter<\/strong> son los otros dos, y ya les han ido rodando en estos primeros d\u00edas de entrenamientos.<\/p>\n<p><img decoding=\"async\" src=\"https:\/\/www.europesays.com\/es\/wp-content\/uploads\/2026\/09\/0b157e5a-9034-469b-ad69-21ee46f6921e_alta-libre-aspect-ratio_default_0_x600y225.jpg\" width=\"1200\" height=\"675\" alt=\"Joel Parra y Dar\u00edo Brizuela charlan con Aleksander Sekulic durante un entrenamiento del Bar\u00e7a\" class=\"ft-helper-img-rd\" loading=\"lazy\" fetchpriority=\"auto\"\/><\/p>\n<p class=\"ft-helper-fontColor-quaternary ft-helper-fontSize-body-S ft-helper-spacer-t-xxs\">Joel Parra y Dar\u00edo Brizuela charlan con Aleksander Sekulic durante un entrenamiento del Bar\u00e7a  \/ FCB<\/p>\n<p>Jornada de presentaciones<\/p>\n<p class=\"ft-text\">Fue una ma\u00f1ana de trabajo en el Palau, pero tambi\u00e9n de <strong>presentaciones.<\/strong> Despu\u00e9s de una <strong>sesi\u00f3n inicial en el gimnasio de unos 45 minutos, <\/strong>la actividad se traslad\u00f3 al parquet del Palau. All\u00ed, <strong>el equipo se ejercit\u00f3 durante hora y media empap\u00e1ndose ya de la pizarra de Sekulic<\/strong> y ese nuevo estilo de juego r\u00e1pido e intenso que se busca en esta nueva campa\u00f1a.<\/p>\n<p class=\"ft-text\"><strong>Olek Balcerowski realiz\u00f3 trabajo espec\u00edfico<\/strong> despu\u00e9s de sufrir un <strong>doloroso golpe en su espinilla derecha<\/strong> en el partido que enfrent\u00f3 a <strong>Polonia<\/strong> contra<strong> Alemania.<\/strong> Se trata de una contusi\u00f3n y est\u00e1 descartada cualquier lesi\u00f3n importante.<\/p>\n<p><img decoding=\"async\" src=\"https:\/\/www.europesays.com\/es\/wp-content\/uploads\/2026\/09\/b0bb6e07-f6c1-45f6-a48d-24a8b0f163dd_alta-libre-aspect-ratio_default_0_x600y225.jpg\" width=\"1200\" height=\"675\" alt=\"Xevi Pujol, director deportivo del Bar\u00e7a\" class=\"ft-helper-img-rd\" loading=\"lazy\" fetchpriority=\"auto\"\/><\/p>\n<p class=\"ft-helper-fontColor-quaternary ft-helper-fontSize-body-S ft-helper-spacer-t-xxs\">Xevi Pujol, director deportivo del Bar\u00e7a  \/ FCB<\/p>\n<p>Sekulic y Pujol tomaron la palabra<\/p>\n<p class=\"ft-text\"><strong>Sekulic fue hablando uno por uno con sus jugadores,<\/strong> y antes de arrancar el entrenamiento, tanto \u00e9l como<strong> Xevi Pujol, <\/strong>director deportivo azulgrana, compartieron mensajes delante de todo el grupo. Tras la sesi\u00f3n, se produjo<strong> la primera comida conjunta del equipo,<\/strong> y a primera hora de la tarde, <strong>el equipo se subi\u00f3 al autocar<\/strong> para poner rumbo hacia <strong>Encamp.<\/strong> Los j\u00f3venes <strong>Mohamed Dabone y Abdu Kone<\/strong> tambi\u00e9n formaron parte de la expedici\u00f3n que se dirigi\u00f3 hacia Andorra.<\/p>\n<p class=\"ft-text\">All\u00ed, el Bar\u00e7a estar\u00e1 hasta el pr\u00f3ximo domingo realizando un <strong>stage de pretemporada<\/strong> que se culminar\u00e1 con un amistoso ante el <strong>Morabanc Andorra<\/strong> a las 12:30h (CEST). Este jueves, el equipo llevar\u00e1 a cabo una doble sesi\u00f3n, y estas jornadas se anticipan clave para que<strong> el grupo se vaya cohesionando de la mejor manera posible<\/strong> sin descuidar el calendario.<\/p>\n<p><img decoding=\"async\" src=\"https:\/\/www.europesays.com\/es\/wp-content\/uploads\/2026\/09\/c1931661-ccac-4eba-a2b6-cf31fe80a662_alta-libre-aspect-ratio_default_0_x600y225.jpg\" width=\"1200\" height=\"675\" alt=\"Joel Parra y Agus Ubal, en un entrenamiento en el Palau\" class=\"ft-helper-img-rd\" loading=\"lazy\" fetchpriority=\"auto\"\/><\/p>\n<p class=\"ft-helper-fontColor-quaternary ft-helper-fontSize-body-S ft-helper-spacer-t-xxs\">Joel Parra y Agus Ubal, en un entrenamiento en el Palau  \/ FCB<\/p>\n<p>Los dos primeros t\u00edtulos de la temporada, en juego<\/p>\n<p class=\"ft-text\">Hay que tener en cuenta que tanto la pr\u00f3xima semana como la siguiente, <strong>el Bar\u00e7a afronta ya la disputa de los dos primeros t\u00edtulos de la temporada (Lliga Catalana y Supercopa Endesa).<\/strong> Los azulgranas se medir\u00e1n el 10\/09 al <strong>Morabanc Andorra<\/strong> y el 11\/09 al <strong>Kids&amp;Us Manresa<\/strong> en la fase de grupos del torneo catal\u00e1n. En caso de quedar primeros, avanzar\u00edan a la final. Por su parte, Sekulic y sus jugadores reeditan ante <strong>Valencia Basket<\/strong> final de Liga Endesa en la<strong> segunda semifinal de la Supercopa,<\/strong> el s\u00e1bado 19 en el Ol\u00edmpic de Badalona.<\/p>\n<p class=\"ft-text\">La estancia del Bar\u00e7a en Encamp puede ser decisiva tambi\u00e9n para <strong>elegir a los tres capitanes de la pr\u00f3xima temporada.<\/strong> Con las salidas de <strong>Tomas Satoransky y Nico Laprovittola,<\/strong> tan solo sigue <strong>Joel Parra<\/strong> como uno de los capitanes de la anterior campa\u00f1a. A priori, \u00e9l ser\u00e1 uno de los elegidos y quedar\u00e1 por ver entre <strong>Kevin Punter, Dar\u00edo Brizuela y Juan N\u00fa\u00f1ez<\/strong> quienes le acompa\u00f1an.<\/p>\n","protected":false},"excerpt":{"rendered":"Ahora s\u00ed. Despu\u00e9s de algunas jornadas en las que varios jugadores del Bar\u00e7a se encontraban con sus selecciones&hellip;\n","protected":false},"author":2,"featured_media":744545,"comment_status":"","ping_status":"","sticky":false,"template":"","format":"standard","meta":{"footnotes":""},"categories":[269],"tags":[10098,299,2296,298,4399,168,132080,8346,25,24,524,1429,23,167],"class_list":["post-744544","post","type-post","status-publish","format-standard","has-post-thumbnail","category-baloncesto","tag-andorra","tag-baloncesto","tag-barca","tag-basketball","tag-completo","tag-deportes","tag-encamp","tag-entrenamiento","tag-es","tag-espana","tag-nuevo","tag-plantilla","tag-spain","tag-sports"],"share_on_mastodon":{"url":"https:\/\/pubeurope.com\/@es\/117203263869146828","error":""},"_links":{"self":[{"href":"https:\/\/www.europesays.com\/es\/wp-json\/wp\/v2\/posts\/744544","targetHints":{"allow":["GET"]}}],"collection":[{"href":"https:\/\/www.europesays.com\/es\/wp-json\/wp\/v2\/posts"}],"about":[{"href":"https:\/\/www.europesays.com\/es\/wp-json\/wp\/v2\/types\/post"}],"author":[{"embeddable":true,"href":"https:\/\/www.europesays.com\/es\/wp-json\/wp\/v2\/users\/2"}],"replies":[{"embeddable":true,"href":"https:\/\/www.europesays.com\/es\/wp-json\/wp\/v2\/comments?post=744544"}],"version-history":[{"count":0,"href":"https:\/\/www.europesays.com\/es\/wp-json\/wp\/v2\/posts\/744544\/revisions"}],"wp:featuredmedia":[{"embeddable":true,"href":"https:\/\/www.europesays.com\/es\/wp-json\/wp\/v2\/media\/744545"}],"wp:attachment":[{"href":"https:\/\/www.europesays.com\/es\/wp-json\/wp\/v2\/media?parent=744544"}],"wp:term":[{"taxonomy":"category","embeddable":true,"href":"https:\/\/www.europesays.com\/es\/wp-json\/wp\/v2\/categories?post=744544"},{"taxonomy":"post_tag","embeddable":true,"href":"https:\/\/www.europesays.com\/es\/wp-json\/wp\/v2\/tags?post=744544"}],"curies":[{"name":"wp","href":"https:\/\/api.w.org\/{rel}","templated":true}]}}