{"id":744558,"date":"2026-09-02T20:20:10","date_gmt":"2026-09-02T20:20:10","guid":{"rendered":"https:\/\/www.europesays.com\/es\/744558\/"},"modified":"2026-09-02T20:20:10","modified_gmt":"2026-09-02T20:20:10","slug":"sorogoyen-el-cine-detras-de-el-ser-querido","status":"publish","type":"post","link":"https:\/\/www.europesays.com\/es\/744558\/","title":{"rendered":"Sorogoyen: el cine detr\u00e1s de &#8216;El ser querido&#8217;"},"content":{"rendered":"<p>              <strong>TP<\/strong><\/p>\n<p><strong>Rodrigo Sorogoyen<\/strong>, <strong>Isabel Pe\u00f1a<\/strong> y <strong>Vicky Luengo<\/strong> nos presentan <strong>&#8216;El ser querido&#8217;<\/strong>, la nueva pel\u00edcula del director madrile\u00f1o, protagonizada por <strong>Javier Bardem<\/strong> y Vicky Luengo. Una historia sobre un reconocido director de cine y su hija actriz, distanciados desde hace a\u00f1os, que tendr\u00e1n que volver a encontrarse cuando trabajen juntos en una pel\u00edcula.<\/p>\n<p>Con ellos hablamos de las relaciones entre padres e hijos, pero tambi\u00e9n del <strong>cine dentro del cine<\/strong>, de quienes trabajan detr\u00e1s de las c\u00e1maras y de la capacidad del s\u00e9ptimo arte para generar pensamiento cr\u00edtico. Una pel\u00edcula que, en palabras de su coguionista Isabel Pe\u00f1a, es tambi\u00e9n un homenaje a quienes hacen posible el cine.<\/p>\n<p>Adem\u00e1s, conectamos con nuestro corresponsal <strong>Jordi Barcia<\/strong> en el arranque de la <strong>83\u00aa Mostra de Venecia<\/strong>, donde <strong>George Clooney<\/strong> recibe el Le\u00f3n de Oro honor\u00edfico a toda su carrera. Repasamos los grandes nombres de esta edici\u00f3n, entre ellos <strong>Nanni Moretti<\/strong>, <strong>Werner Herzog<\/strong>, <strong>Danny Boyle<\/strong>, <strong>Martin McDonagh<\/strong> y el surcoreano <strong>Lee Chang-dong<\/strong>.<\/p>\n","protected":false},"excerpt":{"rendered":"TP Rodrigo Sorogoyen, Isabel Pe\u00f1a y Vicky Luengo nos presentan &#8216;El ser querido&#8217;, la nueva pel\u00edcula del director&hellip;\n","protected":false},"author":2,"featured_media":744559,"comment_status":"","ping_status":"","sticky":false,"template":"","format":"standard","meta":{"footnotes":""},"categories":[91],"tags":[8519,146,147,25,24,133,1448,1986,1987,132086,23],"class_list":["post-744558","post","type-post","status-publish","format-standard","has-post-thumbnail","category-entretenimiento","tag-el-ojo-critico","tag-entertainment","tag-entretenimiento","tag-es","tag-espana","tag-online","tag-radio","tag-rne","tag-rtve-play","tag-sorogoyen-el-cine-detras-de-el-ser-querido","tag-spain"],"share_on_mastodon":{"url":"https:\/\/pubeurope.com\/@es\/117203306127801899","error":""},"_links":{"self":[{"href":"https:\/\/www.europesays.com\/es\/wp-json\/wp\/v2\/posts\/744558","targetHints":{"allow":["GET"]}}],"collection":[{"href":"https:\/\/www.europesays.com\/es\/wp-json\/wp\/v2\/posts"}],"about":[{"href":"https:\/\/www.europesays.com\/es\/wp-json\/wp\/v2\/types\/post"}],"author":[{"embeddable":true,"href":"https:\/\/www.europesays.com\/es\/wp-json\/wp\/v2\/users\/2"}],"replies":[{"embeddable":true,"href":"https:\/\/www.europesays.com\/es\/wp-json\/wp\/v2\/comments?post=744558"}],"version-history":[{"count":0,"href":"https:\/\/www.europesays.com\/es\/wp-json\/wp\/v2\/posts\/744558\/revisions"}],"wp:featuredmedia":[{"embeddable":true,"href":"https:\/\/www.europesays.com\/es\/wp-json\/wp\/v2\/media\/744559"}],"wp:attachment":[{"href":"https:\/\/www.europesays.com\/es\/wp-json\/wp\/v2\/media?parent=744558"}],"wp:term":[{"taxonomy":"category","embeddable":true,"href":"https:\/\/www.europesays.com\/es\/wp-json\/wp\/v2\/categories?post=744558"},{"taxonomy":"post_tag","embeddable":true,"href":"https:\/\/www.europesays.com\/es\/wp-json\/wp\/v2\/tags?post=744558"}],"curies":[{"name":"wp","href":"https:\/\/api.w.org\/{rel}","templated":true}]}}