{"id":744568,"date":"2026-09-02T20:25:14","date_gmt":"2026-09-02T20:25:14","guid":{"rendered":"https:\/\/www.europesays.com\/es\/744568\/"},"modified":"2026-09-02T20:25:14","modified_gmt":"2026-09-02T20:25:14","slug":"mirada-inclusiva-de-la-fiesta-mayor-del-poblenou-distrito-de-sant-marti","status":"publish","type":"post","link":"https:\/\/www.europesays.com\/es\/744568\/","title":{"rendered":"Mirada inclusiva de la Fiesta Mayor del Poblenou | Distrito de Sant Mart\u00ed"},"content":{"rendered":"<p>El programa de la Festa Major del Poblenou vuelve a presentar este septiembre un amplio conjunto de propuestas adaptadas a diversas necesidades. Este a\u00f1o se ha vuelto a trabajar espec\u00edficamente la accesibilidad. Las personas con movilidad reducida dispondr\u00e1n de <strong>espacios reservados <\/strong>y se\u00f1alizados en los siguientes actos centrales:<\/p>\n<ul>\n<li><strong>Preg\u00f3n.<\/strong> S\u00e1bado 12, a las 19 h. Espacio reservado en rbla. Poblenou \/ Joncar.<\/li>\n<li><strong>Correfoc.<\/strong> S\u00e1bado 19, a las 21 h. Espacio reservado en rbla. Poblenou \/ Llull.<\/li>\n<li><strong>XLV Trobada de Gegants.<\/strong> Domingo 20, a las 10 h. Espacio reservado en rbla. Poblenou \/ Llull.<\/li>\n<li><strong>Castillo de fuegos artificiales.<\/strong> Domingo 20, a las 22 h. Espacio reservado en el p\u00ba. mar\u00edtimo del Bogatell.<\/li>\n<\/ul>\n<p>En todas las ubicaciones con WC tambi\u00e9n habr\u00e1 <strong>cabinas sanitarias adaptadas<\/strong> para personas con movilidad reducida (todas ellas aparecen en el <a href=\"mapa https:\/\/gestornoticies.ajuntament.bcn\/mapa_FM_Poblenou_2026.91a04de8.pdf\" target=\"_blank\">mapa <\/a>del programa).<\/p>\n<p>Tambi\u00e9n habr\u00e1 actividades con int\u00e9rprete de <strong>lengua de signos<\/strong> y actividades con <strong>bucle magn\u00e9tico <\/strong>para personas usuarias de aud\u00edfonos. En el programa, las actividades adaptadas est\u00e1n se\u00f1alizadas con el pictograma correspondiente.<\/p>\n<p>El programa incluye una actividad deportiva especialmente pensada para participantes con otras capacidades. Se trata de la <a href=\"https:\/\/www.knlts.cat\/LA-MILLA-DEL-DRAC\/\" target=\"_blank\" rel=\"nofollow noopener\">Cursa La Milla del Drac<\/a>, que tendr\u00e1 lugar el viernes 18 de septiembre, a las 18 h, en el passeig mar\u00edtim del Bogatell.<\/p>\n","protected":false},"excerpt":{"rendered":"El programa de la Festa Major del Poblenou vuelve a presentar este septiembre un amplio conjunto de propuestas&hellip;\n","protected":false},"author":2,"featured_media":744569,"comment_status":"","ping_status":"","sticky":false,"template":"","format":"standard","meta":{"footnotes":""},"categories":[5],"tags":[17,18,25,24,13,14,11,19,20,9,10,15,16,23,12,21,22],"class_list":["post-744568","post","type-post","status-publish","format-standard","has-post-thumbnail","category-titulares","tag-breaking-news","tag-breakingnews","tag-es","tag-espana","tag-featured-news","tag-featurednews","tag-headlines","tag-latest-news","tag-latestnews","tag-news","tag-noticias","tag-noticias-destacadas","tag-noticiasdestacadas","tag-spain","tag-titulares","tag-ultimas-noticias","tag-ultimasnoticias"],"share_on_mastodon":{"url":"https:\/\/pubeurope.com\/@es\/117203325793884803","error":""},"_links":{"self":[{"href":"https:\/\/www.europesays.com\/es\/wp-json\/wp\/v2\/posts\/744568","targetHints":{"allow":["GET"]}}],"collection":[{"href":"https:\/\/www.europesays.com\/es\/wp-json\/wp\/v2\/posts"}],"about":[{"href":"https:\/\/www.europesays.com\/es\/wp-json\/wp\/v2\/types\/post"}],"author":[{"embeddable":true,"href":"https:\/\/www.europesays.com\/es\/wp-json\/wp\/v2\/users\/2"}],"replies":[{"embeddable":true,"href":"https:\/\/www.europesays.com\/es\/wp-json\/wp\/v2\/comments?post=744568"}],"version-history":[{"count":0,"href":"https:\/\/www.europesays.com\/es\/wp-json\/wp\/v2\/posts\/744568\/revisions"}],"wp:featuredmedia":[{"embeddable":true,"href":"https:\/\/www.europesays.com\/es\/wp-json\/wp\/v2\/media\/744569"}],"wp:attachment":[{"href":"https:\/\/www.europesays.com\/es\/wp-json\/wp\/v2\/media?parent=744568"}],"wp:term":[{"taxonomy":"category","embeddable":true,"href":"https:\/\/www.europesays.com\/es\/wp-json\/wp\/v2\/categories?post=744568"},{"taxonomy":"post_tag","embeddable":true,"href":"https:\/\/www.europesays.com\/es\/wp-json\/wp\/v2\/tags?post=744568"}],"curies":[{"name":"wp","href":"https:\/\/api.w.org\/{rel}","templated":true}]}}