{"id":744594,"date":"2026-09-02T20:49:13","date_gmt":"2026-09-02T20:49:13","guid":{"rendered":"https:\/\/www.europesays.com\/es\/744594\/"},"modified":"2026-09-02T20:49:13","modified_gmt":"2026-09-02T20:49:13","slug":"israel-destruyo-otro-tunel-en-gaza-ya-neutralizo-mas-de-26-kilometros-desde-el-alto-el-fuego","status":"publish","type":"post","link":"https:\/\/www.europesays.com\/es\/744594\/","title":{"rendered":"Israel destruy\u00f3 otro t\u00fanel en Gaza: ya neutraliz\u00f3 m\u00e1s de 26 kil\u00f3metros desde el alto el fuego"},"content":{"rendered":"<p>Israel destruy\u00f3 otro t\u00fanel subterr\u00e1neo en Gaza y ya neutraliz\u00f3 m\u00e1s de 26 kil\u00f3metros desde el alto el fuego<\/p>\n<p>02 Sep, 2026 01:57 p. m. EST<\/p>\n<p class=\"paragraph\" data-paragraph-number=\"1\">Las<b> Fuerzas de Defensa de Israel (FDI)<\/b> difundieron este mi\u00e9rcoles im\u00e1genes de la destrucci\u00f3n de otra ruta de t\u00fanel subterr\u00e1neo en el norte de la Franja de Gaza, en momentos en que el primer ministro <b>Benjam\u00edn Netanyahu<\/b> ingres\u00f3 al enclave para reafirmar que sus tropas controlan el 60% del territorio y que no habr\u00e1 retirada, en contradicci\u00f3n con el acuerdo de alto el fuego vigente.<\/p>\n<p class=\"paragraph\" data-paragraph-number=\"2\">Seg\u00fan inform\u00f3 el Comando Central de las FDI, las fuerzas de la <b>Brigada del Norte<\/b>, bajo el mando de la <b>Divisi\u00f3n 99<\/b>, operan actualmente en el norte de Gaza para proteger y despejar de infraestructura terrorista el \u00e1rea de la llamada <b>L\u00ednea Amarilla<\/b>. En las \u00faltimas semanas, esas fuerzas, en cooperaci\u00f3n con la unidad de ingenier\u00eda de combate <b>Yahalam<\/b>, destruyeron una ruta de t\u00fanel de aproximadamente un kil\u00f3metro de longitud. Desde el inicio del alto el fuego, la brigada ya neutraliz\u00f3 m\u00e1s de <b>26 kil\u00f3metros<\/b> de t\u00faneles subterr\u00e1neos al este de esa l\u00ednea de demarcaci\u00f3n.<\/p>\n<p><img alt=\"(X\/Benjamin Netanyahu\/@netanyahu)\" class=\"global-image\" decoding=\"async\" fetchpriority=\"low\" height=\"1364\" loading=\"lazy\" src=\"https:\/\/www.europesays.com\/es\/wp-content\/uploads\/2026\/09\/FSGRN3NDBNEKBEQVESYMIAME3Q.jfif.jpeg\" width=\"2048\"\/>(X\/Benjamin Netanyahu\/@netanyahu)<\/p>\n<p class=\"paragraph\" data-paragraph-number=\"3\">En paralelo, Netanyahu visit\u00f3 este mi\u00e9rcoles a las fuerzas armadas presentes en la Franja y reiter\u00f3 que estas controlan un 60% del territorio, algo que contradice el acuerdo de tregua vigente desde octubre de 2025. <b>\u201cControlamos el terreno. No nos retiramos. Nos mantenemos en esta l\u00ednea. Controlamos el 60% de la Franja y a\u00fan nos queda mucho por hacer\u201d<\/b>, dijo el mandatario, seg\u00fan un videocomunicado difundido por su oficina, durante la visita a las tropas que ocupan Gaza hasta la L\u00ednea Amarilla, la demarcaci\u00f3n hasta la que se replegaron cuando comenz\u00f3 la tregua.<\/p>\n<p class=\"paragraph\" data-paragraph-number=\"4\">En su discurso, sonriente y con los escombros de viviendas gazat\u00edes de fondo, Netanyahu se jact\u00f3 tambi\u00e9n de la operaci\u00f3n del martes, en la que una milicia colaboracionista con Israel captur\u00f3 en la ciudad de Gaza a un presunto alto mando del grupo islamista Hamas.<\/p>\n<p class=\"paragraph\" data-paragraph-number=\"5\"><b>\u201cEstamos haciendo todo lo posible para alcanzar nuestro objetivo: el desarme de Hamas y la desmilitarizaci\u00f3n de Gaza\u201d<\/b>, afirm\u00f3, en referencia a operaciones israel\u00edes que contin\u00faan pese al alto el fuego.<\/p>\n<p class=\"paragraph\" data-paragraph-number=\"6\"><b>La Junta de Paz, el \u00f3rgano auspiciado por la administraci\u00f3n de Donald Trump para supervisar la tregua, tolera los ataques contra amenazas \u201cinmediatas\u201d a las tropas israel\u00edes,<\/b> aunque en las \u00faltimas semanas el Ej\u00e9rcito israel\u00ed retom\u00f3 tambi\u00e9n ataques selectivos contra infraestructura que atribuye a Hamas, adem\u00e1s de operaciones como la del martes. La propia hoja de ruta de la Junta de Paz establec\u00eda que la retirada israel\u00ed \u2014que Netanyahu niega en sus declaraciones\u2014 estaba ligada al desarme de esa organizaci\u00f3n.<\/p>\n<p class=\"paragraph\" data-paragraph-number=\"7\">El primer ministro recorri\u00f3 la posici\u00f3n militar junto al jefe del Estado Mayor del Ej\u00e9rcito israel\u00ed, <b>Eyal Zamir<\/b>, y otros altos mandos, con quienes luego evalu\u00f3 la situaci\u00f3n de seguridad en el enclave. Asegur\u00f3 que Israel ya alcanz\u00f3 <b>\u201cen gran medida\u201d<\/b> sus objetivos en Gaza, aunque remarc\u00f3: <b>\u201cA\u00fan queda trabajo por completar, y lo completaremos\u201d<\/b>. <\/p>\n<p class=\"paragraph\" data-paragraph-number=\"8\"><b>La visita se da mientras el pa\u00eds se prepara para elecciones el pr\u00f3ximo 27 de octubre,<\/b> que someter\u00e1n a juicio el mandato del l\u00edder derechista, que mantuvo a Israel en una ofensiva en Gaza y en guerras e intercambios de fuego con sus vecinos regionales durante los \u00faltimos tres a\u00f1os.<\/p>\n<p><img alt=\"Palestinos se congregan en el lugar de los ataques y disparos israel\u00edes en la ciudad de Gaza. 1 de septiembre de 2026. REUTERS\/Ebrahim Hajjaj\" class=\"global-image\" decoding=\"async\" fetchpriority=\"low\" height=\"3658\" loading=\"lazy\" src=\"https:\/\/www.europesays.com\/es\/wp-content\/uploads\/2026\/09\/QY27LOOHPFH67BAY7DSK5HRMNI.JPG\" width=\"5141\"\/>Palestinos se congregan en el lugar de los ataques y disparos israel\u00edes en la ciudad de Gaza. 1 de septiembre de 2026. REUTERS\/Ebrahim Hajjaj<\/p>\n<p class=\"paragraph\" data-paragraph-number=\"9\">En medio de estas operaciones, <b>el Ej\u00e9rcito israel\u00ed mat\u00f3 este mi\u00e9rcoles a al menos dos menores de edad en un tiroteo en el campo de refugiados de Yabalia<\/b>, en el norte de Gaza, cerca de las posiciones donde permanecen apostadas las tropas, informaron equipos de emergencia del enclave. Los fallecidos fueron identificados como <b>Ibrahim Ismail Al Hersh<\/b>, de 16 a\u00f1os, y <b>Hazem Hatem Marshoud<\/b>, de 17, cuyos cuerpos fueron trasladados al Hospital Shifa, en la ciudad de Gaza.<\/p>\n<p class=\"paragraph\" data-paragraph-number=\"10\">Otro de los \u00faltimos ataques se registr\u00f3 en la zona de <b>Mawasi<\/b>, en el suroeste de la Franja y uno de los principales n\u00facleos de desplazados: un dron israel\u00ed atac\u00f3 una carpa y dej\u00f3 cinco heridos, trasladados al Hospital Nasser de Jan Yunis, uno de ellos en estado cr\u00edtico. En <b>Deir al Balah<\/b>, en el centro de Gaza, una mujer de 51 a\u00f1os identificada como <b>Amina al Hisi<\/b> muri\u00f3 a causa de las heridas de bala que las tropas israel\u00edes le hab\u00edan provocado un d\u00eda antes, seg\u00fan inform\u00f3 la agencia oficial palestina Wafa. Seg\u00fan fuentes del Hospital de los M\u00e1rtires de Al Aqsa, adonde fue trasladado su cuerpo, la mujer se hab\u00eda desplazado a esa ciudad desde Yabalia.<\/p>\n<p class=\"paragraph\" data-paragraph-number=\"11\"><b>M\u00e1s de 73.450 palestinos murieron en Gaza a causa de la ofensiva israel\u00ed<\/b>, iniciada el 7 de octubre de 2023 en represalia por el ataque de grupos terroristas de la Franja contra territorio israel\u00ed ese mismo d\u00eda, que dej\u00f3 unas 1.200 v\u00edctimas fatales. Adem\u00e1s, <b>m\u00e1s de 1.320 gazat\u00edes murieron por ataques israel\u00edes durante el alto el fuego<\/b> vigente desde octubre de 2025, seg\u00fan el Ministerio de Sanidad del enclave.<\/p>\n","protected":false},"excerpt":{"rendered":"Israel destruy\u00f3 otro t\u00fanel subterr\u00e1neo en Gaza y ya neutraliz\u00f3 m\u00e1s de 26 kil\u00f3metros desde el alto el&hellip;\n","protected":false},"author":2,"featured_media":744595,"comment_status":"","ping_status":"","sticky":false,"template":"","format":"standard","meta":{"footnotes":""},"categories":[5],"tags":[17,18,25,24,13,14,11,19,20,2148,2149,9,10,15,16,23,12,21,22],"class_list":["post-744594","post","type-post","status-publish","format-standard","has-post-thumbnail","category-titulares","tag-breaking-news","tag-breakingnews","tag-es","tag-espana","tag-featured-news","tag-featurednews","tag-headlines","tag-latest-news","tag-latestnews","tag-middle-east","tag-military-conflicts","tag-news","tag-noticias","tag-noticias-destacadas","tag-noticiasdestacadas","tag-spain","tag-titulares","tag-ultimas-noticias","tag-ultimasnoticias"],"share_on_mastodon":{"url":"https:\/\/pubeurope.com\/@es\/117203420372399670","error":""},"_links":{"self":[{"href":"https:\/\/www.europesays.com\/es\/wp-json\/wp\/v2\/posts\/744594","targetHints":{"allow":["GET"]}}],"collection":[{"href":"https:\/\/www.europesays.com\/es\/wp-json\/wp\/v2\/posts"}],"about":[{"href":"https:\/\/www.europesays.com\/es\/wp-json\/wp\/v2\/types\/post"}],"author":[{"embeddable":true,"href":"https:\/\/www.europesays.com\/es\/wp-json\/wp\/v2\/users\/2"}],"replies":[{"embeddable":true,"href":"https:\/\/www.europesays.com\/es\/wp-json\/wp\/v2\/comments?post=744594"}],"version-history":[{"count":0,"href":"https:\/\/www.europesays.com\/es\/wp-json\/wp\/v2\/posts\/744594\/revisions"}],"wp:featuredmedia":[{"embeddable":true,"href":"https:\/\/www.europesays.com\/es\/wp-json\/wp\/v2\/media\/744595"}],"wp:attachment":[{"href":"https:\/\/www.europesays.com\/es\/wp-json\/wp\/v2\/media?parent=744594"}],"wp:term":[{"taxonomy":"category","embeddable":true,"href":"https:\/\/www.europesays.com\/es\/wp-json\/wp\/v2\/categories?post=744594"},{"taxonomy":"post_tag","embeddable":true,"href":"https:\/\/www.europesays.com\/es\/wp-json\/wp\/v2\/tags?post=744594"}],"curies":[{"name":"wp","href":"https:\/\/api.w.org\/{rel}","templated":true}]}}