{"id":744598,"date":"2026-09-02T20:55:09","date_gmt":"2026-09-02T20:55:09","guid":{"rendered":"https:\/\/www.europesays.com\/es\/744598\/"},"modified":"2026-09-02T20:55:09","modified_gmt":"2026-09-02T20:55:09","slug":"tadej-pogacar-recibe-el-alta-medica-tras-su-operacion-de-clavicula-esciclismo","status":"publish","type":"post","link":"https:\/\/www.europesays.com\/es\/744598\/","title":{"rendered":"Tadej Pogacar recibe el alta m\u00e9dica tras su operaci\u00f3n de clav\u00edcula &#8211; Esciclismo"},"content":{"rendered":"<ol>\n<li><a href=\"https:\/\/news.google.com\/rss\/articles\/CBMiakFVX3lxTE9SeEdlZERsQzVaWko3T0Vta3hhakJac194QU85R2J6VkpiOXZGXzJmSVpPejdXTlV4R0NWc21GMXFfLXZjR2RuMkZxeVBPU2pEVXdueGNUbGNzSS1nTndPRkk3T0FWVWMtakE?oc=5\" target=\"_blank\" rel=\"nofollow noopener\">Tadej Pogacar recibe el alta m\u00e9dica tras su operaci\u00f3n de clav\u00edcula<\/a>&nbsp;&nbsp;Esciclismo<\/li>\n<li><a href=\"https:\/\/news.google.com\/rss\/articles\/CBMiqgFBVV95cUxNdTZxeTd0SjhDeGRlQmx2NjdrdVpKRVMxQm0wWUhYYXA2ckwzbVdodGZZc0k1RnN3Mm1Tb1lxLTJwc25heGJKVU1nSDhmNjRwcFowcVlLR2pQT1RpcUJuQzZ3N1Q4VTQ5aDYwZVRQNjFkajV1a1JycDR5QnRmd2FtTHlVQWNGUk9CaVduLTY0aVFZblprX3dCekZ6QXcyVUg1Ny1wR0pKc3JmZw?oc=5\" target=\"_blank\" rel=\"nofollow noopener\">Pogacar recibe el alta y deja Barcelona tras su operaci\u00f3n<\/a>&nbsp;&nbsp;Diario AS<\/li>\n<li><a href=\"https:\/\/news.google.com\/rss\/articles\/CBMiggJBVV95cUxQd0h2dFhzS1o4Nk53eTJ3bGtwQ3RvQmhaUEpPbFhoTzUwMXBmeGhldTkwUnFaRFRIWHFRTFIyV005TGpUMkI2QmlCQWFNWjJOOHk4ZzVDUzVja184RDQzX0lHanJoRURhLVcwRzUxVVdfMURBX3lKVkpydGp1QTUweVZ0S2h6cDRmdl9Gb3NOaUw1VUNPRHlYdU1pV3VZamo5WGZiLU5aYVU5RGpkYXVWRTU1eUtoOV9jLWtJNjVwSm1Zb2o4bGludUZnR1gxMko5OUlyNXNxb0FHVVY3VFFFYzZxSmxHZWw4eW5BLWJPanAyM05CQUpGYUNVWDJFc1U4V1E?oc=5\" target=\"_blank\" rel=\"nofollow noopener\">Pogacar, estable tras su primera noche en el hospital, ser\u00e1 operado en Barcelona cuando mejore tras la conmoci\u00f3n cerebral<\/a>&nbsp;&nbsp;EL PA\u00cdS<\/li>\n<li><a href=\"https:\/\/news.google.com\/rss\/articles\/CBMi7gFBVV95cUxNQmJ2YWsyS2p1Z3dpb3J5QlR3SFQ5MEJRYm1zUXVtcDZ5SG02N0RvaU1kS2p0cEtybDlYN3NsaWtVWmNaa3NJMXNnaDlZY2dqXzVqWi1jNkxiWG1SMENzUVFORlQ0RFdkaHdiakJNVUVSMjBSR281M3VYdEhQN3p5MTY4emZnelg3dXh5Vlkza0YzWTNSbHFMUjZyM280d3F6N0NxbjBvRy1WRklSSWJVYzdwenY1eDhIZF96eE11aXUxSFZQbUhuMkdHcDdZcEJ1UWZkckpWYldieTEwU3VwTEhGQk43WlFST0U0aDFn0gGCAkFVX3lxTE1UN1BNbWNNYTZiMmFRRXM1M0xxWFZ4S3doaTN3Nmd4VkpzRzh6QmhGLUZTTkhJY3JGeGR6S3o1Q052MmdQNlM2SkRBSW9YZkdWU1ZSeTRmMU9LU0hUVXBCNGJSem5uWVViemhDMzliMDlvenBJZ3llLXZVRzZ1dGd2Si1rRUt4Z1VBanY5cGUySy1VXzdpQ2k1ZktFU25LWjJMNXVrenExS1Y2QTN5TmlzamZZTzNDR2t4TlQ4WTVEOElITl9vNGpzTmJIMVZMNUh4QkZYSnpScXo3VVlmZURwZ3ZIaEdnYmt6QVZyTHBXQkNoamVIUmF6ZnVCa05yUG5aZw?oc=5\" target=\"_blank\" rel=\"nofollow noopener\">\u00ab\u00bfVosotros me hab\u00e9is preguntado si quiero ganar la Vuelta a Espa\u00f1a?\u00bb, la pregunta de Igor Ant\u00f3n en 2010<\/a>&nbsp;&nbsp;La Raz\u00f3n<\/li>\n<li><a href=\"https:\/\/news.google.com\/rss\/articles\/CBMitAFBVV95cUxNekNmSGJmMjd3dXRSZHZMQ25UTkEza2x2dFNoc3oyRWtyUFlNS0h0RGFmWk8weEJfVExVMjczd2Q2RnIyQ21hUGVKbk5ibE1aWk5aMEhtTHFzd2tOV25fNjN4WEZKaFJDbGN5amhyaWQ5TjRKY1VaQ0FmQ00xcnFsam9aX2JkZlJrbHF3OUpEaFd2MHBlZjlCWHAwNW9PbTJYcmYtNlJqMXoyTWtYRUo3T29TUEY?oc=5\" target=\"_blank\" rel=\"nofollow noopener\">Actualizaci\u00f3n del parte m\u00e9dico de Pogacar tras su dura ca\u00edda en La Vuelta: permanecer\u00e1 en el hospital y necesitar\u00e1 rehabilitaci\u00f3n<\/a>&nbsp;&nbsp;El Confidencial<\/li>\n<\/ol>\n","protected":false},"excerpt":{"rendered":"Tadej Pogacar recibe el alta m\u00e9dica tras su operaci\u00f3n de clav\u00edcula&nbsp;&nbsp;Esciclismo Pogacar recibe el alta y deja Barcelona&hellip;\n","protected":false},"author":2,"featured_media":744599,"comment_status":"","ping_status":"","sticky":false,"template":"","format":"standard","meta":{"footnotes":""},"categories":[273],"tags":[10605,5593,210,4357,313,1757,28228,312,168,158,551,25,3871,24,2172,314,11448,132088,15378,6326,1051,11119,295,15406,20935,5101,549,23237,13896,3397,5153,8643,23,167,548,28236,550,1357,552],"class_list":["post-744598","post","type-post","status-publish","format-standard","has-post-thumbnail","category-ciclismo","tag-a","tag-alta","tag-barcelona","tag-caida","tag-ciclismo","tag-ciclista","tag-clavicula","tag-cycling","tag-deportes","tag-el","tag-emirates","tag-es","tag-esloveno","tag-espana","tag-especiales","tag-etapa","tag-fractura","tag-gazzett","tag-informado","tag-izquierda","tag-lunes","tag-medica","tag-miercoles","tag-octava","tag-operado","tag-pasado","tag-pogacar","tag-produjo","tag-recibido","tag-sabado","tag-segun","tag-ser","tag-spain","tag-sports","tag-tadej","tag-transcurso","tag-uae","tag-vuelta","tag-xrg"],"share_on_mastodon":{"url":"https:\/\/pubeurope.com\/@es\/117203443811414577","error":""},"_links":{"self":[{"href":"https:\/\/www.europesays.com\/es\/wp-json\/wp\/v2\/posts\/744598","targetHints":{"allow":["GET"]}}],"collection":[{"href":"https:\/\/www.europesays.com\/es\/wp-json\/wp\/v2\/posts"}],"about":[{"href":"https:\/\/www.europesays.com\/es\/wp-json\/wp\/v2\/types\/post"}],"author":[{"embeddable":true,"href":"https:\/\/www.europesays.com\/es\/wp-json\/wp\/v2\/users\/2"}],"replies":[{"embeddable":true,"href":"https:\/\/www.europesays.com\/es\/wp-json\/wp\/v2\/comments?post=744598"}],"version-history":[{"count":0,"href":"https:\/\/www.europesays.com\/es\/wp-json\/wp\/v2\/posts\/744598\/revisions"}],"wp:featuredmedia":[{"embeddable":true,"href":"https:\/\/www.europesays.com\/es\/wp-json\/wp\/v2\/media\/744599"}],"wp:attachment":[{"href":"https:\/\/www.europesays.com\/es\/wp-json\/wp\/v2\/media?parent=744598"}],"wp:term":[{"taxonomy":"category","embeddable":true,"href":"https:\/\/www.europesays.com\/es\/wp-json\/wp\/v2\/categories?post=744598"},{"taxonomy":"post_tag","embeddable":true,"href":"https:\/\/www.europesays.com\/es\/wp-json\/wp\/v2\/tags?post=744598"}],"curies":[{"name":"wp","href":"https:\/\/api.w.org\/{rel}","templated":true}]}}