{"id":744600,"date":"2026-09-02T20:57:34","date_gmt":"2026-09-02T20:57:34","guid":{"rendered":"https:\/\/www.europesays.com\/es\/744600\/"},"modified":"2026-09-02T20:57:34","modified_gmt":"2026-09-02T20:57:34","slug":"baskonia-insinua-que-no-denunciara-a-xevi-pujol-tras-su-fichaje-por-el-barca-no-tiene-mucho-mas-recorrido","status":"publish","type":"post","link":"https:\/\/www.europesays.com\/es\/744600\/","title":{"rendered":"Baskonia insin\u00faa que no denunciar\u00e1 a Xevi Pujol tras su fichaje por el Bar\u00e7a: \u00abNo tiene mucho m\u00e1s recorrido\u00bb"},"content":{"rendered":"<p class=\"ft-text\"><strong>La tensi\u00f3n entre Baskonia y <\/strong><a class=\"ft-link ft-link--decoration\" href=\"https:\/\/www.sport.es\/es\/deportes\/revolucion-quien-es-quien-en-barcelona-basket-rm\/\" rel=\"nofollow noopener\" target=\"_blank\"><strong>Bar\u00e7a<\/strong><\/a> parece que empieza a decrecer tras un verano en el que catalanes y vascos han estado muy lejos de llegar a acuerdos en las distintas negociaciones llevadas a cabo entre ambos clubes.<\/p>\n<p class=\"ft-text\">La entidad vitoriana nunca destens\u00f3 la cuerda por <strong>Paolo Galbiati,<\/strong> pidiendo una cifra <strong>cercana al mill\u00f3n de euros<\/strong> al Bar\u00e7a para liberarle de su contrato, si bien es cierto que en el Buesa existieron dudas sobre su continuidad all\u00ed. <strong>El t\u00e9cnico italiano pidi\u00f3 quitar una cl\u00e1usula de su contrato para poder garantizar un segundo curso al frente del Baskonia,<\/strong> pero el club presidido por <strong>Josean Querejeta,<\/strong> pero dicha petici\u00f3n se desestim\u00f3. Galbiati arranca finalmente su segundo a\u00f1o en el Baskonia avalado por el gran juego que exhibi\u00f3 el equipo y que les sirvi\u00f3 para ganar la Copa del Rey.<\/p>\n<p><img decoding=\"async\" src=\"https:\/\/www.europesays.com\/es\/wp-content\/uploads\/2026\/09\/b4b897c3-27db-4b16-b764-ddb03b43b82a_alta-libre-aspect-ratio_default_0_x600y225.jpg\" width=\"1200\" height=\"675\" alt=\"Xevi Pujol, Joan Laporta, Aleksander Sekulic y Siscu Pujol\" class=\"ft-helper-img-rd\" loading=\"lazy\" fetchpriority=\"auto\"\/><\/p>\n<p class=\"ft-helper-fontColor-quaternary ft-helper-fontSize-body-S ft-helper-spacer-t-xxs\">Xevi Pujol, Joan Laporta, Aleksander Sekulic y Siscu Pujol  \/ FCB<\/p>\n<p>Acuerdo imposible por Galbiati y Pujol<\/p>\n<p class=\"ft-text\"><strong>Por Xevi Pujol no hubo tampoco acuerdo posible,<\/strong> ya que el Bar\u00e7a no llegaba a las pretensiones econ\u00f3micas exigidas por Baskonia. <strong>El manresano dio un preaviso de dos meses al club vitoriano comunicando su voluntad de romper el contrato,<\/strong> y a principios de agosto, con el plazo ya cumplido, fue presentado como <strong>nuevo director deportivo del basket azulgrana.<\/strong><\/p>\n<p class=\"ft-text\">Se especul\u00f3 con que los vitorianos podr\u00edan <strong>acudir a los tribunales<\/strong> para denunciar esta situaci\u00f3n al considerarse que ese preaviso podr\u00eda no ser v\u00e1lido. Pero con el paso de las semanas, no han llegado noticias en ese sentido, y en las \u00faltimas horas el mensaje de Baskonia apunta a que no deber\u00edan producirse novedades con esa carpeta.<\/p>\n<p><img decoding=\"async\" src=\"https:\/\/www.europesays.com\/es\/wp-content\/uploads\/2026\/09\/dc90bed6-b12a-404c-b1d3-dc9810d03327_alta-libre-aspect-ratio_default_0_x600y225.jpg\" width=\"1200\" height=\"675\" alt=\"Tosan Evbuomwan y Xevi Pujol, durante un entrenamiento del Bar\u00e7a\" class=\"ft-helper-img-rd\" loading=\"lazy\" fetchpriority=\"auto\"\/><\/p>\n<p class=\"ft-helper-fontColor-quaternary ft-helper-fontSize-body-S ft-helper-spacer-t-xxs\">Tosan Evbuomwan y Xevi Pujol, durante un entrenamiento del Bar\u00e7a  \/ FCB &#8211; V\u00edctor Salgado<\/p>\n<p class=\"ft-text\"><strong>F\u00e9lix Fern\u00e1ndez,<\/strong> director deportivo de Baskonia, tom\u00f3 la palabra para referirse al asunto. Fue durante la presentaci\u00f3n del dominicano <strong>Chris Duarte<\/strong> como nuevo jugador baskonista, cuando el ejecutivo de la entidad alavesa se pronunci\u00f3, <strong>evitando de manera descarada mencionar tanto los nombres de Xevi Pujol como del Bar\u00e7a.<\/strong><\/p>\n<p>Las palabras de F\u00e9lix Fern\u00e1ndez, director deportivo de Baskonia<\/p>\n<p class=\"ft-text\"><strong>\u00abEs un trabajador que ya no pertenece a la disciplina de Baskonia. A partir de ah\u00ed, t\u00fa no est\u00e1s en un sitio cuando no quieres estar, esto es as\u00ed. Sab\u00edamos de hace tiempo que su deseo era trabajar para el club actual en el que est\u00e1 ahora mismo.<\/strong> Cada uno a nivel profesional toma sus caminos y sus decisiones. Nosotros estamos sumamente contentos de c\u00f3mo tenemos estructurada la parcela deportiva\u00bb, pronunci\u00f3.<\/p>\n<p><img decoding=\"async\" src=\"https:\/\/www.europesays.com\/es\/wp-content\/uploads\/2026\/09\/423b0c44-32a0-4cc6-aa01-bdca17482f8b_alta-libre-aspect-ratio_default_0_x600y225.jpg\" width=\"1200\" height=\"675\" alt=\"Xevi Pujol, director deportivo del Bar\u00e7a\" class=\"ft-helper-img-rd\" loading=\"lazy\" fetchpriority=\"auto\"\/><\/p>\n<p class=\"ft-helper-fontColor-quaternary ft-helper-fontSize-body-S ft-helper-spacer-t-xxs\">Xevi Pujol, director deportivo del Bar\u00e7a  \/ FCB<\/p>\n<p>\u00abNo tiene mucho m\u00e1s recorrido\u00bb<\/p>\n<p class=\"ft-text\">Repreguntado sobre si Bar\u00e7a o Pujol hab\u00eda tenido que <strong>compensar<\/strong> a Baskonia por su llegada al Palau, Fern\u00e1ndez dijo lo siguiente: <strong>\u00abNo voy a entrar en temas puntuales privados que pueden pertenecer a lo que es un trabajador con el club.<\/strong> Lo mismo que no puedo entrar en este caso tampoco puedo entrar en otros casos de otros posibles trabajadores que puedan estar dentro de la estructura.<strong> A d\u00eda de hoy, como bien sab\u00e9is, pertenece a otra estructura, y a partir de ah\u00ed, no tiene mucho m\u00e1s recorrido\u00bb.<\/strong><\/p>\n<p class=\"ft-text\">Por lo tanto, y salvo giro dr\u00e1stico de guion, la carpeta de Xevi Pujol y su salida de Baskonia para llegar al Bar\u00e7a quedar\u00e1 <strong>cerrada<\/strong> sin tener que recurrir a la Justicia.<\/p>\n","protected":false},"excerpt":{"rendered":"La tensi\u00f3n entre Baskonia y Bar\u00e7a parece que empieza a decrecer tras un verano en el que catalanes&hellip;\n","protected":false},"author":2,"featured_media":744601,"comment_status":"","ping_status":"","sticky":false,"template":"","format":"standard","meta":{"footnotes":""},"categories":[269],"tags":[299,2296,298,4714,6775,168,412,411,25,24,33090,23,167,33089],"class_list":["post-744600","post","type-post","status-publish","format-standard","has-post-thumbnail","category-baloncesto","tag-baloncesto","tag-barca","tag-basketball","tag-baskonia","tag-denuncia","tag-deportes","tag-deportivo","tag-director","tag-es","tag-espana","tag-pujol","tag-spain","tag-sports","tag-xevi"],"share_on_mastodon":{"url":"https:\/\/pubeurope.com\/@es\/117203453186488811","error":""},"_links":{"self":[{"href":"https:\/\/www.europesays.com\/es\/wp-json\/wp\/v2\/posts\/744600","targetHints":{"allow":["GET"]}}],"collection":[{"href":"https:\/\/www.europesays.com\/es\/wp-json\/wp\/v2\/posts"}],"about":[{"href":"https:\/\/www.europesays.com\/es\/wp-json\/wp\/v2\/types\/post"}],"author":[{"embeddable":true,"href":"https:\/\/www.europesays.com\/es\/wp-json\/wp\/v2\/users\/2"}],"replies":[{"embeddable":true,"href":"https:\/\/www.europesays.com\/es\/wp-json\/wp\/v2\/comments?post=744600"}],"version-history":[{"count":0,"href":"https:\/\/www.europesays.com\/es\/wp-json\/wp\/v2\/posts\/744600\/revisions"}],"wp:featuredmedia":[{"embeddable":true,"href":"https:\/\/www.europesays.com\/es\/wp-json\/wp\/v2\/media\/744601"}],"wp:attachment":[{"href":"https:\/\/www.europesays.com\/es\/wp-json\/wp\/v2\/media?parent=744600"}],"wp:term":[{"taxonomy":"category","embeddable":true,"href":"https:\/\/www.europesays.com\/es\/wp-json\/wp\/v2\/categories?post=744600"},{"taxonomy":"post_tag","embeddable":true,"href":"https:\/\/www.europesays.com\/es\/wp-json\/wp\/v2\/tags?post=744600"}],"curies":[{"name":"wp","href":"https:\/\/api.w.org\/{rel}","templated":true}]}}