{"id":744602,"date":"2026-09-02T20:58:15","date_gmt":"2026-09-02T20:58:15","guid":{"rendered":"https:\/\/www.europesays.com\/es\/744602\/"},"modified":"2026-09-02T20:58:15","modified_gmt":"2026-09-02T20:58:15","slug":"condenado-el-futbolista-del-real-madrid-raul-asencio-por-conducir-ebrio-en-gran-canaria-futbol-deportes","status":"publish","type":"post","link":"https:\/\/www.europesays.com\/es\/744602\/","title":{"rendered":"Condenado el futbolista del Real Madrid Ra\u00fal Asencio por conducir ebrio en Gran Canaria | F\u00fatbol | Deportes"},"content":{"rendered":"<p class=\"\"><a href=\"https:\/\/elpais.com\/noticias\/raul-asencio-del-rosario\/\" target=\"_self\" rel=\"nofollow noopener\" title=\"https:\/\/elpais.com\/noticias\/raul-asencio-del-rosario\/\">El defensa del Real Madrid, Ra\u00fal Asencio,<\/a> ha sido condenado por un delito contra la seguridad vial tras reconocer que conduc\u00eda bajo los efectos del alcohol en el sur de Gran Canaria, seg\u00fan ha adelantado el diario local Atl\u00e1ntico Hoy y ha confirmado el Tribunal Superior de Justicia de Canarias. El <a href=\"https:\/\/elpais.com\/deportes\/futbol\/2025-09-18\/asencio-y-otros-tres-canteranos-del-real-madrid-iran-a-juicio-por-la-difusion-de-videos-sexuales-sin-consentimiento-de-dos-mujeres.html\" target=\"_blank\" rel=\"nofollow noopener\" title=\"https:\/\/elpais.com\/deportes\/futbol\/2025-09-18\/asencio-y-otros-tres-canteranos-del-real-madrid-iran-a-juicio-por-la-difusion-de-videos-sexuales-sin-consentimiento-de-dos-mujeres.html\">futbolista, que a\u00fan no ha debutado<\/a> esta temporada por lesi\u00f3n, ser\u00e1 juzgado este jueves en <a href=\"https:\/\/elpais.com\/deportes\/futbol\/2025-09-18\/asencio-y-otros-tres-canteranos-del-real-madrid-iran-a-juicio-por-la-difusion-de-videos-sexuales-sin-consentimiento-de-dos-mujeres.html\" target=\"_blank\" rel=\"nofollow noopener\" title=\"https:\/\/elpais.com\/deportes\/futbol\/2025-09-18\/asencio-y-otros-tres-canteranos-del-real-madrid-iran-a-juicio-por-la-difusion-de-videos-sexuales-sin-consentimiento-de-dos-mujeres.html\">el juicio oral por compartir<\/a> una grabaci\u00f3n sexual no consentida de una menor y otra mujer de 18 a\u00f1os. En esta causa tambi\u00e9n ser\u00e1n juzgados otros tres excanteranos del equipo blanco. Los jugadores comparecer\u00e1n por videoconferencia ante ante la jueza de lo Penal n\u00famero 5 de Las Palmas de Gran Canaria. El Real Madrid estudia las sanciones pertinentes de acuerdo a sus reglamentos de r\u00e9gimen interno, seg\u00fan aseguran fuentes del club, informa <b>David \u00c1lvarez<\/b>. <\/p>\n<p class=\"\">Asencio fue cazado conduciendo ebrio a las 6.30 de la ma\u00f1ana del 16 de agosto (d\u00eda que el <a href=\"https:\/\/elpais.com\/deportes\/resultados\/futbol\/amistosos_clubes\/2026\/directo\/amistosos_clubes-a-33-6a7984f8ba6e470\/\" target=\"_blank\" rel=\"nofollow noopener\" title=\"https:\/\/elpais.com\/deportes\/resultados\/futbol\/amistosos_clubes\/2026\/directo\/amistosos_clubes-a-33-6a7984f8ba6e470\/\">Real Madrid jugaba un amistoso en Alemania frente al Schalke 04<\/a>) en un cruce de la autopista GC-1, en el municipio tur\u00edstico de San Bartolom\u00e9 de Tirajana en el sur de la isla. El jugador circulaba en un Porsche cuando los agentes le dieron el alto en un control preventivo de tr\u00e1fico, en la madrugada del s\u00e1bado al domingo. La actuaci\u00f3n formaba parte de las campa\u00f1as rutinarias que Polic\u00eda Local y Guardia Civil despliegan las noches de ocio del sur de la isla. Las mismas fuentes se\u00f1alan que el futbolista no sufri\u00f3 ning\u00fan accidente ni conduc\u00eda de forma temeraria.<\/p>\n<p class=\"\">En el control, el deportista arroj\u00f3 un resultado de 0,90 mg\/l de alcohol en aire espirado en la primera prueba (0,88 mg\/l en la segunda). La tasa m\u00e1xima permitida para conductores generales es de 0,25 mg\/l. Al superar los 0,60 mg\/l, la infracci\u00f3n administrativa se convierte en delito contra la seguridad vial.<\/p>\n<p class=\"\">Asencio admiti\u00f3 los hechos tres d\u00edas despu\u00e9s, el 19 de agosto, en un juicio r\u00e1pido celebrado en San Bartolom\u00e9 de Tirajana. La plaza n\u00famero 3 de la Secci\u00f3n de Instrucci\u00f3n del Tribunal de Instancia le impuso una multa de cuatro meses con una cuota diaria de 120 euros \u201414.400 euros en total\u2014 y la retirada del permiso de conducir durante ocho meses. <\/p>\n<p>Juicio oral<\/p>\n<p class=\"\">No ser\u00e1 la \u00fanica cita del deportista en los tribunales. <a href=\"https:\/\/elpais.com\/sociedad\/2025-08-01\/la-fiscalia-pide-2-anos-y-6-meses-de-carcel-a-asencio-por-compartir-una-grabacion-sexual-no-consentida-de-una-menor-y-otra-de-18-anos.html\" target=\"_self\" rel=\"nofollow noopener\" title=\"https:\/\/elpais.com\/sociedad\/2025-08-01\/la-fiscalia-pide-2-anos-y-6-meses-de-carcel-a-asencio-por-compartir-una-grabacion-sexual-no-consentida-de-una-menor-y-otra-de-18-anos.html\">La Fiscal\u00eda pide dos a\u00f1os, seis meses y un d\u00eda de prisi\u00f3n para Asencio<\/a>, adem\u00e1s una multa de 100 euros diarios durante 24 meses y una indemnizaci\u00f3n de 10.000 euros por dos delitos contra la intimidad, al compartir un v\u00eddeo de contenido sexual de dos mujeres \u2014una de 16 a\u00f1os y otra de 18\u2014 que desconoc\u00edan haber sido grabadas.<\/p>\n<p class=\"\"><a href=\"\" rel=\"\" title=\"\">Asencio no estuvo en el encuentro sexual, que fue consentido<\/a>. Se le imputa un delito de revelaci\u00f3n de secretos en concurso con otro de pornograf\u00eda infantil: supuestamente recibi\u00f3 el v\u00eddeo y se lo ense\u00f1\u00f3 a un tercero sabiendo que se hab\u00eda grabado sin permiso, que las afectadas hab\u00edan pedido que se borrara y que una de ellas era menor.<\/p>\n<p class=\"\">Los hechos ocurrieron el 15 de junio de 2023 en un club de playa de Gran Canaria. Tres canteranos del Real Madrid, ya desvinculados del club, mantuvieron relaciones con las j\u00f3venes: Ferr\u00e1n Ruiz y Juan Rodr\u00edguez Lima con la menor, y Andr\u00e9s Garc\u00eda Alem\u00e1n con la chica de 18. En el lugar hab\u00eda tambi\u00e9n otra mujer de 17 a\u00f1os. Seg\u00fan el relato de la fiscal en un auto al que ha tenido acceso este diario, Ferr\u00e1n empez\u00f3 a grabar sin consentimiento y pas\u00f3 despu\u00e9s el m\u00f3vil a Juan, que continu\u00f3 filmando y fotografiando. Los tres facilitaron luego el material a terceros con el \u00e1nimo de menoscabar la dignidad de la menor y la intimidad de ambas.<\/p>\n<p class=\"\">La defensa de la menor pidi\u00f3 a principios de junio <a href=\"https:\/\/elpais.com\/sociedad\/2025-08-01\/la-fiscalia-pide-2-anos-y-6-meses-de-carcel-a-asencio-por-compartir-una-grabacion-sexual-no-consentida-de-una-menor-y-otra-de-18-anos.html\" target=\"_self\" rel=\"nofollow noopener\" title=\"https:\/\/elpais.com\/sociedad\/2025-08-01\/la-fiscalia-pide-2-anos-y-6-meses-de-carcel-a-asencio-por-compartir-una-grabacion-sexual-no-consentida-de-una-menor-y-otra-de-18-anos.html\">cuatro a\u00f1os de c\u00e1rcel para Asencio<\/a> y la apertura de juicio por revelaci\u00f3n de secretos y pornograf\u00eda infantil contra \u00e9l y contra los tres excanteranos. Para estos, la Fiscal\u00eda solicita cuatro a\u00f1os y siete meses, la prohibici\u00f3n de acercarse a menos de 500 metros del domicilio o el trabajo de las afectadas y 25.000 euros de indemnizaci\u00f3n para cada una de las dos mujeres.<\/p>\n","protected":false},"excerpt":{"rendered":"El defensa del Real Madrid, Ra\u00fal Asencio, ha sido condenado por un delito contra la seguridad vial tras&hellip;\n","protected":false},"author":2,"featured_media":744603,"comment_status":"","ping_status":"","sticky":false,"template":"","format":"standard","meta":{"footnotes":""},"categories":[268],"tags":[16594,1896,168,25,24,280,282,1897,132089,21373,11807,3048,281,23,167,30359,11806,8615],"class_list":["post-744602","post","type-post","status-publish","format-standard","has-post-thumbnail","category-futbol","tag-agresiones-sexuales","tag-canarias","tag-deportes","tag-es","tag-espana","tag-football","tag-futbol","tag-gran-canaria","tag-liga-profesional-de-futbol-lpf","tag-ligas-futbol","tag-raul-asencio","tag-real-madrid","tag-soccer","tag-spain","tag-sports","tag-violencia-digital","tag-violencia-digital-sexual","tag-violencia-genero"],"share_on_mastodon":{"url":"https:\/\/pubeurope.com\/@es\/117203455534825085","error":""},"_links":{"self":[{"href":"https:\/\/www.europesays.com\/es\/wp-json\/wp\/v2\/posts\/744602","targetHints":{"allow":["GET"]}}],"collection":[{"href":"https:\/\/www.europesays.com\/es\/wp-json\/wp\/v2\/posts"}],"about":[{"href":"https:\/\/www.europesays.com\/es\/wp-json\/wp\/v2\/types\/post"}],"author":[{"embeddable":true,"href":"https:\/\/www.europesays.com\/es\/wp-json\/wp\/v2\/users\/2"}],"replies":[{"embeddable":true,"href":"https:\/\/www.europesays.com\/es\/wp-json\/wp\/v2\/comments?post=744602"}],"version-history":[{"count":0,"href":"https:\/\/www.europesays.com\/es\/wp-json\/wp\/v2\/posts\/744602\/revisions"}],"wp:featuredmedia":[{"embeddable":true,"href":"https:\/\/www.europesays.com\/es\/wp-json\/wp\/v2\/media\/744603"}],"wp:attachment":[{"href":"https:\/\/www.europesays.com\/es\/wp-json\/wp\/v2\/media?parent=744602"}],"wp:term":[{"taxonomy":"category","embeddable":true,"href":"https:\/\/www.europesays.com\/es\/wp-json\/wp\/v2\/categories?post=744602"},{"taxonomy":"post_tag","embeddable":true,"href":"https:\/\/www.europesays.com\/es\/wp-json\/wp\/v2\/tags?post=744602"}],"curies":[{"name":"wp","href":"https:\/\/api.w.org\/{rel}","templated":true}]}}