{"id":744620,"date":"2026-09-02T21:09:15","date_gmt":"2026-09-02T21:09:15","guid":{"rendered":"https:\/\/www.europesays.com\/es\/744620\/"},"modified":"2026-09-02T21:09:15","modified_gmt":"2026-09-02T21:09:15","slug":"la-bolsa-espanola-baja-el-023-pendiente-de-oriente-medio-la-deuda-y-el-petroleo","status":"publish","type":"post","link":"https:\/\/www.europesays.com\/es\/744620\/","title":{"rendered":"La Bolsa espa\u00f1ola baja el 0,23 % pendiente de Oriente Medio, la deuda y el petr\u00f3leo"},"content":{"rendered":"<p><img decoding=\"async\" class=\"v-ath__i\" loading=\"lazy\" src=\"https:\/\/www.europesays.com\/es\/wp-content\/uploads\/2026\/09\/1788383355_489_autor-5496-foto-3.jpeg\" alt=\"Agencia EFE\"\/><\/p>\n<p>02\/09\/2026 a las 20:34h.<\/p>\n<p class=\"v-d-p\" style=\"\">Madrid, 2 sep (EFECOM).- La Bolsa espa\u00f1ola ha bajado el 0,23 % este mi\u00e9rcoles y ha perdido el nivel de los 19.800 puntos, en una nueva jornada de la escalada de las tensiones en Oriente Medio en la que ha repuntado el precio del  &#8230; petr\u00f3leo y contin\u00faa la tensi\u00f3n en los mercados de deuda soberana. IM\u00c1GENES: ALTEA TEJIDO<\/p>\n","protected":false},"excerpt":{"rendered":"02\/09\/2026 a las 20:34h. Madrid, 2 sep (EFECOM).- La Bolsa espa\u00f1ola ha bajado el 0,23 % este mi\u00e9rcoles&hellip;\n","protected":false},"author":2,"featured_media":744621,"comment_status":"","ping_status":"","sticky":false,"template":"","format":"standard","meta":{"footnotes":""},"categories":[80],"tags":[132103,6814,2300,82,19065,95,94,25,24,2501,697,2954,18234,1195,23],"class_list":["post-744620","post","type-post","status-publish","format-standard","has-post-thumbnail","category-economia","tag-132103","tag-baja","tag-bolsa","tag-business","tag-deuda","tag-economia","tag-economy","tag-es","tag-espana","tag-espanola","tag-medio","tag-oriente","tag-pendiente","tag-petroleo","tag-spain"],"share_on_mastodon":{"url":"https:\/\/pubeurope.com\/@es\/117203499881221033","error":""},"_links":{"self":[{"href":"https:\/\/www.europesays.com\/es\/wp-json\/wp\/v2\/posts\/744620","targetHints":{"allow":["GET"]}}],"collection":[{"href":"https:\/\/www.europesays.com\/es\/wp-json\/wp\/v2\/posts"}],"about":[{"href":"https:\/\/www.europesays.com\/es\/wp-json\/wp\/v2\/types\/post"}],"author":[{"embeddable":true,"href":"https:\/\/www.europesays.com\/es\/wp-json\/wp\/v2\/users\/2"}],"replies":[{"embeddable":true,"href":"https:\/\/www.europesays.com\/es\/wp-json\/wp\/v2\/comments?post=744620"}],"version-history":[{"count":0,"href":"https:\/\/www.europesays.com\/es\/wp-json\/wp\/v2\/posts\/744620\/revisions"}],"wp:featuredmedia":[{"embeddable":true,"href":"https:\/\/www.europesays.com\/es\/wp-json\/wp\/v2\/media\/744621"}],"wp:attachment":[{"href":"https:\/\/www.europesays.com\/es\/wp-json\/wp\/v2\/media?parent=744620"}],"wp:term":[{"taxonomy":"category","embeddable":true,"href":"https:\/\/www.europesays.com\/es\/wp-json\/wp\/v2\/categories?post=744620"},{"taxonomy":"post_tag","embeddable":true,"href":"https:\/\/www.europesays.com\/es\/wp-json\/wp\/v2\/tags?post=744620"}],"curies":[{"name":"wp","href":"https:\/\/api.w.org\/{rel}","templated":true}]}}