{"id":744624,"date":"2026-09-02T21:11:16","date_gmt":"2026-09-02T21:11:16","guid":{"rendered":"https:\/\/www.europesays.com\/es\/744624\/"},"modified":"2026-09-02T21:11:16","modified_gmt":"2026-09-02T21:11:16","slug":"feijoo-y-abascal-unen-fuerzas-en-la-protesta-por-ceuta-y-acusan-a-sanchez-de-mentir-a-los-espanoles-es-un-traidor-espana","status":"publish","type":"post","link":"https:\/\/www.europesays.com\/es\/744624\/","title":{"rendered":"Feij\u00f3o y Abascal unen fuerzas en la protesta por Ceuta y acusan a S\u00e1nchez de \u201cmentir\u201d a los espa\u00f1oles: \u201cEs un traidor\u201d | Espa\u00f1a"},"content":{"rendered":"<p class=\"\">Entre gritos de \u201c\u00a1Pedro S\u00e1nchez, a prisi\u00f3n!\u201d e \u201c\u00a1Invasores, expulsi\u00f3n!\u201c, varios miles de personas \u201550.000, seg\u00fan la Delegaci\u00f3n de Gobierno\u2015 <a href=\"https:\/\/elpais.com\/videos\/2026-09-02\/miles-de-personas-se-movilizan-en-madrid-por-ceuta-lo-que-ocurre-alli-puede-suceder-en-cualquier-ciudad-de-espana.html?autoplay=1\" target=\"_self\" rel=\"nofollow noopener\" title=\"https:\/\/elpais.com\/videos\/2026-09-02\/miles-de-personas-se-movilizan-en-madrid-por-ceuta-lo-que-ocurre-alli-puede-suceder-en-cualquier-ciudad-de-espana.html?autoplay=1\">se concentraron este mi\u00e9rcoles a \u00faltima hora de la tarde frente al Ayuntamiento de Madrid<\/a> convocadas formalmente para dar su respaldo a Ceuta tras la crisis por la entrada masiva de inmigrantes a finales de julio. Pronto se vio en la protesta de la capital que no se trataba solo de apoyar a los ceut\u00edes, sino de manifestarse en contra del presidente del Gobierno, al que los concentrados dirigieron su ira por lo sucedido, coreando \u201c\u00a1Pedro S\u00e1nchez, hijo de puta!\u201d y pidiendo que se le encarcele. La Federaci\u00f3n de Municipios y Provincias (FEMP), que controla el PP, hab\u00eda convocado concentraciones en todo el pa\u00eds, en las que la derecha tambi\u00e9n demostr\u00f3 capacidad de convocatoria movilizando a decenas de miles de personas \u2015unas 25.000 en Valencia, 10.000 en Badalona o 20.000 en la propia Ceuta, seg\u00fan las delegaciones del Gobierno correspondientes\u2015. Alberto N\u00fa\u00f1ez Feij\u00f3o y Santiago Abascal, l\u00edderes del PP y Vox, que asistieron juntos pero sin coincidir a la protesta de Madrid, endurecieron su ofensiva contra el presidente del Gobierno, acus\u00e1ndolo de \u201cmentir\u201d a los espa\u00f1oles y de ser un \u201clacayo\u201d de Marruecos y \u201cun traidor\u201d a Espa\u00f1a. <\/p>\n<p class=\"\">La protesta de Madrid, la m\u00e1s multitudinaria, comenz\u00f3 con algunos incidentes con periodistas que cubr\u00edan la concentraci\u00f3n, increpados por varios manifestantes, y termin\u00f3 asimismo con episodios de tensi\u00f3n, con la polic\u00eda teniendo que dispersar con gases lacrim\u00f3genos y pelotas de goma a un grupo de unos cientos de personas que, despu\u00e9s de Cibeles, continuaron su marcha hasta el Congreso entre gritos de \u201c\u00a1Viva Espa\u00f1a!\u201d y \u201c\u00a1Ceuta no se vende!\u201d. Los antidisturbios de la Polic\u00eda Nacional tuvieron que interponerse tambi\u00e9n entre un grupo con banderas de Espa\u00f1a, procedente de la concentraci\u00f3n de Cibeles, y otro que secund\u00f3 una marcha antirracista en la que participaron las dirigentes de Podemos Irene Montero, Ione Belarra. En la concentraci\u00f3n de Valencia, algunos manifestantes quemaron im\u00e1genes de Pedro S\u00e1nchez y del rey de Marruecos entre gritos contra los musulmanes: \u201cEspa\u00f1a, cristiana, no musulmana\u201d, \u201cMusulm\u00e1n quien no vote\u201d o \u201cLo s\u00e9, Pedro, tu novio es Mohamed\u201d. <\/p>\n<p><img alt=\"\" decoding=\"auto\" class=\"_re lazyload a_m-h\" height=\"276\"  width=\"414\"  src=\"https:\/\/www.europesays.com\/es\/wp-content\/uploads\/2026\/09\/7SOGIXYDARBFNB4XLNGBMQLOZU.JPG\" loading=\"lazy\" fetchpriority=\"low\"\/>El l\u00edder del PP, Alberto N\u00fa\u00f1ez Feij\u00f3o, junto al alcalde de Madrid, Jos\u00e9 Luis Mart\u00ednez Almeida, y la presidenta de la Comunidad de Madrid, Isabel D\u00edaz Ayuso, asisten a la manifestaci\u00f3n con motivo del D\u00eda de Ceuta, este mi\u00e9rcoles en Madrid.Claudio \u00c1lvarez<\/p>\n<p class=\"\">Aunque participaron en la misma protesta, Feij\u00f3o y Abascal evitaron saludarse y coincidir en el mismo espacio. El l\u00edder de Vox, que lleg\u00f3 el primero a las inmediaciones del Ayuntamiento de Madrid entre gritos de \u201c\u00a1presidente, presidente!\u201c, se march\u00f3 poco despu\u00e9s de hablar ante los medios de comunicaci\u00f3n entre una mel\u00e9 de simpatizantes con carteles en los que se le\u00eda \u201dNo a la invasi\u00f3n. Defiende Ceuta. Defiende Espa\u00f1a\u00bb. Abascal fue as\u00ed el primero en disparar contra S\u00e1nchez, a quien retrat\u00f3 como un presidente servil ante Marruecos y pidi\u00f3 que se le juzgue por traici\u00f3n. \u201cEstamos en manos de un Gobierno lacayo que act\u00faa al servicio de un Gobierno extranjero. Estamos en manos de un traidor que sirve a los intereses de los enemigos de Espa\u00f1a desde el minuto uno en que fue elegido\u201d, lanz\u00f3 el l\u00edder de Vox. <\/p>\n<p class=\"\">Abascal sostuvo que \u201cla permanencia de Pedro S\u00e1nchez en el poder es una aut\u00e9ntica amenaza no solo para el sistema democr\u00e1tico, para unas elecciones libres\u201d, sino tambi\u00e9n \u201cpara la soberan\u00eda nacional, hoy en manos de gobiernos extranjeros, y para la integridad territorial de Espa\u00f1a, amenazada muy especialmente en Ceuta y Melilla por los amos de Pedro S\u00e1nchez\u201d. Y volvi\u00f3 a reclamar que el l\u00edder socialista sea juzgado por traici\u00f3n, ya que \u201cla invasi\u00f3n [a Ceuta] es parte de la guerra h\u00edbrida que promueve Marruecos contra Espa\u00f1a con el aliento, con la ayuda, con la complicidad y con el silencio en este momento del presidente del gobierno de Espa\u00f1a, que es un traidor\u201d. <\/p>\n<p class=\"\">Feij\u00f3o lleg\u00f3 despu\u00e9s, acompa\u00f1ado del alcalde de Madrid, Jos\u00e9 Luis Mart\u00ednez Almeida, y de la presidenta de la Comunidad de Madrid, Isabel D\u00edaz Ayuso, procedente de Ceuta, donde hab\u00eda estado por la ma\u00f1ana junto al presidente ceut\u00ed. Solo el alcalde de la capital y su equipo de Gobierno subieron al escenario que hab\u00eda situado el Ayuntamiento frente a la Plaza de Cibeles, desde donde Almeida ley\u00f3 un manifiesto de la Federaci\u00f3n de Municipios y Provincias de respaldo a Ceuta. \u201cCeuta no est\u00e1 sola. Ceuta: eres y ser\u00e1s siempre Espa\u00f1a\u201d, ley\u00f3 Almeida en tono institucional, mientras los manifestantes ped\u00edan m\u00e1s ca\u00f1a y le interrump\u00edan con c\u00e1nticos contra S\u00e1nchez y de \u201c\u00a1Queremos votar!\u201c. <\/p>\n<p><img alt=\"\" decoding=\"auto\" class=\"_re lazyload a_m-h\" height=\"276\"  width=\"414\"  src=\"https:\/\/www.europesays.com\/es\/wp-content\/uploads\/2026\/09\/EZNIXEJSRVEBBFCLPWCPMC7YL4.jpg\" loading=\"lazy\" fetchpriority=\"low\"\/>Asistentes a la manifestaci\u00f3n en Ceuta, este mi\u00e9rcoles.Javier Hern\u00e1ndez<\/p>\n<p class=\"\">Feij\u00f3o no habl\u00f3 en el acto, pero se acerc\u00f3 despu\u00e9s hacia los periodistas y lanz\u00f3 tambi\u00e9n una impugnaci\u00f3n frontal contra S\u00e1nchez. \u201cUna ciudad espa\u00f1ola ha sido invadida, ha sido ocupada, y lo ha sido lamentablemente con el conocimiento del Gobierno de Espa\u00f1a\u201d, sostuvo el l\u00edder del PP. \u201cSe va a saber por qu\u00e9 invadieron Ceuta, se va a saber qui\u00e9n lo consinti\u00f3, se va a saber qui\u00e9n lo promovi\u00f3 y, por supuesto, ya sabemos qui\u00e9n nos minti\u00f3. Y quien nos minti\u00f3, con los informes de la polic\u00eda en la mano, ha sido todo el Consejo de Ministros y el presidente del gobierno. Es un hecho sin precedentes en nuestra historia. Y es un hecho sin precedentes tener un Gobierno que le ha mentido a todos los ciudadanos en algo tan fundamental como es nuestra integridad y nuestra soberan\u00eda\u201d. <\/p>\n<p class=\"\">Aunque evitaron la foto conjunta, los dos l\u00edderes de la derecha unieron fuerzas y exhibieron una unidad de acci\u00f3n que hac\u00eda tiempo que no mostraban contra la izquierda, pese a que a la vez compiten entre s\u00ed por capitalizar el malestar social por la crisis. <\/p>\n<p>Fotogaler\u00eda<\/p>\n<p class=\"\">Las derechas han conseguido una demostraci\u00f3n de fuerza en las calles por la crisis de Ceuta con la que elevan la presi\u00f3n contra el Gobierno, que llega ya en una situaci\u00f3n muy delicada a la comparecencia del presidente de este jueves en el Congreso, tras la pol\u00e9mica por el informe que la Polic\u00eda Nacional ha entregado a la juez y que apunta, seg\u00fan lo publicado, a que agentes marroqu\u00edes dirigieron la entrada masiva de personas a Ceuta con un objetivo distinto al migratorio. Ese informe dio al Partido Popular la munici\u00f3n perfecta para insistir en el mensaje que llevaba lanzando desde hace d\u00edas: que el Ejecutivo s\u00ed sab\u00eda lo que iba a pasar el 30 de julio y que ha tratado de ocultar que Rabat estaba detr\u00e1s del incidente. \u201cEl Gobierno lo sab\u00eda y lo tap\u00f3. Nos ha mentido a la cara. Ocultando las advertencias e ignor\u00e1ndolas\u201d, acus\u00f3 por la ma\u00f1ana a La Moncloa el l\u00edder del PP desde Ceuta, en su tercera visita desde el comienzo de la crisis. El jefe de los populares responsabiliz\u00f3 a Marruecos de haber \u201ccoordinado\u201d la operaci\u00f3n de entrada de entre 70.000 y 80.000 personas a la ciudad aut\u00f3noma, y reclam\u00f3 que se eleve la hostilidad con el pa\u00eds vecino convocando a la embajadora de Marruecos en Espa\u00f1a y llamando a consultas al embajador espa\u00f1ol en el reino alau\u00ed. <\/p>\n<p class=\"\">Los populares trataron de presentar las movilizaciones como \u201capartidistas\u201d y exclusivamente de apoyo a Ceuta, con el objetivo de agitar las contradicciones de los alcaldes del PSOE, despu\u00e9s de que Ferraz instara a sus federaciones a no participar por su \u201cinstrumentalizaci\u00f3n\u201d contra el Gobierno, pero Vox dej\u00f3 claro desde el principio que su prop\u00f3sito en las protestas era manifestarse \u201ccontra el Gobierno criminal\u201d. En los c\u00e1nticos y en las pancartas de quienes se concentraron en Cibeles estaba claro tambi\u00e9n que, aunque presentada inicialmente como una movilizaci\u00f3n sin siglas ni ideolog\u00edas, la protesta hab\u00eda concitado el respaldo sobre todo de la derecha. PP y Vox calentaron adem\u00e1s la convocatoria acusando al Gobierno de pretender \u201cboicotearla\u201d porque la Delegaci\u00f3n del Gobierno hab\u00eda reprochado al Ayuntamiento de Madrid un defecto formal en su comunicaci\u00f3n de la protesta, pero dejando claro que podr\u00eda celebrarse. Feij\u00f3o insisti\u00f3 hasta el final en que el Ejecutivo hab\u00eda intentado torpedearla, pese a que se celebr\u00f3 con normalidad.<\/p>\n<p><img alt=\"\" decoding=\"auto\" class=\"_re lazyload a_m-h\" height=\"277\"  width=\"414\"  src=\"https:\/\/www.europesays.com\/es\/wp-content\/uploads\/2026\/09\/LS44QLCYKZDJDKUYFGSSK2KNMU.JPG\" loading=\"lazy\" fetchpriority=\"low\"\/>Varias personas queman una bandera durante la concentraci\u00f3n de Valencia, este mi\u00e9rcoles.M\u00f2nica Torres<\/p>\n<p class=\"\">Los populares y la extrema derecha han coincidido en un frente com\u00fan que no se reeditaba desde las manifestaciones contra la ley de la amnist\u00eda en 2023. Desde hac\u00eda tres a\u00f1os que ambos partidos no hab\u00edan encontrado un elemento aglutinador como el de Ceuta para sumar fuerzas con el objetivo com\u00fan de derribar al Gobierno de S\u00e1nchez cuanto antes. Feij\u00f3o y Abascal pugnan al mismo tiempo por un mismo electorado y por capitalizar el malestar que ha provocado la crisis. G\u00e9nova cree que hasta ahora ha conseguido llevar la voz cantante sobre los de Abascal, pero en el PP <a href=\"https:\/\/elpais.com\/espana\/2026-08-30\/feijoo-abre-el-curso-politico-con-ceuta-como-arma-de-desgaste-contra-sanchez.html\" target=\"_self\" rel=\"nofollow noopener\" title=\"https:\/\/elpais.com\/espana\/2026-08-30\/feijoo-abre-el-curso-politico-con-ceuta-como-arma-de-desgaste-contra-sanchez.html\">hay voces que alertan de que dirigir el debate pol\u00edtico hacia la inmigraci\u00f3n y crispar el ambiente solo va a terminar beneficiando a la extrema derecha. <\/a><\/p>\n","protected":false},"excerpt":{"rendered":"Entre gritos de \u201c\u00a1Pedro S\u00e1nchez, a prisi\u00f3n!\u201d e \u201c\u00a1Invasores, expulsi\u00f3n!\u201c, varios miles de personas \u201550.000, seg\u00fan la Delegaci\u00f3n&hellip;\n","protected":false},"author":2,"featured_media":744625,"comment_status":"","ping_status":"","sticky":false,"template":"","format":"standard","meta":{"footnotes":""},"categories":[8],"tags":[6069,17,18,4486,894,25,24,13,14,11,19,20,65727,9,10,15,16,956,6914,23,12,21,22,624],"class_list":["post-744624","post","type-post","status-publish","format-standard","has-post-thumbnail","category-espana","tag-alberto-nunez-feijoo","tag-breaking-news","tag-breakingnews","tag-ceuta","tag-crisis-migratoria","tag-es","tag-espana","tag-featured-news","tag-featurednews","tag-headlines","tag-latest-news","tag-latestnews","tag-manifestaciones-politicas","tag-news","tag-noticias","tag-noticias-destacadas","tag-noticiasdestacadas","tag-pp","tag-santiago-abascal","tag-spain","tag-titulares","tag-ultimas-noticias","tag-ultimasnoticias","tag-vox"],"share_on_mastodon":{"url":"https:\/\/pubeurope.com\/@es\/117203507155035915","error":""},"_links":{"self":[{"href":"https:\/\/www.europesays.com\/es\/wp-json\/wp\/v2\/posts\/744624","targetHints":{"allow":["GET"]}}],"collection":[{"href":"https:\/\/www.europesays.com\/es\/wp-json\/wp\/v2\/posts"}],"about":[{"href":"https:\/\/www.europesays.com\/es\/wp-json\/wp\/v2\/types\/post"}],"author":[{"embeddable":true,"href":"https:\/\/www.europesays.com\/es\/wp-json\/wp\/v2\/users\/2"}],"replies":[{"embeddable":true,"href":"https:\/\/www.europesays.com\/es\/wp-json\/wp\/v2\/comments?post=744624"}],"version-history":[{"count":0,"href":"https:\/\/www.europesays.com\/es\/wp-json\/wp\/v2\/posts\/744624\/revisions"}],"wp:featuredmedia":[{"embeddable":true,"href":"https:\/\/www.europesays.com\/es\/wp-json\/wp\/v2\/media\/744625"}],"wp:attachment":[{"href":"https:\/\/www.europesays.com\/es\/wp-json\/wp\/v2\/media?parent=744624"}],"wp:term":[{"taxonomy":"category","embeddable":true,"href":"https:\/\/www.europesays.com\/es\/wp-json\/wp\/v2\/categories?post=744624"},{"taxonomy":"post_tag","embeddable":true,"href":"https:\/\/www.europesays.com\/es\/wp-json\/wp\/v2\/tags?post=744624"}],"curies":[{"name":"wp","href":"https:\/\/api.w.org\/{rel}","templated":true}]}}