{"id":744626,"date":"2026-09-02T21:12:10","date_gmt":"2026-09-02T21:12:10","guid":{"rendered":"https:\/\/www.europesays.com\/es\/744626\/"},"modified":"2026-09-02T21:12:10","modified_gmt":"2026-09-02T21:12:10","slug":"javier-iglesias-dejara-la-diputacion-de-salamanca-para-ser-senador-autonomico-por-castilla-y-leon","status":"publish","type":"post","link":"https:\/\/www.europesays.com\/es\/744626\/","title":{"rendered":"Javier Iglesias dejar\u00e1 la Diputaci\u00f3n de Salamanca para ser senador auton\u00f3mico por Castilla y Le\u00f3n"},"content":{"rendered":"<p class=\"isSelectedEnd\">El hasta ahora presidente de la Diputaci\u00f3n de Salamanca, <strong>Javier Iglesias<\/strong>, dejar\u00e1 la Presidencia de la instituci\u00f3n provincial para convertirse en senador por designaci\u00f3n auton\u00f3mica a propuesta del Grupo Popular en las Cortes de Castilla y Le\u00f3n.<\/p>\n<p class=\"isSelectedEnd\">El Partido Popular ha confirmado ambas propuestas, que deber\u00e1n ser sometidas al pleno de las Cortes de Castilla y Le\u00f3n previsto para los pr\u00f3ximos <strong>10 y 11 de septiembre<\/strong>. Junto a Iglesias, los populares mantendr\u00e1n como representante en la C\u00e1mara Alta a <strong>Javier Maroto<\/strong>, que repetir\u00e1 como senador auton\u00f3mico.<\/p>\n<p class=\"isSelectedEnd\">La decisi\u00f3n supone, adem\u00e1s, la salida de <strong>Vidal Galicia<\/strong> de la n\u00f3mina de senadores auton\u00f3micos del PP. Galicia fue propuesto y elegido por los populares para ocupar este puesto durante la anterior legislatura.<\/p>\n<p class=\"isSelectedEnd\">El PP ha defendido la elecci\u00f3n de Iglesias y Maroto como la de dos \u00abperfiles de amplia y contrastada trayectoria institucional\u00bb. La portavoz del Grupo Popular en las Cortes, <strong>Leticia Garc\u00eda<\/strong>, ha asegurado que ambos cuentan con una \u00abacreditada y sobrada experiencia institucional\u00bb, adem\u00e1s de conocer \u00abbien esta tierra y sus instituciones\u00bb, por lo que, a su juicio, podr\u00e1n defender \u00abcon solvencia y con voz firme los intereses de Castilla y Le\u00f3n en el Senado\u00bb.<\/p>\n<p>Iglesias pone fin a 15 a\u00f1os al frente de la Diputaci\u00f3n<\/p>\n<p class=\"isSelectedEnd\">Con su designaci\u00f3n como senador, Javier Iglesias pondr\u00e1 fin a una etapa de <strong>15 a\u00f1os al frente de la Diputaci\u00f3n Provincial de Salamanca<\/strong>, instituci\u00f3n que preside desde 2011.<\/p>\n<p class=\"isSelectedEnd\">Su trayectoria pol\u00edtica institucional comenz\u00f3 mucho antes. Iglesias fue <strong>alcalde de Ciudad Rodrigo entre 1995 y 2015<\/strong>, periodo durante el cual lleg\u00f3 a compatibilizar esta responsabilidad con la Presidencia de la Diputaci\u00f3n durante uno de los mandatos.<\/p>\n<p class=\"isSelectedEnd\">A lo largo de su carrera tambi\u00e9n ha desempe\u00f1ado otros cargos p\u00fablicos, entre ellos los de <strong>concejal del Ayuntamiento de Salamanca, procurador en las Cortes de Castilla y Le\u00f3n, diputado nacional y senador<\/strong> en distintas legislaturas.<\/p>\n<p class=\"isSelectedEnd\">Dentro de la estructura org\u00e1nica del Partido Popular, Iglesias ejerci\u00f3 como <strong>presidente provincial entre 2008 y 2022<\/strong>.<\/p>\n<p class=\"isSelectedEnd\">El futuro senador es <strong>licenciado en Econ\u00f3micas y Empresariales por la Universidad de Salamanca<\/strong>.<\/p>\n<p>Maroto continuar\u00e1 como senador auton\u00f3mico<\/p>\n<p class=\"isSelectedEnd\">Por su parte, Javier Maroto continuar\u00e1 representando a Castilla y Le\u00f3n en el Senado por designaci\u00f3n auton\u00f3mica. Maroto lleg\u00f3 a ocupar la <strong>portavoc\u00eda del Partido Popular en el Senado<\/strong>.<\/p>\n<p class=\"isSelectedEnd\">Su designaci\u00f3n como senador auton\u00f3mico en anteriores legislaturas estuvo acompa\u00f1ada de pol\u00e9mica debido a su empadronamiento en el municipio segoviano de <strong>Sotosalbos<\/strong>. Este tr\u00e1mite fue necesario para cumplir la normativa auton\u00f3mica, que establece que los senadores designados por las Cortes de Castilla y Le\u00f3n deben estar empadronados en el territorio de la comunidad.<\/p>\n<p class=\"isSelectedEnd\">Con la nueva propuesta, Maroto mantendr\u00e1 su puesto en la C\u00e1mara Alta durante la pr\u00f3xima legislatura.<\/p>\n<p>Las dos candidaturas deber\u00e1n ser formalizadas y votadas en el pleno de las Cortes de Castilla y Le\u00f3n de los pr\u00f3ximos <strong>10 y 11 de septiembre<\/strong>, momento en el que se concretar\u00e1 la nueva representaci\u00f3n auton\u00f3mica del PP en el Senado.<\/p>\n","protected":false},"excerpt":{"rendered":"El hasta ahora presidente de la Diputaci\u00f3n de Salamanca, Javier Iglesias, dejar\u00e1 la Presidencia de la instituci\u00f3n provincial&hellip;\n","protected":false},"author":2,"featured_media":744627,"comment_status":"","ping_status":"","sticky":false,"template":"","format":"standard","meta":{"footnotes":""},"categories":[5],"tags":[17,18,25,24,13,14,11,19,20,9,10,15,16,23,12,21,22],"class_list":["post-744626","post","type-post","status-publish","format-standard","has-post-thumbnail","category-titulares","tag-breaking-news","tag-breakingnews","tag-es","tag-espana","tag-featured-news","tag-featurednews","tag-headlines","tag-latest-news","tag-latestnews","tag-news","tag-noticias","tag-noticias-destacadas","tag-noticiasdestacadas","tag-spain","tag-titulares","tag-ultimas-noticias","tag-ultimasnoticias"],"share_on_mastodon":{"url":"","error":""},"_links":{"self":[{"href":"https:\/\/www.europesays.com\/es\/wp-json\/wp\/v2\/posts\/744626","targetHints":{"allow":["GET"]}}],"collection":[{"href":"https:\/\/www.europesays.com\/es\/wp-json\/wp\/v2\/posts"}],"about":[{"href":"https:\/\/www.europesays.com\/es\/wp-json\/wp\/v2\/types\/post"}],"author":[{"embeddable":true,"href":"https:\/\/www.europesays.com\/es\/wp-json\/wp\/v2\/users\/2"}],"replies":[{"embeddable":true,"href":"https:\/\/www.europesays.com\/es\/wp-json\/wp\/v2\/comments?post=744626"}],"version-history":[{"count":0,"href":"https:\/\/www.europesays.com\/es\/wp-json\/wp\/v2\/posts\/744626\/revisions"}],"wp:featuredmedia":[{"embeddable":true,"href":"https:\/\/www.europesays.com\/es\/wp-json\/wp\/v2\/media\/744627"}],"wp:attachment":[{"href":"https:\/\/www.europesays.com\/es\/wp-json\/wp\/v2\/media?parent=744626"}],"wp:term":[{"taxonomy":"category","embeddable":true,"href":"https:\/\/www.europesays.com\/es\/wp-json\/wp\/v2\/categories?post=744626"},{"taxonomy":"post_tag","embeddable":true,"href":"https:\/\/www.europesays.com\/es\/wp-json\/wp\/v2\/tags?post=744626"}],"curies":[{"name":"wp","href":"https:\/\/api.w.org\/{rel}","templated":true}]}}