{"id":744630,"date":"2026-09-02T21:18:16","date_gmt":"2026-09-02T21:18:16","guid":{"rendered":"https:\/\/www.europesays.com\/es\/744630\/"},"modified":"2026-09-02T21:18:16","modified_gmt":"2026-09-02T21:18:16","slug":"pogacar-recibe-el-alta-hospitalaria-y-regresa-a-casa","status":"publish","type":"post","link":"https:\/\/www.europesays.com\/es\/744630\/","title":{"rendered":"Pogacar recibe el alta hospitalaria y regresa a casa"},"content":{"rendered":"<p>\n        Despu\u00e9s de que el pulso se le parara a la Vuelta el pasado s\u00e1bado con la dura ca\u00edda y el posterior abandono de <strong>Tadej Pogacar,<\/strong> la carrera trata de enfocarse en una nueva competici\u00f3n, de la que <strong>Enric Mas <\/strong>es l\u00edder.\n<\/p>\n<p class=\"article-body__text \">\n        El foco, en cualquier caso, no abandona al esloveno, el mejor ciclista del mundo, el hombre que esta marcando una era estrafalaria.\n<\/p>\n<p class=\"article-body__text \">\n        Operado<strong> el lunes con \u00e9xito <\/strong>de la fractura de la clav\u00edcula izquierda por <strong>Xavier Mir,<\/strong> un eminente especialista en traumatolog\u00eda, el esloveno recibi\u00f3 el alta m\u00e9dica este mi\u00e9rcoles para abandonar el hospital en el que fue ingresado.\n<\/p>\n<p class=\"article-body__text \">\n        A partir de este instante, Pogacar regresa a su residencia en <strong>M\u00f3naco <\/strong>para comenzar el proceso de rehabilitaci\u00f3n tras la cirug\u00eda a la que fue sometido y en la que le atornillaron una placa para fijar la clav\u00edcula fracturada.\n<\/p>\n<p class=\"article-photo__footer\">\n            Pogacar, tras la ca\u00edda del pasado s\u00e1bado.            Teledeporte        <\/p>\n<p class=\"article-body__text \">\n        La rotura de la v\u00e9rtebra c7 deber\u00e1 soldarse sola al no detectarse desplazamiento. Con ese diagn\u00f3stico, el esloveno deber\u00e1 evaluar junto a los doctores y los rectores del UAE si merece la pena forzar para estar en la salida del<strong> Mundial de Montreal, que est\u00e1 fijado para el 27 de septiembre.<\/strong>\n<\/p>\n<p>            <a href=\"https:\/\/www.deia.eus\/la-vuelta\/2026\/08\/30\/incognita-pogacar-11483992.html\" title=\"La inc\u00f3gnita Pogacar\" class=\"new__media\" rel=\"nofollow noopener\" target=\"_blank\"><\/p>\n<p>                <img alt=\"La inc\u00f3gnita Pogacar\" data-src=\"https:\/\/www.europesays.com\/es\/wp-content\/uploads\/2026\/09\/1788383896_713_3ff5480b-47f7-4ae7-9878-a463a72ffc56_16-9-aspect-ratio_default_0.jpg\" class=\"lozad\"\/><\/p>\n<p>        <\/a><\/p>\n<p>        <a href=\"https:\/\/www.deia.eus\/la-vuelta\/2026\/08\/30\/incognita-pogacar-11483992.html\" title=\"La inc\u00f3gnita Pogacar\" class=\"new__headline\" rel=\"nofollow noopener\" target=\"_blank\"><br \/>\n            La inc\u00f3gnita Pogacar<br \/>\n        <\/a><\/p>\n<p class=\"article-body__text \">\n        En los pr\u00f3ximos d\u00edas, una vez que inicie su recuperaci\u00f3n en el rodillo, el ciclista conocer\u00e1 cu\u00e1l es su estado de forma exacto para poder encarar el final de curso, que de momento es una inc\u00f3gnita por resolver.\n<\/p>\n<p class=\"article-body__text \">\n        Adem\u00e1s de la cita mundialista, <strong>Pogacar <\/strong>ten\u00eda la intenci\u00f3n de participar en el <strong>Europeo<\/strong>, que se disputar\u00e1 el 4 de octubre en <strong>Eslovenia<\/strong>, su pa\u00eds, y en <strong>Il Lombardia<\/strong>, el 10 de octubre.<\/p>\n","protected":false},"excerpt":{"rendered":"Despu\u00e9s de que el pulso se le parara a la Vuelta el pasado s\u00e1bado con la dura ca\u00edda&hellip;\n","protected":false},"author":2,"featured_media":744631,"comment_status":"","ping_status":"","sticky":false,"template":"","format":"standard","meta":{"footnotes":""},"categories":[273],"tags":[5593,313,312,168,25,24,35238,549,3684,2902,23,167],"class_list":["post-744630","post","type-post","status-publish","format-standard","has-post-thumbnail","category-ciclismo","tag-alta","tag-ciclismo","tag-cycling","tag-deportes","tag-es","tag-espana","tag-hospitalaria","tag-pogacar","tag-recibe","tag-regresa","tag-spain","tag-sports"],"share_on_mastodon":{"url":"https:\/\/pubeurope.com\/@es\/117203534276930306","error":""},"_links":{"self":[{"href":"https:\/\/www.europesays.com\/es\/wp-json\/wp\/v2\/posts\/744630","targetHints":{"allow":["GET"]}}],"collection":[{"href":"https:\/\/www.europesays.com\/es\/wp-json\/wp\/v2\/posts"}],"about":[{"href":"https:\/\/www.europesays.com\/es\/wp-json\/wp\/v2\/types\/post"}],"author":[{"embeddable":true,"href":"https:\/\/www.europesays.com\/es\/wp-json\/wp\/v2\/users\/2"}],"replies":[{"embeddable":true,"href":"https:\/\/www.europesays.com\/es\/wp-json\/wp\/v2\/comments?post=744630"}],"version-history":[{"count":0,"href":"https:\/\/www.europesays.com\/es\/wp-json\/wp\/v2\/posts\/744630\/revisions"}],"wp:featuredmedia":[{"embeddable":true,"href":"https:\/\/www.europesays.com\/es\/wp-json\/wp\/v2\/media\/744631"}],"wp:attachment":[{"href":"https:\/\/www.europesays.com\/es\/wp-json\/wp\/v2\/media?parent=744630"}],"wp:term":[{"taxonomy":"category","embeddable":true,"href":"https:\/\/www.europesays.com\/es\/wp-json\/wp\/v2\/categories?post=744630"},{"taxonomy":"post_tag","embeddable":true,"href":"https:\/\/www.europesays.com\/es\/wp-json\/wp\/v2\/tags?post=744630"}],"curies":[{"name":"wp","href":"https:\/\/api.w.org\/{rel}","templated":true}]}}