{"id":744632,"date":"2026-09-02T21:20:28","date_gmt":"2026-09-02T21:20:28","guid":{"rendered":"https:\/\/www.europesays.com\/es\/744632\/"},"modified":"2026-09-02T21:20:28","modified_gmt":"2026-09-02T21:20:28","slug":"baloncesto-el-as-monaco-se-queda-fuera-de-la-eurocup","status":"publish","type":"post","link":"https:\/\/www.europesays.com\/es\/744632\/","title":{"rendered":"Baloncesto: El AS Monaco se queda fuera de la EuroCup"},"content":{"rendered":"<p class=\"ft-text\">La<strong> Euroliga de Baloncesto<\/strong> confirm\u00f3 este martes que el <a class=\"ft-link ft-link--decoration\" href=\"https:\/\/www.superdeporte.es\/valencia-basket\/2026\/06\/19\/cambio-vista-euroliga-importante-equipo-131614201.html\" target=\"_blank\" rel=\"nofollow noopener\"><strong>AS Monaco no participar\u00e1 en la EuroCup <\/strong><\/a><strong>y ser\u00e1 sustituido por el BOSNA BH Telecom Sarajevo bosnio <\/strong>debido a su \u00abinhabilitaci\u00f3n para participar en la competici\u00f3n\u00bb, ya que el club monegasco, en serios problemas financieros, \u00abno pudo cumplir con los requisitos establecidos en el reglamento oficial\u00bb de la competici\u00f3n europea.<\/p>\n<p class=\"ft-text\">El AS M\u00f3naco, <strong>subcampe\u00f3n de la Euroliga en la temporada 2024-2025<\/strong>, atraviesa una<strong> grave crisis econ\u00f3mica<\/strong> que ha provocado incluso que haya sido <strong>descendido a la liga nacional en Francia<\/strong>, aunque la pasada semana asegur\u00f3 que \u00abha tomado las medidas necesarias para saldar sus deudas hist\u00f3ricas con proveedores y terceros\u00bb y que ha logrado enderezar sus delicadas cuentas.<\/p>\n<p>El sustituto<\/p>\n<p class=\"ft-text\">El <strong>BOSNA BH Telecom Sarajevo bosnio<\/strong> quedar\u00e1 encuadrado en el <strong>Grupo D <\/strong>junto al Kids&amp;Us Manresa espa\u00f1ol, el Bahcesehir College Istanbul turco, el Balkan Botevgrad b\u00falgaro, el Lietkabelis Panevezys lituano, el PAOK Thessaloniki griego, el ratiopharm ulm alem\u00e1n y el Roma Basketball italiano, en lo que ser\u00e1 su retorno a esta competici\u00f3n tras su \u00fanica participaci\u00f3n en la temporada 2007-2008.<\/p>\n<p class=\"ft-text\">Durante esa campa\u00f1a, el BOSNA disput\u00f3 el partido m\u00e1s largo en la historia de la EuroCup, cayendo ante el ALBA Berl\u00edn alem\u00e1n por 141-127 tras cinco pr\u00f3rrogas el 4 de diciembre de 2007. En las rondas eliminatorias, fue eliminado por el Gran Canaria espa\u00f1ol en los dieciseisavos de final.<\/p>\n","protected":false},"excerpt":{"rendered":"La Euroliga de Baloncesto confirm\u00f3 este martes que el AS Monaco no participar\u00e1 en la EuroCup y ser\u00e1&hellip;\n","protected":false},"author":2,"featured_media":744633,"comment_status":"","ping_status":"","sticky":false,"template":"","format":"standard","meta":{"footnotes":""},"categories":[269],"tags":[7223,51734,299,298,168,25,24,832,8471,5095,3041,23,167],"class_list":["post-744632","post","type-post","status-publish","format-standard","has-post-thumbnail","category-baloncesto","tag-as","tag-as-monaco","tag-baloncesto","tag-basketball","tag-deportes","tag-es","tag-espana","tag-eurocup","tag-fuera","tag-monaco","tag-queda","tag-spain","tag-sports"],"share_on_mastodon":{"url":"https:\/\/pubeurope.com\/@es\/117203542291971241","error":""},"_links":{"self":[{"href":"https:\/\/www.europesays.com\/es\/wp-json\/wp\/v2\/posts\/744632","targetHints":{"allow":["GET"]}}],"collection":[{"href":"https:\/\/www.europesays.com\/es\/wp-json\/wp\/v2\/posts"}],"about":[{"href":"https:\/\/www.europesays.com\/es\/wp-json\/wp\/v2\/types\/post"}],"author":[{"embeddable":true,"href":"https:\/\/www.europesays.com\/es\/wp-json\/wp\/v2\/users\/2"}],"replies":[{"embeddable":true,"href":"https:\/\/www.europesays.com\/es\/wp-json\/wp\/v2\/comments?post=744632"}],"version-history":[{"count":0,"href":"https:\/\/www.europesays.com\/es\/wp-json\/wp\/v2\/posts\/744632\/revisions"}],"wp:featuredmedia":[{"embeddable":true,"href":"https:\/\/www.europesays.com\/es\/wp-json\/wp\/v2\/media\/744633"}],"wp:attachment":[{"href":"https:\/\/www.europesays.com\/es\/wp-json\/wp\/v2\/media?parent=744632"}],"wp:term":[{"taxonomy":"category","embeddable":true,"href":"https:\/\/www.europesays.com\/es\/wp-json\/wp\/v2\/categories?post=744632"},{"taxonomy":"post_tag","embeddable":true,"href":"https:\/\/www.europesays.com\/es\/wp-json\/wp\/v2\/tags?post=744632"}],"curies":[{"name":"wp","href":"https:\/\/api.w.org\/{rel}","templated":true}]}}