{"id":744636,"date":"2026-09-02T21:25:24","date_gmt":"2026-09-02T21:25:24","guid":{"rendered":"https:\/\/www.europesays.com\/es\/744636\/"},"modified":"2026-09-02T21:25:24","modified_gmt":"2026-09-02T21:25:24","slug":"primeras-imagenes-de-reina-roja-2-la-esperada-serie-de-gomez-jurado-con-malaga-como-protagonista","status":"publish","type":"post","link":"https:\/\/www.europesays.com\/es\/744636\/","title":{"rendered":"Primeras im\u00e1genes de &#8216;Reina Roja 2&#8217;, la esperada serie de G\u00f3mez-Jurado con M\u00e1laga como protagonista"},"content":{"rendered":"<p style=\"\">Hab\u00eda curiosidad por ver las primeras im\u00e1genes de <a href=\"https:\/\/www.diariosur.es\/culturas\/tv\/antonia-scott-deja-ver-fuengirola-serie-amazon-20241104191054-nt.html\" target=\"_self\" data-voc-vtm-id=\"in-text-traffic\" data-mrf-link=\"www.diariosur.es\" rel=\"nofollow noopener\">&#8216;Reina Roja 2: Loba negra&#8217;<\/a> y ya est\u00e1n aqu\u00ed. Amazon Prime Video se ha hecho de  &#8230; rogar con esta segunda entrega que ha alargado dos a\u00f1os su producci\u00f3n desde su rodaje, aunque el estreno de la nueva temporada ya est\u00e1 cerca, el pr\u00f3ximo 2 de octubre, y la plataforma calienta la audiencia con el lanzamiento este mi\u00e9rcoles de su tr\u00e1iler, en el que ya es posible ver algunas de las escenas rodadas en la Costa del Sol. La provincia es la gran escenario protagonista de la nueva entrega que adapta la popular saga de Juan G\u00f3mez-Jurado y su presencia se har\u00e1 notar tambi\u00e9n en su estreno. As\u00ed,  la serie sobre la investigadora superdotada Antonia Scott (interpretada por Vicky Luengo) ser\u00e1 uno de los atractivos de la segunda edici\u00f3n de <a href=\"https:\/\/www.diariosur.es\/culturas\/comic-con\/secuela-serie-reina-roja-rodada-malaga-estrena-sandigeo-comic-con-20260825185238-nt.html\" target=\"_self\" data-voc-vtm-id=\"in-text-traffic\" data-mrf-link=\"www.diariosur.es\" rel=\"nofollow noopener\">San Diego Comic-Con M\u00e1laga, donde desvelar\u00e1 los detalles de la filmaci\u00f3n<\/a> y del argumento el pr\u00f3ximo 1 de octubre, un d\u00eda antes de su llegada a la plataforma.<\/p>\n<p class=\"v-d-p\" style=\"\"> Las localizaciones de M\u00e1laga, Marbella y, particularmente, <a href=\"https:\/\/www.diariosur.es\/culturas\/tv\/antonia-scott-deja-ver-fuengirola-serie-amazon-20241104191054-nt.html\" target=\"_self\" data-voc-vtm-id=\"in-text-traffic\" data-mrf-link=\"www.diariosur.es\" rel=\"nofollow noopener\">Fuengirola<\/a> salpican el tr\u00e1iler de la nueva entrega de este &#8216;thriller&#8217; en el que Scott y su escudero, Jon Guti\u00e9rrez (Hovik Keuchkerian), un polic\u00eda gay con car\u00e1cter, deber\u00e1n resolver un crimen relacionado con la mafia rusa en la Costa del Sol. El caso les lleva a la desaparici\u00f3n de Lola Moreno, la esposa de un capo que huye de su marido. La pareja trata as\u00ed de dar con la mujer antes de que lo haga Loba Negra, el nombre con el que se conoce a una implacable asesina a sueldo cuya misi\u00f3n es eliminar a la huida y a cualquiera que se lo impida. La criminal pondr\u00e1 a prueba la inteligencia de Antonia, a la par que otras Reinas Rojas del resto de Europa son liquidadas, una diana que tambi\u00e9n amenaza a la extra\u00f1a pareja formada por Scott y Guti\u00e9rrez.<\/p>\n<ul class=\"v-cmp-rld__u\">\n<li class=\"v-cmp-rld__l\">\n<p><a class=\"v-a-lnk\" href=\"http:\/\/www.diariosur.es\/culturas\/comic-con\/secuela-serie-reina-roja-rodada-malaga-estrena-sandigeo-comic-con-20260825185238-nt.html#vtm_modulosEngag=noticiasrelacionadas-cmp-uno:noticias:noticia:1\" data-voc-vtm-id=\"in-text-traffic\" rel=\"nofollow noopener\" target=\"_blank\"><br \/>\n<img decoding=\"async\" loading=\"lazy\" src=\"https:\/\/www.europesays.com\/es\/wp-content\/uploads\/2026\/09\/reinaroja_fuengirola-U48754005602sjw-366x256@Diario Sur.jpg\" class=\"v-a-img\" width=\"258\" height=\"180\" alt=\"La secuela de la serie 'Reina roja', rodada en M\u00e1laga, se estrenar\u00e1 en San Diego Comic-Con\"\/><br \/>\n<\/a><\/p>\n<\/li>\n<\/ul>\n<p class=\"v-d-p\" style=\"\">El estreno llega en un momento particularmente dulce para la protagonista, Vicky Luengo, que acaba de estrenar en gran pantalla la \u00faltima pel\u00edcula de Rodrigo Sorogoyen, &#8216;El ser querido&#8217;, en la que comparte un duelo interpretativo con Javier Bardem que ya apunta a las nominaciones a la pr\u00f3xima edici\u00f3n de los Goya. En &#8216;Reina Roja 2&#8217;, la protagonista de &#8216;Antidisturbios&#8217; y &#8216;Amarga Navidad&#8217; tiene la r\u00e9plica de Keuchkerian (&#8216;La casa de papel&#8217;), quienes en esta segunda temporada tambi\u00e9n ponen en escena un distanciamiento de la pareja de investigadores por mutuas desconfianzas y secretos. <\/p>\n<p class=\"v-a-t\">\nLas escenas de acci\u00f3n se suceden en los escenarios de la Costa del Sol, donde tambi\u00e9n planean la corrupci\u00f3n y las mafias dedicadas al tr\u00e1fico de drogas\n<\/p>\n<p class=\"v-d-p\" style=\"\">Las escenas de acci\u00f3n se suceden en los escenarios de la Costa del Sol, donde tambi\u00e9n planean la corrupci\u00f3n y los efectos de las mafias dedicadas al tr\u00e1fico de drogas. Dirigida de nuevo por Koldo Serra, &#8216;Loba negra&#8217; tratar\u00e1 de reeditar el \u00e9xito de la primera temporada que se convirti\u00f3 en la serie espa\u00f1ola m\u00e1s vista en Prime Video. En esta secuela se incorporan al reparto de la serie Adriana Torrebejano (&#8216;Machos Alfa&#8217;), en el papel de la mujer fugitiva del mafioso ruso, y Silvia Abascal (&#8216;Montecristo&#8217;), que da vida a una veterana polic\u00eda, adem\u00e1s de Mauricio Morales (&#8216;Vestidas de azul&#8217;), Beka Lemonjava (&#8216;Sin huellas&#8217;), Javiera Sky (&#8216;El despertar&#8217;) y el villano F\u00e9odor Atkine (&#8216;Ronin&#8217; y &#8216;Tacones lejanos&#8217;).<\/p>\n<p><img decoding=\"async\" loading=\"lazy\" src=\"https:\/\/www.europesays.com\/es\/wp-content\/uploads\/2026\/09\/RRS2_EP1_1.28_17_12_24_JULIACARBALLADA_RR_2474-U85724831832fTH-680x476@Diario Sur.jpg\" class=\"v-a-img\" width=\"680\" height=\"478\" alt=\"Vicky Luengo, en primer t\u00e9rmino, en la escena de un crimen del primer episodio.\" data-voc-vtm-id=\"in-text-traffic\"\/><\/p>\n<p>Vicky Luengo, en primer t\u00e9rmino, en la escena de un crimen del primer episodio.<\/p>\n<p>(Julia Carballada)<\/p>\n<p class=\"v-d-p\" style=\"\">Producida por Dopamine y Focus, la primera entrega de &#8216;Reina Roja&#8217; se gan\u00f3 la continuidad en Amazon despu\u00e9s de que se convirtiera en el estreno m\u00e1s visto de una ficci\u00f3n original espa\u00f1ola de la plataforma en el territorio nacional, adem\u00e1s de entrar en la lista de los 10 t\u00edtulos m\u00e1s vistos en m\u00e1s de 120 mercados, entre ellos Estados Unidos, Reino Unido, Alemania, India, M\u00e9xico y Australia, seg\u00fan los datos de la propia multinacional norteamericana. Parad\u00f3jicamente, la tercera temporada de la saga, &#8216;Rey blanco&#8217;, ya se ha rodado este mismo a\u00f1o, incluso antes de que se estrene la segunda, ya que la posproducci\u00f3n de la secuela se alarg\u00f3 en exceso y no se ha terminado hasta ahora. Entre otras cosas, por la presencia de escenas con trucaje digital.<\/p>\n<p class=\"v-a-t\">\nLa grabaci\u00f3n en M\u00e1laga de la serie tuvo que ser suspendida en noviembre de 2024 por una alerta roja de una dana que provoc\u00f3 lluvias torrenciales\n<\/p>\n<p class=\"v-d-p\" style=\"\">El equipo de Koldo Serra permaneci\u00f3 un mes rodando en la Costa del Sol en noviembre de 2024, con localizaciones desde el Puerto de M\u00e1laga a las villas de lujo de Marbella. La filmaci\u00f3n vivi\u00f3 incluso alguna incidencia que afect\u00f3 de lleno a la agenda de trabajo, ya que <a href=\"https:\/\/www.diariosur.es\/culturas\/amazon-reanuda-rodaje-marbella-serie-reina-roja-20241114123832-nt.html\" target=\"_self\" data-voc-vtm-id=\"in-text-traffic\" data-mrf-link=\"www.diariosur.es\" rel=\"nofollow noopener\">la grabaci\u00f3n tuvo que ser suspendida por la alerta roja de una dana<\/a> que dej\u00f3 lluvias torrenciales en la provincia. Las c\u00e1maras  se hicieron  especialmente visibles en el paseo mar\u00edtimo Rey de Espa\u00f1a de Fuengirola, donde <a href=\"https:\/\/www.diariosur.es\/culturas\/tv\/antonia-scott-deja-ver-fuengirola-serie-amazon-20241104191054-nt.html\" target=\"_self\" data-voc-vtm-id=\"in-text-traffic\" data-mrf-link=\"www.diariosur.es\" rel=\"nofollow noopener\">se dejaron ver tanto Victoria Luengo como Hovik Keuchkerian<\/a>, al frente de algunas escenas de acci\u00f3n con despliegue de coches de polic\u00edas y pistolas. <\/p>\n","protected":false},"excerpt":{"rendered":"Hab\u00eda curiosidad por ver las primeras im\u00e1genes de &#8216;Reina Roja 2: Loba negra&#8217; y ya est\u00e1n aqu\u00ed. Amazon&hellip;\n","protected":false},"author":2,"featured_media":744637,"comment_status":"","ping_status":"","sticky":false,"template":"","format":"standard","meta":{"footnotes":""},"categories":[171],"tags":[146,147,25,24,6994,132104,1641,3855,1640,1440,10717,13644,156,23,214],"class_list":["post-744636","post","type-post","status-publish","format-standard","has-post-thumbnail","category-tv","tag-entertainment","tag-entretenimiento","tag-es","tag-espana","tag-esperada","tag-gomezjurado","tag-imagenes","tag-malaga","tag-primeras","tag-protagonista","tag-reina","tag-roja","tag-serie","tag-spain","tag-tv"],"share_on_mastodon":{"url":"https:\/\/pubeurope.com\/@es\/117203563089335470","error":""},"_links":{"self":[{"href":"https:\/\/www.europesays.com\/es\/wp-json\/wp\/v2\/posts\/744636","targetHints":{"allow":["GET"]}}],"collection":[{"href":"https:\/\/www.europesays.com\/es\/wp-json\/wp\/v2\/posts"}],"about":[{"href":"https:\/\/www.europesays.com\/es\/wp-json\/wp\/v2\/types\/post"}],"author":[{"embeddable":true,"href":"https:\/\/www.europesays.com\/es\/wp-json\/wp\/v2\/users\/2"}],"replies":[{"embeddable":true,"href":"https:\/\/www.europesays.com\/es\/wp-json\/wp\/v2\/comments?post=744636"}],"version-history":[{"count":0,"href":"https:\/\/www.europesays.com\/es\/wp-json\/wp\/v2\/posts\/744636\/revisions"}],"wp:featuredmedia":[{"embeddable":true,"href":"https:\/\/www.europesays.com\/es\/wp-json\/wp\/v2\/media\/744637"}],"wp:attachment":[{"href":"https:\/\/www.europesays.com\/es\/wp-json\/wp\/v2\/media?parent=744636"}],"wp:term":[{"taxonomy":"category","embeddable":true,"href":"https:\/\/www.europesays.com\/es\/wp-json\/wp\/v2\/categories?post=744636"},{"taxonomy":"post_tag","embeddable":true,"href":"https:\/\/www.europesays.com\/es\/wp-json\/wp\/v2\/tags?post=744636"}],"curies":[{"name":"wp","href":"https:\/\/api.w.org\/{rel}","templated":true}]}}